{"id":114815,"date":"2025-09-14T17:14:08","date_gmt":"2025-09-14T17:14:08","guid":{"rendered":"https:\/\/www.europesays.com\/es\/114815\/"},"modified":"2025-09-14T17:14:08","modified_gmt":"2025-09-14T17:14:08","slug":"peru-vs-portugal-3-1-resultado-resumen-por-copa-davis-2025-deporte-total","status":"publish","type":"post","link":"https:\/\/www.europesays.com\/es\/114815\/","title":{"rendered":"Per\u00fa vs. Portugal (3-1): resultado, resumen por Copa Davis 2025 | DEPORTE-TOTAL"},"content":{"rendered":"<p itemprop=\"description\" class=\"story-contents__font-paragraph \">Per\u00fa gan\u00f3 este s\u00e1bado por 3-1 a Portugal la serie del Grupo Mundial I en Lima, que le permite acceder a la fase final para intentar llegar a la \u00e9lite de la Copa Davis en 2026, tras el triunfo de la primera raqueta peruana Ignacio \u2018Nacho\u2019 Buse ante su hom\u00f3logo portugu\u00e9s Nuno Borges en el tercer partido de individuales.<\/p>\n<p itemprop=\"description\" class=\"story-contents__font-paragraph \">El estadio del club Lawn Tennis de la Exposici\u00f3n estall\u00f3 en algarab\u00eda cuando Buse (112 ATP) logr\u00f3 el punto definitivo sobre Borges (52 ATP), que concluy\u00f3 con una victoria por 2-1 (3-6, 6-3, 6-2), fue rodeado por todo el equipo y agradeci\u00f3 al p\u00fablico envuelto en una bandera peruana.<\/p>\n<p itemprop=\"description\" class=\"story-contents__font-paragraph \">El tenista de 21 a\u00f1os recuper\u00f3 el punto para su pa\u00eds, dado que en el partido de dobles, en el que hizo pareja con Juan Pablo Varillas, los peruanos cayeron por 2-0 (7-5, 6-3) ante la dupla formada por Francisco Cabral y Borges.<\/p>\n<p><b>\u00bfCu\u00e1ndo juegan Per\u00fa vs. Portugal por Copa Davis?<\/b><\/p>\n<p itemprop=\"description\" class=\"story-contents__font-paragraph \">El segundo d\u00eda del duelo entre Per\u00fa y Portugal ser\u00e1 este s\u00e1bado 13 de septiembre. <\/p>\n<p><b>A qu\u00e9 hora juegan Per\u00fa vs. Portugal <\/b><\/p>\n<p itemprop=\"description\" class=\"story-contents__font-paragraph \"><b>S\u00e1bado 13 de septiembre (desde las 2:00 pm)<\/b><\/p>\n<p itemprop=\"description\" class=\"story-contents__font-paragraph \">&#8211; Varillas y Buse (Per\u00fa) vs. Cabral y Borges (Portugal )<\/p>\n<p itemprop=\"description\" class=\"story-contents__font-paragraph \">&#8211; Ignacio Buse (Per\u00fa) vs. Nuno Borges (Portugal )<\/p>\n<p itemprop=\"description\" class=\"story-contents__font-paragraph \">&#8211; Gonzalo Bueno (Per\u00fa) vs. Jaime Faria (Portugal )<\/p>\n<p><b>\u00bfD\u00f3nde ver Per\u00fa vs. Portugal por Copa Davis?<\/b><\/p>\n<p itemprop=\"description\" class=\"story-contents__font-paragraph \">El duelo entre Per\u00fa y Portugal por el Grupo Mundial I de la Copa Davis 2025 ser\u00e1 transmitido por TV Per\u00fa (Canal 7) en todo el territorio nacional.<\/p>\n","protected":false},"excerpt":{"rendered":"Per\u00fa gan\u00f3 este s\u00e1bado por 3-1 a Portugal la serie del Grupo Mundial I en Lima, que le&hellip;\n","protected":false},"author":2,"featured_media":114816,"comment_status":"","ping_status":"","sticky":false,"template":"","format":"standard","meta":{"footnotes":""},"categories":[274],"tags":[38296,38299,38300,38298,38297,38309,38293,168,38308,38307,38305,38306,38304,25,24,38295,38294,38312,38292,38310,38302,38303,38301,23,167,327,326,38311],"class_list":{"0":"post-114815","1":"post","2":"type-post","3":"status-publish","4":"format-standard","5":"has-post-thumbnail","7":"category-tenis","8":"tag-canal-peru-vs-portugal","9":"tag-canal-que-pasa-peru-vs-portugal","10":"tag-canal-que-televisa-peru-vs-portugal","11":"tag-canal-que-transmite-peru-vs-portugal","12":"tag-canal-tv-peru-vs-portugal","13":"tag-como-ver-peru-vs-portugal","14":"tag-copa-davis-2025","15":"tag-deportes","16":"tag-donde-ver-peru-vs-portugal","17":"tag-en-donde-ver-peru-vs-portugal","18":"tag-en-que-canal-pasan-peru-vs-portugal","19":"tag-en-que-canal-televisan-peru-vs-portugal","20":"tag-en-que-canal-transmiten-peru-vs-portugal","21":"tag-es","22":"tag-espana","23":"tag-hora-peru-vs-portugal","24":"tag-horario-peru-vs-portugal","25":"tag-mirar-peru-vs-portugal","26":"tag-peru-vs-portugal","27":"tag-peru-vs-portugal-en-vivo","28":"tag-que-canal-pasa-peru-vs-portugal","29":"tag-que-canal-televisa-peru-vs-portugal","30":"tag-que-canal-transmite-peru-vs-portugal","31":"tag-spain","32":"tag-sports","33":"tag-tenis","34":"tag-tennis","35":"tag-ver-peru-vs-portugal"},"share_on_mastodon":{"url":"","error":""},"_links":{"self":[{"href":"https:\/\/www.europesays.com\/es\/wp-json\/wp\/v2\/posts\/114815","targetHints":{"allow":["GET"]}}],"collection":[{"href":"https:\/\/www.europesays.com\/es\/wp-json\/wp\/v2\/posts"}],"about":[{"href":"https:\/\/www.europesays.com\/es\/wp-json\/wp\/v2\/types\/post"}],"author":[{"embeddable":true,"href":"https:\/\/www.europesays.com\/es\/wp-json\/wp\/v2\/users\/2"}],"replies":[{"embeddable":true,"href":"https:\/\/www.europesays.com\/es\/wp-json\/wp\/v2\/comments?post=114815"}],"version-history":[{"count":0,"href":"https:\/\/www.europesays.com\/es\/wp-json\/wp\/v2\/posts\/114815\/revisions"}],"wp:featuredmedia":[{"embeddable":true,"href":"https:\/\/www.europesays.com\/es\/wp-json\/wp\/v2\/media\/114816"}],"wp:attachment":[{"href":"https:\/\/www.europesays.com\/es\/wp-json\/wp\/v2\/media?parent=114815"}],"wp:term":[{"taxonomy":"category","embeddable":true,"href":"https:\/\/www.europesays.com\/es\/wp-json\/wp\/v2\/categories?post=114815"},{"taxonomy":"post_tag","embeddable":true,"href":"https:\/\/www.europesays.com\/es\/wp-json\/wp\/v2\/tags?post=114815"}],"curies":[{"name":"wp","href":"https:\/\/api.w.org\/{rel}","templated":true}]}}