{"id":114817,"date":"2025-09-14T17:15:07","date_gmt":"2025-09-14T17:15:07","guid":{"rendered":"https:\/\/www.europesays.com\/es\/114817\/"},"modified":"2025-09-14T17:15:07","modified_gmt":"2025-09-14T17:15:07","slug":"juanpe-lopez-ficha-por-movistar-team-hasta-2027","status":"publish","type":"post","link":"https:\/\/www.europesays.com\/es\/114817\/","title":{"rendered":"Juanpe L\u00f3pez ficha por Movistar Team hasta 2027"},"content":{"rendered":"<p class=\"news_body-excerpt\">El ciclista sevillano refuerza al conjunto telef\u00f3nico con un contrato de dos temporadas.<\/p>\n<p><img fetchpriority=\"high\" decoding=\"async\" width=\"736\" height=\"920\" src=\"https:\/\/www.europesays.com\/es\/wp-content\/uploads\/2025\/09\/FICHAJE-JUANPE-FINAL-1-736x920.jpg\" alt=\"\" class=\"wp-image-145267\" style=\"width:736px;height:auto\"  \/><\/p>\n<p>Movistar Team anuncia la incorporaci\u00f3n de\u00a0<strong>Juan Pedro \u201cJuanpe\u201d L\u00f3pez<\/strong>\u00a0(Lebrija, 1997), que vestir\u00e1 los colores del conjunto telef\u00f3nico hasta la temporada\u00a0<strong>2027<\/strong>.<\/p>\n<p>L\u00f3pez ha mostrado su satisfacci\u00f3n tras confirmarse la firma:<\/p>\n<p>\u201c<strong>Es un orgullo fichar por un equipo con los valores de Movistar Team, un conjunto de casa despu\u00e9s de mi andadura de seis a\u00f1os fuera de Espa\u00f1a. Llega un momento en el que los cambios te pueden traer algo bueno y el movimiento al equipo de casa es una ambici\u00f3n multiplicada por dos.<\/strong>\u201d<\/p>\n<p>Sobre lo que significa este paso en su carrera, el ciclista lebrijano a\u00f1ade:<\/p>\n<p>\u201c<strong>Dar este paso es una gran oportunidad para m\u00ed, quiero aportar al equipo la experiencia que tengo y todav\u00eda me quedan unos a\u00f1os para dar el 100% de m\u00ed y dar lo mejor para el conjunto. Aprender de los compa\u00f1eros y aportar la experiencia y, sobre todo, intentar hacerlo lo mejor que pueda. Creo que es el equipo adaptado a m\u00ed y quiero disfrutarlo al 100%.<\/strong>\u201d<\/p>\n<p>Con su llegada, Movistar Team refuerza su bloque con un corredor experimentado, carism\u00e1tico y con ambici\u00f3n.<\/p>\n","protected":false},"excerpt":{"rendered":"El ciclista sevillano refuerza al conjunto telef\u00f3nico con un contrato de dos temporadas. Movistar Team anuncia la incorporaci\u00f3n&hellip;\n","protected":false},"author":2,"featured_media":114818,"comment_status":"","ping_status":"","sticky":false,"template":"","format":"standard","meta":{"footnotes":""},"categories":[273],"tags":[5168,313,1757,312,168,622,25,24,14861,699,303,8660,3013,23,167,1826,462,11214,5411,14860],"class_list":{"0":"post-114817","1":"post","2":"type-post","3":"status-publish","4":"format-standard","5":"has-post-thumbnail","7":"category-ciclismo","8":"tag-bicicletas","9":"tag-ciclismo","10":"tag-ciclista","11":"tag-cycling","12":"tag-deportes","13":"tag-equipo","14":"tag-es","15":"tag-espana","16":"tag-eusebio-unzue","17":"tag-grande","18":"tag-movistar","19":"tag-movistar-team","20":"tag-mundo","21":"tag-spain","22":"tag-sports","23":"tag-telefonica","24":"tag-tour-de-francia","25":"tag-uci","26":"tag-vuelta-a-espana","27":"tag-world-tour"},"share_on_mastodon":{"url":"","error":""},"_links":{"self":[{"href":"https:\/\/www.europesays.com\/es\/wp-json\/wp\/v2\/posts\/114817","targetHints":{"allow":["GET"]}}],"collection":[{"href":"https:\/\/www.europesays.com\/es\/wp-json\/wp\/v2\/posts"}],"about":[{"href":"https:\/\/www.europesays.com\/es\/wp-json\/wp\/v2\/types\/post"}],"author":[{"embeddable":true,"href":"https:\/\/www.europesays.com\/es\/wp-json\/wp\/v2\/users\/2"}],"replies":[{"embeddable":true,"href":"https:\/\/www.europesays.com\/es\/wp-json\/wp\/v2\/comments?post=114817"}],"version-history":[{"count":0,"href":"https:\/\/www.europesays.com\/es\/wp-json\/wp\/v2\/posts\/114817\/revisions"}],"wp:featuredmedia":[{"embeddable":true,"href":"https:\/\/www.europesays.com\/es\/wp-json\/wp\/v2\/media\/114818"}],"wp:attachment":[{"href":"https:\/\/www.europesays.com\/es\/wp-json\/wp\/v2\/media?parent=114817"}],"wp:term":[{"taxonomy":"category","embeddable":true,"href":"https:\/\/www.europesays.com\/es\/wp-json\/wp\/v2\/categories?post=114817"},{"taxonomy":"post_tag","embeddable":true,"href":"https:\/\/www.europesays.com\/es\/wp-json\/wp\/v2\/tags?post=114817"}],"curies":[{"name":"wp","href":"https:\/\/api.w.org\/{rel}","templated":true}]}}