{"id":114827,"date":"2025-09-14T17:21:12","date_gmt":"2025-09-14T17:21:12","guid":{"rendered":"https:\/\/www.europesays.com\/es\/114827\/"},"modified":"2025-09-14T17:21:12","modified_gmt":"2025-09-14T17:21:12","slug":"la-abuela-de-su-novio-le-regala-un-libro-y-le-deja-una-nota-a-boli-que-es-de-premio-nobel-de-literatura","status":"publish","type":"post","link":"https:\/\/www.europesays.com\/es\/114827\/","title":{"rendered":"La abuela de su novio le regala un libro y le deja una nota a boli que es de Premio Nobel de Literatura"},"content":{"rendered":"<p>Hoy, en historias bonitas de leer, est\u00e1 de la lectora Laura Espi, que ha contado una historia que le ha sucedido con la abuela de su novio, con quien, maravillosamente,<b> ha tenido una gran conexi\u00f3n <a href=\"https:\/\/www.huffingtonpost.es\/virales\/un-premio-nadal-da-respuesta-insuperable-maria-pombo.html\" rel=\"nofollow noopener\" target=\"_blank\">gracias a la literatura<\/a>. <\/b>Le ha regalado un libro\u2014y qu\u00e9 libro\u2014 con una nota que ha arrasado en X (@_lauraespi_).<\/p>\n<p>\u00abLa abuela de mi novio\u2014con quien tengo una gran conexi\u00f3n gracias a la literatura\u2014 me regal\u00f3 hoy, por mi cumplea\u00f1os que fue hace dos semanas,<b> un ejemplar de este libro tan especial para ella<\/b>\u2014y un marcap\u00e1ginas que me hizo de ganchillo\u2014. \u00bfLo hab\u00e9is le\u00eddo?\u00bb, expres\u00f3 en el tuit, que ha acumulado casi un mill\u00f3n de visualizaciones y m\u00e1s de 43.000 &#8216;me gusta&#8217; en menos de 12 horas.<\/p>\n<p>La nota dec\u00eda lo siguiente: \u00abLaura, \u00a1muchas felicidades! <b><a href=\"https:\/\/www.huffingtonpost.es\/virales\/se-sube-tren-chica-lado-el-han-empezado-grandes-historias-amor.html\" rel=\"nofollow noopener\" target=\"_blank\">Deseo que disfrutes de este libro<\/a>, como lo hice yo cuando ten\u00eda m\u00e1s o menos tu edad. <\/b>Te abrazo con mi coraz\u00f3n, preciosa\u00bb. Como remate, el dibujo de una flor.<\/p>\n<p>El libro era uno de los cl\u00e1sicos de la literatura argentina, Boquitas pintadas, de Manuel Puig, que, tal y como narra la sinopsis, la historia sigue a un donju\u00e1n, Juan Carlos Etchepare, cuyo oficio es pasar el tiempo entre tres mujeres, pero que enferma de tuberculosis y, mientras permanece interno, <b>Puig expone las relaciones humanas<\/b> y el valor \u00abde los lazos afectivos frente a los v\u00ednculos establecidos por el deseo\u00bb.<\/p>\n<p>Las reacciones se cuentan por miles y una de las m\u00e1s sonadas ha sido la respuesta de @milagaguirre: <b>\u00abDios, ojal\u00e1 te cases con su nieto, porque si no nos van a romper el coraz\u00f3n a medio pa\u00eds\u00bb<\/b>. Para calmar las aguas de los que han apreciado esta historia, Laura ha dejado claro que llevan seis a\u00f1os, pr\u00e1cticamente desde la adolescencia, y que cruzan los dedos por ello.<\/p>\n<p>\u00abQu\u00e9 belleza, siempre he pensado que las personas que te regalan un libro que para ellos ha sido importante <b>es como un pedacito de su alma<\/b>, un pedacito de ellos en ese momento. Y muchas felicidades\u00bb, ha respondido la usuaria @Daniazult.<\/p>\n","protected":false},"excerpt":{"rendered":"Hoy, en historias bonitas de leer, est\u00e1 de la lectora Laura Espi, que ha contado una historia que&hellip;\n","protected":false},"author":2,"featured_media":114828,"comment_status":"","ping_status":"","sticky":false,"template":"","format":"standard","meta":{"footnotes":""},"categories":[172],"tags":[224,146,147,25,24,225,671,23],"class_list":{"0":"post-114827","1":"post","2":"type-post","3":"status-publish","4":"format-standard","5":"has-post-thumbnail","7":"category-libros","8":"tag-books","9":"tag-entertainment","10":"tag-entretenimiento","11":"tag-es","12":"tag-espana","13":"tag-libros","14":"tag-literatura","15":"tag-spain"},"share_on_mastodon":{"url":"","error":""},"_links":{"self":[{"href":"https:\/\/www.europesays.com\/es\/wp-json\/wp\/v2\/posts\/114827","targetHints":{"allow":["GET"]}}],"collection":[{"href":"https:\/\/www.europesays.com\/es\/wp-json\/wp\/v2\/posts"}],"about":[{"href":"https:\/\/www.europesays.com\/es\/wp-json\/wp\/v2\/types\/post"}],"author":[{"embeddable":true,"href":"https:\/\/www.europesays.com\/es\/wp-json\/wp\/v2\/users\/2"}],"replies":[{"embeddable":true,"href":"https:\/\/www.europesays.com\/es\/wp-json\/wp\/v2\/comments?post=114827"}],"version-history":[{"count":0,"href":"https:\/\/www.europesays.com\/es\/wp-json\/wp\/v2\/posts\/114827\/revisions"}],"wp:featuredmedia":[{"embeddable":true,"href":"https:\/\/www.europesays.com\/es\/wp-json\/wp\/v2\/media\/114828"}],"wp:attachment":[{"href":"https:\/\/www.europesays.com\/es\/wp-json\/wp\/v2\/media?parent=114827"}],"wp:term":[{"taxonomy":"category","embeddable":true,"href":"https:\/\/www.europesays.com\/es\/wp-json\/wp\/v2\/categories?post=114827"},{"taxonomy":"post_tag","embeddable":true,"href":"https:\/\/www.europesays.com\/es\/wp-json\/wp\/v2\/tags?post=114827"}],"curies":[{"name":"wp","href":"https:\/\/api.w.org\/{rel}","templated":true}]}}