{"id":114831,"date":"2025-09-14T17:24:08","date_gmt":"2025-09-14T17:24:08","guid":{"rendered":"https:\/\/www.europesays.com\/es\/114831\/"},"modified":"2025-09-14T17:24:08","modified_gmt":"2025-09-14T17:24:08","slug":"la-veo-demasiado-tecnica-sin-alma","status":"publish","type":"post","link":"https:\/\/www.europesays.com\/es\/114831\/","title":{"rendered":"La veo demasiado t\u00e9cnica, sin alma"},"content":{"rendered":"<p class=\"c-paragraph\">Es considerada como <b>una de las mejores actrices vivas<\/b> y sus 21 nominaciones a los Oscar y las tres estatuillas a sus espaldas lo corroboran. En su filmograf\u00eda se encuentran exitosas obras como\u00a0<b>La decisi\u00f3n de Sophie <\/b>(1982), <b>Los puentes de Madison<\/b> (1995) o <b>El diablo viste de Prada <\/b>(2006). Pero, a pesar de su impecable carrera como actriz, marcada por su t\u00e9cnica y versatilidad para adaptarse a los personajes, <b>no todos comparten esa admiraci\u00f3n<\/b> hacia <b>Meryl Streep<\/b>.<\/p>\n<p class=\"c-paragraph\">La que es considerada la gran dama del cine cl\u00e1sico,\u00a0<b>Katharine Hepburn<\/b>, la actriz con m\u00e1s Oscar de la historia, siempre dej\u00f3 entrever <b>su<\/b>\u00a0<b>desd\u00e9n hacia Streep. <\/b>No solo lo dej\u00f3 claro en vida, sino tambi\u00e9n en conversaciones privadas con <b>su bi\u00f3grafo A. Scott Berg.<\/b><\/p>\n<p class=\"c-paragraph\"><b>\u00abLa veo demasiado t\u00e9cnica, sin alma. Todo est\u00e1 calculado\u00bb,<\/b> expres\u00f3 Katherine Hepburn, declaraciones que aparecen en\u00a0<b>Kate Remembered<\/b>\u00a0(2003). Para ella, <b>el arte de interpretar surg\u00eda del instinto y las entra\u00f1as<\/b>, no de la t\u00e9cnica ni del estudio.<\/p>\n<p class=\"c-paragraph\">En el libro tambi\u00e9n se recoge la imitaci\u00f3n que la int\u00e9rprete de La reina de \u00c1frica (1951) hac\u00eda de su compa\u00f1era de profesi\u00f3n. \u00ab\u00a1Clic, clic, clic!\u00bb, dec\u00eda Hepburn, refiri\u00e9ndose a <b>\u00ablos engranajes que giraban dentro de la cabeza de Streep\u00bb.\u00a0<\/b><\/p>\n<p class=\"c-paragraph\">La diferencia en las visiones y posturas de las actrices pudo deberse a la <b>diferencia generacional<\/b>. Mientras que Hepburn destac\u00f3 en una \u00e9poca en la que <b>se entend\u00eda la actuaci\u00f3n como una cuesti\u00f3n de car\u00e1cter y presencia<\/b>, Streep vivi\u00f3 una era en la que primaban los acentos perfectos, las transformaciones f\u00edsicas y la documentaci\u00f3n extrema, contando con <b>un enfoque m\u00e1s met\u00f3dico que la anterior.\u00a0<\/b><\/p>\n<p class=\"c-paragraph\">En 2004, Meryl Streep mencion\u00f3 a Hepburn en su discurso al recibir el <b>Premio a la Trayectoria del\u00a0<\/b><b>American Film Institute<\/b>. \u00abMe siento como si me hubiera colado delante de Lucille Ball, Audrey Hepburn y Katharine Hepburn. \u00bfHola? \u00bfC\u00f3mo ha pasado esto?\u00bb, confes\u00f3 la int\u00e9rprete.\u00a0<\/p>\n","protected":false},"excerpt":{"rendered":"Es considerada como una de las mejores actrices vivas y sus 21 nominaciones a los Oscar y las&hellip;\n","protected":false},"author":2,"featured_media":114832,"comment_status":"","ping_status":"","sticky":false,"template":"","format":"standard","meta":{"footnotes":""},"categories":[169],"tags":[177,37367,146,147,25,24,176,38691,38690,175,1925,3187,23,8736],"class_list":{"0":"post-114831","1":"post","2":"type-post","3":"status-publish","4":"format-standard","5":"has-post-thumbnail","7":"category-cine","8":"tag-cine","9":"tag-controvertida","10":"tag-entertainment","11":"tag-entretenimiento","12":"tag-es","13":"tag-espana","14":"tag-film","15":"tag-hepburn","16":"tag-katharine","17":"tag-movies","18":"tag-opinion","19":"tag-planseo-estilos","20":"tag-spain","21":"tag-tenia"},"share_on_mastodon":{"url":"","error":""},"_links":{"self":[{"href":"https:\/\/www.europesays.com\/es\/wp-json\/wp\/v2\/posts\/114831","targetHints":{"allow":["GET"]}}],"collection":[{"href":"https:\/\/www.europesays.com\/es\/wp-json\/wp\/v2\/posts"}],"about":[{"href":"https:\/\/www.europesays.com\/es\/wp-json\/wp\/v2\/types\/post"}],"author":[{"embeddable":true,"href":"https:\/\/www.europesays.com\/es\/wp-json\/wp\/v2\/users\/2"}],"replies":[{"embeddable":true,"href":"https:\/\/www.europesays.com\/es\/wp-json\/wp\/v2\/comments?post=114831"}],"version-history":[{"count":0,"href":"https:\/\/www.europesays.com\/es\/wp-json\/wp\/v2\/posts\/114831\/revisions"}],"wp:featuredmedia":[{"embeddable":true,"href":"https:\/\/www.europesays.com\/es\/wp-json\/wp\/v2\/media\/114832"}],"wp:attachment":[{"href":"https:\/\/www.europesays.com\/es\/wp-json\/wp\/v2\/media?parent=114831"}],"wp:term":[{"taxonomy":"category","embeddable":true,"href":"https:\/\/www.europesays.com\/es\/wp-json\/wp\/v2\/categories?post=114831"},{"taxonomy":"post_tag","embeddable":true,"href":"https:\/\/www.europesays.com\/es\/wp-json\/wp\/v2\/tags?post=114831"}],"curies":[{"name":"wp","href":"https:\/\/api.w.org\/{rel}","templated":true}]}}