{"id":114837,"date":"2025-09-14T17:27:11","date_gmt":"2025-09-14T17:27:11","guid":{"rendered":"https:\/\/www.europesays.com\/es\/114837\/"},"modified":"2025-09-14T17:27:11","modified_gmt":"2025-09-14T17:27:11","slug":"nerea-rodriguez-ni-confirma-ni-desmiente-su-supuesto-romance-con-miguel-angel-silvestre","status":"publish","type":"post","link":"https:\/\/www.europesays.com\/es\/114837\/","title":{"rendered":"Nerea Rodr\u00edguez ni confirma ni desmiente su supuesto romance con Miguel \u00c1ngel Silvestre"},"content":{"rendered":"<p><img decoding=\"async\" class=\"voc-author__img\" src=\"https:\/\/www.europesays.com\/es\/wp-content\/uploads\/2025\/08\/1755001989_832_autor-7150-foto-1.jpeg\" alt=\"Marina Ortiz Cort\u00e9s\"\/><\/p>\n<p>14\/09\/2025<br \/>\n<br \/><strong><br \/>\nActualizado a las 18:35h.<br \/>\n<\/strong><\/p>\n<p class=\"voc-p\" style=\"\">El supuesto romance entre <a href=\"https:\/\/www.abc.es\/gente\/miguel-angel-silvestre-nerea-rodriguez-nuevo-romance-20250911103035-nt.html\" target=\"_self\" data-voc-vtm-id=\"in-text-traffic\" title=\"Miguel \u00c1ngel Silvestre y Nerea Rodr\u00edguez\" data-mrf-link=\"www.abc.es\" rel=\"nofollow noopener\">Miguel \u00c1ngel Silvestre y Nerea Rodr\u00edguez<\/a> se ha convertido en la noticia sorpresa del final del verano. El actor de 43 a\u00f1os y la cantante de 26 fueron fueron pillados juntos, bes\u00e1ndose, en Ibiza, tal y como desvelaban <strong>Laura Fa y Lorena V\u00e1zquez<\/strong> en el programa &#8216;Mamarazzis&#8217;. No hay im\u00e1genes, pero todo el mundo se ha hecho eco de la informaci\u00f3n, sobre todo despu\u00e9s de que el int\u00e9rprete <a href=\"https:\/\/www.abc.es\/gente\/miguel-angel-silvestre-rebeca-toribio-confirman-separacion-20250605165423-nt.html\" target=\"_self\" data-voc-vtm-id=\"in-text-traffic\" title=\"rompiera a principio de verano\" data-mrf-link=\"www.abc.es\" rel=\"nofollow noopener\">rompiera a principio de verano<\/a> con la que era su pareja, <strong>Rebeca Toribio,<\/strong> desde hac\u00eda algo m\u00e1s de un a\u00f1o. <\/p>\n<p class=\"voc-p\" style=\"\">Por lo tanto, con el estreno de &#8216;<a href=\"https:\/\/www.abc.es\/gente\/patry-jordan-sobre-paso-bailando-estrellas-gano-20250611151009-nt.html\" target=\"_self\" data-voc-vtm-id=\"in-text-traffic\" title=\"Bailando con las estrellas\" data-mrf-link=\"www.abc.es\" rel=\"nofollow noopener\">Bailando con las estrellas<\/a>&#8216; en el que participaba la extriunfita, Jes\u00fas V\u00e1zquez no ha podido evitar preguntar. \u00abTenemos que hablar de Ibiza\u00bb, le dec\u00eda a Nerea despu\u00e9s de su baile. Interpret\u00f3 &#8216;La reina&#8217; de <strong>su excompa\u00f1era Lola \u00cdndigo<\/strong> junto a su maestro de baile Gen\u00eds Betrian, y lo hizo con mucho talento, incluso para superar un peque\u00f1o contratiempo puesto que la corona se le enganch\u00f3 en el pelo y no pod\u00eda quit\u00e1rsela. Sin embargo, consigui\u00f3 superar el incidente demostrando que tiene <strong>muchas tablas<\/strong> en el escenario, y al terminar el p\u00fablico estall\u00f3 en aplausos.<\/p>\n<p class=\"voc-p\" style=\"\">El presentador ya le hab\u00eda adelantado que le har\u00eda la pregunta, pero esper\u00f3 a que terminara el espect\u00e1culo para preguntar por<strong> lo ocurrido con Miguel \u00c1ngel Silvestre<\/strong>. Sobre todo porque hasta Valeria Mazza ten\u00eda algo que comentar al respecto diciendo: \u00abYo te envidio querida, te lo digo as\u00ed te envidio\u00bb.<\/p>\n<p class=\"voc-p\" style=\"\">Sin embargo, Nerea no quiso soltar prenda y esquiv\u00f3 la pregunta con maestr\u00eda. \u00abYo te cuento, yo a este programa he venido a bailar y a trabajar y <strong>como dicen a hablar de mi libro<\/strong>, a hablar de mi arte y de mi baile\u00bb, reivindicaba la joven artista. A\u00fan as\u00ed, Jes\u00fas V\u00e1zquez insist\u00eda. \u00abT\u00fa sabes que en todos los programas desde hace unos d\u00edas solo se habla de Nerea y Miguel \u00c1ngel Silvestre\u00bb, dec\u00eda el presentador, nombrando directamente al actor. <\/p>\n<p><img decoding=\"async\" loading=\"lazy\" src=\"https:\/\/www.europesays.com\/es\/wp-content\/uploads\/2025\/09\/nerea-y-genis-bailando-estrellas-U36260804588gzG-760x427@diario_abc.jpg\" class=\"voc-img\" width=\"760\" height=\"427\" alt=\"Nerea y Gen\u00eds\" data-voc-vtm-id=\"in-text-traffic\"\/><\/p>\n<p>Nerea y Gen\u00eds<\/p>\n<p>MEDIASET<\/p>\n<p class=\"voc-p\" style=\"\">Pero Nerea se manten\u00eda en sus trece e incluso ironizaba con la situaci\u00f3n: \u00ab\u00a1Qu\u00e9 suerte que se hable de m\u00ed, eso <strong>significa que soy importante<\/strong>!\u00bb. \u00abA m\u00ed me encanta que le hagan publicidad al programa porque as\u00ed la gente nos ver\u00e1 m\u00e1s, me parece maravilloso\u00bb, insist\u00eda.<\/p>\n<p class=\"voc-p\" style=\"\">Pero Jes\u00fas V\u00e1zquez no se rend\u00eda y volv\u00eda a la carga una tercera vez. \u00ab\u00bfPero no me vas a decir nada?\u00bb, comentaba. \u00ab\u00bfYo qu\u00e9 te voy a decir? Que <strong>aqu\u00ed estoy encantada<\/strong>\u00bb, finalizaba Nerea sin dar pie a m\u00e1s r\u00e9plica por parte del presentador.<\/p>\n<p>Reportar un error<\/p>\n","protected":false},"excerpt":{"rendered":"14\/09\/2025 Actualizado a las 18:35h. El supuesto romance entre Miguel \u00c1ngel Silvestre y Nerea Rodr\u00edguez se ha convertido&hellip;\n","protected":false},"author":2,"featured_media":114838,"comment_status":"","ping_status":"","sticky":false,"template":"","format":"standard","meta":{"footnotes":""},"categories":[91],"tags":[2594,146,147,25,24,4098,1509,10596,416,2657,38016,57,23,8841],"class_list":{"0":"post-114837","1":"post","2":"type-post","3":"status-publish","4":"format-standard","5":"has-post-thumbnail","7":"category-entretenimiento","8":"tag-angel","9":"tag-entertainment","10":"tag-entretenimiento","11":"tag-es","12":"tag-espana","13":"tag-miguel","14":"tag-nerea","15":"tag-pronuncia","16":"tag-rodriguez","17":"tag-romance","18":"tag-silvestre","19":"tag-sobre","20":"tag-spain","21":"tag-supuesto"},"share_on_mastodon":{"url":"","error":""},"_links":{"self":[{"href":"https:\/\/www.europesays.com\/es\/wp-json\/wp\/v2\/posts\/114837","targetHints":{"allow":["GET"]}}],"collection":[{"href":"https:\/\/www.europesays.com\/es\/wp-json\/wp\/v2\/posts"}],"about":[{"href":"https:\/\/www.europesays.com\/es\/wp-json\/wp\/v2\/types\/post"}],"author":[{"embeddable":true,"href":"https:\/\/www.europesays.com\/es\/wp-json\/wp\/v2\/users\/2"}],"replies":[{"embeddable":true,"href":"https:\/\/www.europesays.com\/es\/wp-json\/wp\/v2\/comments?post=114837"}],"version-history":[{"count":0,"href":"https:\/\/www.europesays.com\/es\/wp-json\/wp\/v2\/posts\/114837\/revisions"}],"wp:featuredmedia":[{"embeddable":true,"href":"https:\/\/www.europesays.com\/es\/wp-json\/wp\/v2\/media\/114838"}],"wp:attachment":[{"href":"https:\/\/www.europesays.com\/es\/wp-json\/wp\/v2\/media?parent=114837"}],"wp:term":[{"taxonomy":"category","embeddable":true,"href":"https:\/\/www.europesays.com\/es\/wp-json\/wp\/v2\/categories?post=114837"},{"taxonomy":"post_tag","embeddable":true,"href":"https:\/\/www.europesays.com\/es\/wp-json\/wp\/v2\/tags?post=114837"}],"curies":[{"name":"wp","href":"https:\/\/api.w.org\/{rel}","templated":true}]}}