{"id":114843,"date":"2025-09-14T17:30:08","date_gmt":"2025-09-14T17:30:08","guid":{"rendered":"https:\/\/www.europesays.com\/es\/114843\/"},"modified":"2025-09-14T17:30:08","modified_gmt":"2025-09-14T17:30:08","slug":"el-papa-leon-xiv-aborda-los-conflictos-en-ucrania-y-gaza-en-su-primera-entrevista-como-pontifice-internacional","status":"publish","type":"post","link":"https:\/\/www.europesays.com\/es\/114843\/","title":{"rendered":"El Papa Le\u00f3n XIV aborda los conflictos en Ucrania y Gaza en su primera entrevista como pont\u00edfice | Internacional"},"content":{"rendered":"<p class=\"loc\">Madrid<\/p>\n<p>El Papa Le\u00f3n XIV ha abordado temas como la guerra en Ucrania o el conflicto en Gaza en su primera entrevista como pont\u00edfice. La entrevista ha sido concedida a El Comercio de Per\u00fa y Crux con motivo de su 70 cumplea\u00f1os, aunque ser\u00e1 publicada de forma completa el pr\u00f3ximo 18 de septiembre en un libro titulado Le\u00f3n XIV: ciudadano del mundo, misionero del siglo XXI.<\/p>\n<p>Al ser preguntado sobre el conflicto en Ucrania, el pont\u00edfice ha insistido en que la paz es la \u00fanica respuesta a la matanza de personas \u00aba la matanza de personas despu\u00e9s de estos a\u00f1os en ambos lados, en ese conflicto en particular, pero tambi\u00e9n en otros conflictos\u00bb. Adem\u00e1s, ha afirmado que es urgente que se ejerza presi\u00f3n para que las partes beligerantes decidan cesar las hostilidades.<\/p>\n<p>Le\u00f3n XIV ha abogado tambi\u00e9n por el di\u00e1logo, promovido por actores internacionales, como v\u00eda para reducir la polarizaci\u00f3n que impera en la actualidad. <\/p>\n<p>\u00abEn teor\u00eda las Naciones Unidas deber\u00edan ser el lugar donde se afronten muchas de estas cuestiones. Desgraciadamente, parece generalmente reconocido que las Naciones Unidas, al menos en estos momentos, han perdido su capacidad de reunir a la gente en torno a cuestiones multilaterales\u00bb, ha lamentado.<\/p>\n<p>Preocupaci\u00f3n por las crecientes desigualdades sociales<\/p>\n<p>Otro de los temas tratados durante la entrevista ha sido la creciente brecha entre las clases trabajadoras y las grandes fortunas. El pont\u00edfice ha mostrado su preocupaci\u00f3n por este asunto.<\/p>\n<p>\u00abLos directores ejecutivos que hace sesenta a\u00f1os quiz\u00e1 habr\u00edan ganado de cuatro a seis veces m\u00e1s que los obreros de las f\u00e1bricas, seg\u00fan las \u00faltimas cifras que he visto ganan 6.600 veces m\u00e1s que un trabajador medio\u00bb, ha expresado el Papa. <\/p>\n<p>En este sentido, tambi\u00e9n explica que ha le\u00eddo la noticia de que Elon Musk \u00abser\u00e1 el primer trillonario del mundo\u00bb: \u00ab\u00bfQu\u00e9 significa esto y de qu\u00e9 estamos hablando? Si esto es ahora lo \u00fanico que tiene valor, entonces estamos en un gran problema\u00bb.<\/p>\n<p>No obstante, la entrevista tambi\u00e9n ha tratado temas m\u00e1s ligeros como su experiencia durante estos primeros meses como Papa o la Copa del Mundo. Le\u00f3n XIV ha explicado que est\u00e1 \u00abaprendiendo mucho\u00bb en su nueva etapa como pont\u00edfice.<\/p>\n<p>Adem\u00e1s, ha se\u00f1alado que se siente muy orgulloso de ser ciudadano estadounidense, aunque siempre tiene a Per\u00fa presente. Por eso, al ser preguntado por la Copa del Mundo que se disputar\u00e1 en 2026, donde la selecci\u00f3n de Estados Unidos jugar\u00e1 contra la de Per\u00fa, ha confesado que \u00abprobablemente\u00bb anime a Per\u00fa \u00abpor los lazos afectivos\u00bb. Aun as\u00ed, ha asegurado que tambi\u00e9n es \u00abun gran aficionado\u00bb de Italia.<\/p>\n","protected":false},"excerpt":{"rendered":"Madrid El Papa Le\u00f3n XIV ha abordado temas como la guerra en Ucrania o el conflicto en Gaza&hellip;\n","protected":false},"author":2,"featured_media":114844,"comment_status":"","ping_status":"","sticky":false,"template":"","format":"standard","meta":{"footnotes":""},"categories":[42],"tags":[35347,17,18,38694,12355,14000,13,14,11,61,62,63,64,19,20,9,10,15,16,38695,12356,38696,5603,38697,12,21,22,65,66,67],"class_list":{"0":"post-114843","1":"post","2":"type-post","3":"status-publish","4":"format-standard","5":"has-post-thumbnail","7":"category-internacional","8":"tag-angelus","9":"tag-breaking-news","10":"tag-breakingnews","11":"tag-catholicism","12":"tag-christianity","13":"tag-faith","14":"tag-featured-news","15":"tag-featurednews","16":"tag-headlines","17":"tag-internacional","18":"tag-international","19":"tag-international-news","20":"tag-internationalnews","21":"tag-latest-news","22":"tag-latestnews","23":"tag-news","24":"tag-noticias","25":"tag-noticias-destacadas","26":"tag-noticiasdestacadas","27":"tag-pontiff","28":"tag-pope","29":"tag-prayer","30":"tag-religion","31":"tag-sunday","32":"tag-titulares","33":"tag-ultimas-noticias","34":"tag-ultimasnoticias","35":"tag-world","36":"tag-world-news","37":"tag-worldnews"},"share_on_mastodon":{"url":"","error":""},"_links":{"self":[{"href":"https:\/\/www.europesays.com\/es\/wp-json\/wp\/v2\/posts\/114843","targetHints":{"allow":["GET"]}}],"collection":[{"href":"https:\/\/www.europesays.com\/es\/wp-json\/wp\/v2\/posts"}],"about":[{"href":"https:\/\/www.europesays.com\/es\/wp-json\/wp\/v2\/types\/post"}],"author":[{"embeddable":true,"href":"https:\/\/www.europesays.com\/es\/wp-json\/wp\/v2\/users\/2"}],"replies":[{"embeddable":true,"href":"https:\/\/www.europesays.com\/es\/wp-json\/wp\/v2\/comments?post=114843"}],"version-history":[{"count":0,"href":"https:\/\/www.europesays.com\/es\/wp-json\/wp\/v2\/posts\/114843\/revisions"}],"wp:featuredmedia":[{"embeddable":true,"href":"https:\/\/www.europesays.com\/es\/wp-json\/wp\/v2\/media\/114844"}],"wp:attachment":[{"href":"https:\/\/www.europesays.com\/es\/wp-json\/wp\/v2\/media?parent=114843"}],"wp:term":[{"taxonomy":"category","embeddable":true,"href":"https:\/\/www.europesays.com\/es\/wp-json\/wp\/v2\/categories?post=114843"},{"taxonomy":"post_tag","embeddable":true,"href":"https:\/\/www.europesays.com\/es\/wp-json\/wp\/v2\/tags?post=114843"}],"curies":[{"name":"wp","href":"https:\/\/api.w.org\/{rel}","templated":true}]}}