{"id":114849,"date":"2025-09-14T17:37:12","date_gmt":"2025-09-14T17:37:12","guid":{"rendered":"https:\/\/www.europesays.com\/es\/114849\/"},"modified":"2025-09-14T17:37:12","modified_gmt":"2025-09-14T17:37:12","slug":"nico-santos-gana-el-torneo-del-albarino-2025-sub16-de-tenis","status":"publish","type":"post","link":"https:\/\/www.europesays.com\/es\/114849\/","title":{"rendered":"Nico Santos gana el Torneo del Albari\u00f1o 2025 Sub16 de Tenis"},"content":{"rendered":"<p>\t\t\t\t&#13;<\/p>\n<p style=\"text-align: justify;\"><strong>Carriola<\/strong>.\u00a0 Redacci\u00f3n. 13.09.2025<\/p>\n<p>&#13;<\/p>\n<p style=\"text-align: justify;\"><strong>El jugador marinense super\u00f3 a su rival Lois Falc\u00f3n en las instalaciones de O Pombal de Cambados para alzarse con la victoria en un torneo en el que ya fue finalista en la edici\u00f3n de 2024<\/strong><\/p>\n<p>&#13;<\/p>\n<p style=\"text-align: justify;\">Nicol\u00e1s Santos Ucha, jugador del Club de Tenis Mar\u00edn, se hizo en la tarde de este s\u00e1bado con el t\u00edtulo de campe\u00f3n en la categor\u00eda sub-16 del torneo del Albari\u00f1o 2025 celebrado desde principios de este mes de Septiembre en el complejo deportivo de O Pombal en Cambados, que incluy\u00f3 las categor\u00edas absoluta, sub-16, sub-12 y veteranos, todas ellas en la modalidad masculina y femenina. El joven tenista marinense consigui\u00f3 el t\u00edtulo tras vencer a su rival Lois Falc\u00f3n en la tarde de este s\u00e1bado y tras superar dos eliminatorias anteriores en las que gan\u00f3 sin ceder un solo set ante sus contrincantes.<\/p>\n<p>&#13;<\/p>\n<p><img loading=\"lazy\" decoding=\"async\" src=\"https:\/\/www.europesays.com\/es\/wp-content\/uploads\/2025\/09\/1000192504-01.jpeg\" alt=\"\" width=\"800\" height=\"878\"\/><\/p>\n<p>&#13;<br \/>\nNicol\u00e1s (izquierda)\u00a0posa con su rival en la final Lois (derecha), en la entrega de trofeos&#13;<\/p>\n<p style=\"text-align: justify;\">Con quince a\u00f1os de edad reci\u00e9n cumplidos, el marinense participa en el circuito Head Tour de tenis organizado por la Federaci\u00f3n Gallega de este deporte y en la mayor parte de torneos que se celebran en los club de la comunidad\u00a0 aut\u00f3noma gallega.<\/p>\n<p>&#13;<\/p>\n<p style=\"text-align: justify;\"><img decoding=\"async\" src=\"https:\/\/www.europesays.com\/es\/wp-content\/uploads\/2025\/09\/1000192544-01.jpeg\" alt=\"\"\/><\/p>\n<p>&#13;<\/p>\n<p style=\"text-align: justify;\">Inici\u00f3 su andadura en este deporte en la Escuela Deportiva Municipal con el Club de Tenis Mar\u00edn, particip\u00f3 con este club en varias ediciones del Plan Corresponsables de la Xunta de Galicia y en el Plan Xogade. Entrena adem\u00e1s en el Club de Tenis de Pontevedra situado en A Caeira y en las instalaciones del <strong>Colegio SEI San Narciso<\/strong> de Mar\u00edn donde se ha sometido a un intenso programa de tecnificaci\u00f3n este verano para poder mejorar de manera exponencial su juego, en aspectos tanto relacionados con la t\u00e9cnica y precisi\u00f3n de golpeo como con la mejora de su preparaci\u00f3n f\u00edsica.\u00a0<\/p>\n","protected":false},"excerpt":{"rendered":"&#13; Carriola.\u00a0 Redacci\u00f3n. 13.09.2025 &#13; El jugador marinense super\u00f3 a su rival Lois Falc\u00f3n en las instalaciones de&hellip;\n","protected":false},"author":2,"featured_media":114850,"comment_status":"","ping_status":"","sticky":false,"template":"","format":"standard","meta":{"footnotes":""},"categories":[274],"tags":[9432,9434,168,25,24,9436,9435,9433,23,167,327,326],"class_list":{"0":"post-114849","1":"post","2":"type-post","3":"status-publish","4":"format-standard","5":"has-post-thumbnail","7":"category-tenis","8":"tag-carriola","9":"tag-carriola-marin","10":"tag-deportes","11":"tag-es","12":"tag-espana","13":"tag-julio-santos","14":"tag-julio-santos-pena","15":"tag-noticias-marin","16":"tag-spain","17":"tag-sports","18":"tag-tenis","19":"tag-tennis"},"share_on_mastodon":{"url":"","error":""},"_links":{"self":[{"href":"https:\/\/www.europesays.com\/es\/wp-json\/wp\/v2\/posts\/114849","targetHints":{"allow":["GET"]}}],"collection":[{"href":"https:\/\/www.europesays.com\/es\/wp-json\/wp\/v2\/posts"}],"about":[{"href":"https:\/\/www.europesays.com\/es\/wp-json\/wp\/v2\/types\/post"}],"author":[{"embeddable":true,"href":"https:\/\/www.europesays.com\/es\/wp-json\/wp\/v2\/users\/2"}],"replies":[{"embeddable":true,"href":"https:\/\/www.europesays.com\/es\/wp-json\/wp\/v2\/comments?post=114849"}],"version-history":[{"count":0,"href":"https:\/\/www.europesays.com\/es\/wp-json\/wp\/v2\/posts\/114849\/revisions"}],"wp:featuredmedia":[{"embeddable":true,"href":"https:\/\/www.europesays.com\/es\/wp-json\/wp\/v2\/media\/114850"}],"wp:attachment":[{"href":"https:\/\/www.europesays.com\/es\/wp-json\/wp\/v2\/media?parent=114849"}],"wp:term":[{"taxonomy":"category","embeddable":true,"href":"https:\/\/www.europesays.com\/es\/wp-json\/wp\/v2\/categories?post=114849"},{"taxonomy":"post_tag","embeddable":true,"href":"https:\/\/www.europesays.com\/es\/wp-json\/wp\/v2\/tags?post=114849"}],"curies":[{"name":"wp","href":"https:\/\/api.w.org\/{rel}","templated":true}]}}