{"id":114851,"date":"2025-09-14T17:38:11","date_gmt":"2025-09-14T17:38:11","guid":{"rendered":"https:\/\/www.europesays.com\/es\/114851\/"},"modified":"2025-09-14T17:38:11","modified_gmt":"2025-09-14T17:38:11","slug":"termina-una-carrera-en-lo-que-lo-extradeportivo-se-llevo-el-foco","status":"publish","type":"post","link":"https:\/\/www.europesays.com\/es\/114851\/","title":{"rendered":"termina una carrera en lo que lo extradeportivo se llev\u00f3 el foco"},"content":{"rendered":"<p data-mrf-recirculation=\"Links P\u00e1rrafos\" class=\"ue-c-article__paragraph paragraph ue-c-article--first-letter-highlighted\">El dan\u00e9s del<strong> Visma<\/strong> abroch\u00f3 en Madrid su primera victoria en la ronda espa\u00f1ola, sumando as\u00ed su tercera gran vuelta tras los dos Tours de Francia conquistados en 2022 y 2023 y la Vuelta actual. <strong>Solo le falta el Giro de Italia para completar la colecci\u00f3n, una ambici\u00f3n que \u00e9l mismo ya adelant\u00f3 en MARCA<\/strong> que casi seguro afrontar\u00e1 el pr\u00f3ximo a\u00f1o.\u00a0<\/p>\n<p>El corredor de UAE Team se impuso al sprint al de Movistar tras compartir la escapada final durante los kil\u00f3metros finales.<\/p>\n<p data-mrf-recirculation=\"Links P\u00e1rrafos\" class=\"ue-c-article__paragraph paragraph\">Sin embargo, la 80\u00aa edici\u00f3n de la carrera quedar\u00e1 en la memoria colectiva menos por lo puramente deportivo y m\u00e1s por un contexto convulso: protestas constantes, etapas recortadas y un ambiente de tensi\u00f3n que super\u00f3 con creces a la propia batalla en carretera.<\/p>\n<p><img decoding=\"async\" width=\"2999\" height=\"2000\" class=\"ue-c-article__image lazyload\" alt=\"Ayuso, con el equipo Israel.\" loading=\"lazy\" src=\"https:\/\/www.europesays.com\/es\/wp-content\/uploads\/2025\/09\/68c6e192a7df0.jpeg\"\/><\/p>\n<p>Ayuso, con el equipo Israel.<\/p>\n<p data-mrf-recirculation=\"Links P\u00e1rrafos\" class=\"ue-c-article__paragraph paragraph\">Desde la salida en Tur\u00edn hasta la \u00faltima jornada en la capital espa\u00f1ola, la carrera estuvo condicionada por la situaci\u00f3n internacional y la presencia del equipo <strong>Israel Premier Tech, que tuvo que quitarse el nombre de Israel del maillot.\u00a0<\/strong>Colectivos propalestinos aprovecharon el escaparate de LaVuelta para visibilizar su causa, con manifestaciones que llegaron a detener el transcurso de varias etapas. La m\u00e1s significativa fue en Bilbao, donde la neutralizaci\u00f3n parcial del recorrido oblig\u00f3 a improvisar una meta adelantada. Tambi\u00e9n en Cercedilla, durante la pen\u00faltima jornada, hubo cambio de trazado y corte en la carretera, donde los manifestantes intentaron tirar a ciclistas. Para entonces, los pol\u00edticos ya se hab\u00edan sumado a la fiesta mandando mensajes de todo tipo.\u00a0<\/p>\n<p><img decoding=\"async\" width=\"1980\" height=\"1320\" class=\"ue-c-article__image lazyload\" alt=\"Jonas Vingegaard, subiendo a la Bola del Mundo.\" loading=\"lazy\" src=\"https:\/\/www.europesays.com\/es\/wp-content\/uploads\/2025\/09\/17578588830394.jpeg\"\/><\/p>\n<p data-mrf-recirculation=\"Links P\u00e1rrafos\" class=\"ue-c-article__paragraph paragraph\">La imagen de ciclistas teniendo que esquivar sentadas en plena calzada, o la polic\u00eda requisando palos de banderas para salvaguardar la seguridad de los corredores reflejan la tensi\u00f3n vivida durante tres semanas. El dispositivo de seguridad fue el mayor desplegado en la historia reciente de la carrera: blindaje con tanques en accesos estrat\u00e9gicos, caballos de la Polic\u00eda montada y controles de todo tipo. En lo estrictamente deportivo, LaVuelta dej\u00f3 un poso de indudable decepci\u00f3n.\u00a0<\/p>\n<p data-mrf-recirculation=\"Links P\u00e1rrafos\" class=\"ue-c-article__paragraph paragraph\">El cartel inicial ya estaba debilitado por la ausencia de corredores como <strong>Enric Mas, Pogacar o Evenepoel,<\/strong>\u00a0 entre otros, mientras que la condici\u00f3n f\u00edsica de corredores como Ayuso o Landa tampoco estuvo a la altura de lo esperado. El alicantino, llamado a liderar al UAE Team Emirates, se vio rodeado por la pol\u00e9mica interna y termin\u00f3 cediendo protagonismo a un Joao Almeida que sostuvo el honor del equipo. El portugu\u00e9s, s\u00f3lido en la monta\u00f1a y combativo hasta la Bola del Mundo, acab\u00f3 segundo en la general. Eso s\u00ed, Espa\u00f1a sonr\u00edo gracias al doblete de estapas de Ayuso y el de Soler.<\/p>\n<p>El corredor espa\u00f1ol, feliz de su doblete en LaVuelta, lo festeja con este medio en Santander.<\/p>\n<p data-mrf-recirculation=\"Links P\u00e1rrafos\" class=\"ue-c-article__paragraph paragraph\">El propio UAE fue noticia m\u00e1s all\u00e1 de la carretera. Los problemas internos, la gesti\u00f3n de liderazgos afectaron\u00a0 en una Vuelta en la que nunca parecieron tener el control real de la carrera. Frente a ellos, un Vingegaard implacable que eligi\u00f3 los escenarios m\u00e1s duros<strong> \u2014Limone Piamonte, Valdezcaray y la Bola del Mundo\u2014<\/strong> para sentenciar. Cada ataque suyo fue definitivo. Fueron pocos, pero suficientes para llevarse una Vuelta extra\u00f1a.<\/p>\n<p>El dan\u00e9s, al que no le dio para recoger La Roja, se march\u00f3 con facilidad a falta de 10 km<\/p>\n<p data-mrf-recirculation=\"Links P\u00e1rrafos\" class=\"ue-c-article__paragraph paragraph\">El tercer escal\u00f3n del podio fue para <strong>Tom Pidcock<\/strong>, que confirm\u00f3 en Espa\u00f1a lo que ven\u00eda insinuando: que puede ser hombre de grandes vueltas. El brit\u00e1nico de Q36.5, m\u00e1s acostumbrado a brillar en cl\u00e1sicas y terrenos explosivos, resisti\u00f3 con solidez en la alta monta\u00f1a y defendi\u00f3 su puesto entre los mejores hasta el \u00faltimo d\u00eda.<\/p>\n<p><img decoding=\"async\" width=\"1980\" height=\"1320\" class=\"ue-c-article__image lazyload\" alt=\"Pidcock, en una imagen de archivo.\" loading=\"lazy\" src=\"https:\/\/www.europesays.com\/es\/wp-content\/uploads\/2025\/09\/1757871491_755_68c5e713939f7.jpeg\"\/><\/p>\n<p>Pidcock, en una imagen de archivo.<\/p>\n<p data-mrf-recirculation=\"Links P\u00e1rrafos\" class=\"ue-c-article__paragraph paragraph\">As\u00ed, el podio final en Cibeles mostr\u00f3 una foto potente <strong>\u2014Vingegaard, Almeida y Pidcock\u2014<\/strong>, aunque incapaz de borrar la sensaci\u00f3n de que la Vuelta&#8217;25 se vio desbordada por factores externos. El triste desenlace final pasar\u00e1 a la historia como la de los recortes, los sobresaltos y las protestas. Una carrera que, m\u00e1s que por su desenlace deportivo, ser\u00e1 recordada por c\u00f3mo sobrevivi\u00f3 a tres semanas en las que la bicicleta qued\u00f3 en demasiadas ocasiones en segundo plano. <strong>Y el m\u00e9rito de haber resistido es de Javier Guill\u00e9n y todo su equipo.\u00a0<\/strong><\/p>\n","protected":false},"excerpt":{"rendered":"El dan\u00e9s del Visma abroch\u00f3 en Madrid su primera victoria en la ronda espa\u00f1ola, sumando as\u00ed su tercera&hellip;\n","protected":false},"author":2,"featured_media":114852,"comment_status":"","ping_status":"","sticky":false,"template":"","format":"standard","meta":{"footnotes":""},"categories":[273],"tags":[313,312,168,25,24,23,167],"class_list":{"0":"post-114851","1":"post","2":"type-post","3":"status-publish","4":"format-standard","5":"has-post-thumbnail","7":"category-ciclismo","8":"tag-ciclismo","9":"tag-cycling","10":"tag-deportes","11":"tag-es","12":"tag-espana","13":"tag-spain","14":"tag-sports"},"share_on_mastodon":{"url":"","error":""},"_links":{"self":[{"href":"https:\/\/www.europesays.com\/es\/wp-json\/wp\/v2\/posts\/114851","targetHints":{"allow":["GET"]}}],"collection":[{"href":"https:\/\/www.europesays.com\/es\/wp-json\/wp\/v2\/posts"}],"about":[{"href":"https:\/\/www.europesays.com\/es\/wp-json\/wp\/v2\/types\/post"}],"author":[{"embeddable":true,"href":"https:\/\/www.europesays.com\/es\/wp-json\/wp\/v2\/users\/2"}],"replies":[{"embeddable":true,"href":"https:\/\/www.europesays.com\/es\/wp-json\/wp\/v2\/comments?post=114851"}],"version-history":[{"count":0,"href":"https:\/\/www.europesays.com\/es\/wp-json\/wp\/v2\/posts\/114851\/revisions"}],"wp:featuredmedia":[{"embeddable":true,"href":"https:\/\/www.europesays.com\/es\/wp-json\/wp\/v2\/media\/114852"}],"wp:attachment":[{"href":"https:\/\/www.europesays.com\/es\/wp-json\/wp\/v2\/media?parent=114851"}],"wp:term":[{"taxonomy":"category","embeddable":true,"href":"https:\/\/www.europesays.com\/es\/wp-json\/wp\/v2\/categories?post=114851"},{"taxonomy":"post_tag","embeddable":true,"href":"https:\/\/www.europesays.com\/es\/wp-json\/wp\/v2\/tags?post=114851"}],"curies":[{"name":"wp","href":"https:\/\/api.w.org\/{rel}","templated":true}]}}