{"id":114859,"date":"2025-09-14T17:42:20","date_gmt":"2025-09-14T17:42:20","guid":{"rendered":"https:\/\/www.europesays.com\/es\/114859\/"},"modified":"2025-09-14T17:42:20","modified_gmt":"2025-09-14T17:42:20","slug":"nunca-fui-consciente-de-que-era-guapa-cuando-entendi-que-tenia-algo-especial-decidi-aprovecharlo","status":"publish","type":"post","link":"https:\/\/www.europesays.com\/es\/114859\/","title":{"rendered":"Nunca fui consciente de que era guapa. Cuando entend\u00ed que ten\u00eda algo especial, decid\u00ed aprovecharlo"},"content":{"rendered":"<p id=\"eI9ca_OmUt\" data-wc=\"83\">Aunque confiese a \u00a1HOLA! que<strong>\u00a0nunca se sinti\u00f3 guapa ni quer\u00eda ser modelo, Ariadne Artiles es uno de los rostros \u2018made in Spain\u2019 m\u00e1s demandados a nivel internacional.<\/strong> Son esas cosas del destino, como cuando el fot\u00f3grafo norteamericano Bruce Weber le recomend\u00f3 que se mudara a Miami o cuando <strong>termin\u00f3 trabajando con Cindy Crawford en una campa\u00f1a,\u00a0<\/strong>despu\u00e9s de tantos a\u00f1os de que la comparasen con ella con ella, <a class=\"hm-link ho-link\" href=\"https:\/\/www.hola.com\/actualidad\/20250827852094\/martina-klein-veronica-blume-laura-sanchez-ariadne-artiles-reflexiones-supermodelos-aniversario-carrera\/\" data-mrf-recirculation=\"article-body-link\" rel=\"nofollow noopener\" target=\"_blank\">tal y como recuerda mientras posa con Martina Klein, Ver\u00f3nica Blume y Laura S\u00e1nchez.<\/a><\/p>\n<p>  <img src=\"https:\/\/www.europesays.com\/es\/wp-content\/uploads\/2025\/09\/f1b0487bf02f-hola-top-902737v1.jpg\"   width=\"1080\" height=\"1800\" loading=\"lazy\" decoding=\"async\" alt=\"Ariadne Artiles, que est\u00e1 volcada con su proyecto hotelero en Canarias, Pura Vida, posa con vestido de Daniela Linares y joyas de Dinh Van \" fetchpriority=\"auto\" class=\"image ho-image\"\/>\u00a9 Valero Rioja<\/p>\n<p id=\"epG3uCRYVMX\" data-wc=\"76\">Adem\u00e1s de re repasa su vida de top, Ariadne nos cuenta muchas otra cosas. Por ejemplo, <strong>confiesa c\u00f3mo compagina su trabajo con la de madre de familia numerosa con Jos\u00e9 Mar\u00eda Garcia Frail<\/strong>e, a su vez hijo del conocido periodista deportivo Jos\u00e9 Mar\u00eda Garcia. Recordemos que la canaria<strong>\u00a0tiene tres ni\u00f1as con el empresario<\/strong>: Ari, nacida en enero de 2018, y las gemelas Mar\u00eda y Luc\u00eda, que la modelo dio a luz en abril de 2021.<\/p>\n<p id=\"e7DKrXckpBr\" data-wc=\"19\"><strong>-\u00bfCu\u00e1ndo te diste cuenta de que eras guapa o, al menos, contabas con un f\u00edsico que llamaba la atenci\u00f3n?\u00a0<\/strong><\/p>\n<p id=\"epJ4D1A8hXN\" data-wc=\"55\">-La verdad es que n<strong>unca fui consciente de ello.<\/strong> Simplemente, sent\u00eda que era una chica con suerte que, adem\u00e1s, se mov\u00eda muy bien. Pero n<strong>o entend\u00eda porque me cog\u00edan a m\u00ed al lado de otras brasile\u00f1as de dos metros<\/strong>. Con el tiempo, entend\u00ed que ten\u00eda algo especial y, fuera lo que fuera, iba a aprovecharlo.<\/p>\n<p id=\"epBrN9t5fHR\" data-wc=\"3\"><strong>-Y lo conseguiste.<\/strong><\/p>\n<p id=\"eUXYGgBqtNA\" data-wc=\"45\">&#8211;<strong>Hoy sigo aprovechando cada oportunidad que me mueve el coraz\u00f3n y trabajo cada d\u00eda para Ariadne Artiles.<\/strong> No es broma, es un trabajo diario al que le dedico tiempo. El \u00e9xito de mi carrera no es precisamente mi f\u00edsico, si fuera as\u00ed no estar\u00eda aqu\u00ed.\u00a0<\/p>\n<p id=\"ekJqayl3fei\" data-wc=\"27\"><strong>-Pero empecemos por el principio. \u00bfC\u00f3mo empezaste como modelo? \u00bfTe descubrieron por la calle, te anim\u00f3 alguien de tu entorno o era algo que ten\u00edas muy claro?<\/strong><\/p>\n<p id=\"eK_0PugNLUC\" data-wc=\"57\">-Que va, no me interesaba nada. Pero <strong>una prima de mi madre me invit\u00f3 a a presentarme al concurso \u00c9lite en Barcelona.<\/strong> Afortunadamente, all\u00ed <strong>conoc\u00ed a Laura S\u00e1nchez, que es hoy una de mis grandes amigas<\/strong> en este mundo. Era curiosa, pero no me atra\u00eda la moda sino conocer el mundo, como cualquier ni\u00f1a de 16 a\u00f1os.\u00a0<\/p>\n<p>  <img src=\"https:\/\/www.europesays.com\/es\/wp-content\/uploads\/2025\/09\/c9d344b746d6-hola-top-902232v1cut.jpg\"   width=\"1080\" height=\"1080\" loading=\"lazy\" decoding=\"async\" alt=\"Ver\u00f3nica Blume nos confiesa que &quot;no era una ni\u00f1a que so\u00f1ara con ser modelo. A mis 15 a\u00f1os, un familiar me dio a conocer una agencia que, justamente, estaba organizando un concurso de modelos. Fueron una secuencia de eventos que se dieron con un \u201ctiming\u201d incre\u00edble&quot;. Por su parte, Ariadne Artiles nos asegura que, de joven, tampoco le interesaba &quot;nada&quot; convertirse en modelo. &quot;Pero una prima de mi madre me invit\u00f3 a presentarme al concurso de Elite\u2026 All\u00ed, conoc\u00ed a Laura&quot;\" fetchpriority=\"auto\" class=\"image ho-image\"\/>\u00a9 Valero Rioja<\/p>\n<p id=\"eCkflYFbenh\" data-wc=\"4\"><strong>-\u00bfEmpezaste a trabajar r\u00e1pido?<\/strong><\/p>\n<p id=\"ePG3a2d3sFW\" data-wc=\"52\">&#8211;<strong>Me pidieron quedarme, para empezar a trabajar, pero yo era muy canariona y la isla donde nac\u00ed me parec\u00eda el para\u00edso para vivir\u00a0<\/strong>y no lo quer\u00eda cambiar por nada del mundo. Tampoco me atra\u00eda ser modelo, as\u00ed que me volv\u00ed a casa. Digamos que era una canariona arraigada a su tierra.\u00a0<\/p>\n<p id=\"epoJk4Gru0A\" data-wc=\"7\"><strong>-Pero tu destino era convertirte en modelo.<\/strong><\/p>\n<p id=\"etlgMl7oquk\" data-wc=\"95\">-Unos a\u00f1os m\u00e1s tarde, <strong>mi madre me envi\u00f3 a estudiar COU a Madrid<\/strong>. Fue un poco en contra de mi voluntad, pero reconozco que fue la mejor decisi\u00f3n que tom\u00f3 por m\u00ed. Ah\u00ed ya <strong>me apunt\u00e9 en una agencia de modelos, con la ilusi\u00f3n de ganar algo de dinero para mis caprichos y cosas personales.<\/strong> Me sali\u00f3 la campa\u00f1a americana de Abercrombie &amp; Fitch, con Bruce Weber, en Roma. \u00c9l fue quien me dijo que me fuera a Miami, que, en este momento, era la ciudad de la moda, adem\u00e1s de Nueva York. As\u00ed hice.<\/p>\n<p id=\"efRG8umzq8C\" data-wc=\"5\"><strong>-Y no paraste de crecer.<\/strong><\/p>\n<p id=\"eBla8ynPzMp\" data-wc=\"40\">&#8211; Trabaj\u00e9 cada d\u00eda, durante 3 a\u00f1os. De ah\u00ed <strong>me fui a Nueva York y Europa, pero mi mercado siempre ha sido m\u00e1s americano.\u00a0<\/strong>El resto ya lo sabes, no he parado de trabajar desde hace m\u00e1s de 20 a\u00f1os.\u00a0<\/p>\n<p id=\"eMSA1aX_9Lu\" data-wc=\"8\"><strong>-\u00bfQui\u00e9n era tu referente en esos primeros a\u00f1os?\u00a0<\/strong><\/p>\n<p id=\"edDOW9TnEQ9\" data-wc=\"70\">-La verdad es que n<strong>o ten\u00eda a nadie como referente, pero siempre me gust\u00f3 Cindy Crawford y, en New York, me dec\u00edan que nos parec\u00edamos.<\/strong> Yo no lo veo pero, seguramente, me ayud\u00f3 a trabajar m\u00e1s. Me gustaba lo que transmit\u00eda Cindy y, luego, bord\u00f3 su carrera con tant\u00edsimos otros proyectos que me parece una mujer admirable. Hace dos a\u00f1os trabaj\u00e9 con ella en Los \u00c1ngeles para una campa\u00f1a italiana.<\/p>\n<p>  <img src=\"https:\/\/www.europesays.com\/es\/wp-content\/uploads\/2025\/09\/365a86884ac8-hola-top-901975v11.jpg\"   width=\"1080\" height=\"1800\" loading=\"lazy\" decoding=\"async\" alt=\"Ver\u00f3nica y Ariadne: vestidos de Louis Vuitton\" fetchpriority=\"auto\" class=\"image ho-image\"\/>\u00a9 Valero Rioja<\/p>\n<p id=\"ehon0C0txpc0\" data-wc=\"10\"><strong>-\u00bfC\u00f3mo es Cindy Crawford en persona y trabajar con ella?<\/strong><\/p>\n<p id=\"e1SFgl-FtoJ3\" data-wc=\"54\">-Es incre\u00edble.<strong>\u00a0Adem\u00e1s de una mujer guap\u00edsima, es muy inteligente y una gran madre.<\/strong> Hablamos de hijos, de la vida en Malib\u00fa y Canarias, de lo que ha cambiado la moda\u2026 Me quitaba el pelo si se me ve\u00eda mal. Es tan cercana como parece y una gran compa\u00f1era a la hora de trabajar.<\/p>\n<p id=\"eOBjkZ37_99K\" data-wc=\"22\"><strong>-Sigamos hablando de tus comienzos lejos de casa. \u00bfQu\u00e9 era lo que m\u00e1s te daba miedo y lo que m\u00e1s te preocupaba?\u00a0<\/strong><\/p>\n<p id=\"eLR3HLfBF_LK\" data-wc=\"111\">-\u00bfLa verdad? \u00a1Una maravilla! Lo de ahora es una locura. Antes, ibas hac\u00edas tus fotos y, seg\u00fan sal\u00edas por la puerta, volv\u00edas a tu vida sin pensar en nada m\u00e1s. <a class=\"hm-link ho-link\" href=\"https:\/\/www.hola.com\/belleza\/20250206812309\/ariadne-artiles-dieta-entrenamiento-en-forma-trucos-cristina-pedroche\/\" data-mrf-recirculation=\"article-body-link\" rel=\"nofollow noopener\" target=\"_blank\">Hoy nos llevamos el trabajo a casa: hay que grabarlo todo, editar\u2026 Incluso, en muchas ocasiones, las campa\u00f1as las hacemos en casa.<\/a> Hace poco hice la campa\u00f1a de GAP en la puerta de mi casa\u2026 S\u00f3lo necesitaba una buena playa. La parte buena es que ya no hay que viajar tanto. En cambio, ahora nos exige estar siempre conectados. De alguna manera, si no lo controlas, acabas siendo esclavo del trabajo. Creo que esto deber\u00eda cambiar por el bien de todos.\u00a0<\/p>\n<p id=\"e1TDx7FzECho\" data-wc=\"12\"><strong>-\u00bfCu\u00e1l es el recuerdo m\u00e1s especial que guardas en el plano profesional?\u00a0<\/strong><\/p>\n<p id=\"eY0CnQuoYc\" data-wc=\"39\"><strong>&#8211;<\/strong>Muchos, la verdad. <strong>Trabajar con Walter Chin, en New York, para Vogue Italia.<\/strong> Era cuando a\u00fan se hac\u00edan solo Polaroid, como \u00fanicas fotos. \u00a1Cinco fotos y ya lo ten\u00eda! \u00a1Alucinante! Era un gran ser humano, adem\u00e1s de grand\u00edsimo fot\u00f3grafo.\u00a0<\/p>\n<p id=\"eyFuWk7OZcYl\" data-wc=\"26\"><strong>-Antes nos hablabas de Laura S\u00e1nchez, con la que posas ahora para \u00a1HOLA!, junto con Martina Klein y Ver\u00f3nica Blume. Tambi\u00e9n tendr\u00e1s an\u00e9cdotas con todas ellas\u2026<\/strong><\/p>\n<p id=\"e7_liOJQZfoH\" data-wc=\"78\">-Laura y yo <strong>nos conocimos con 15 a\u00f1os en el concurso Elite, hace m\u00e1s de 25 a\u00f1os<\/strong>. \u00c9ramos unas ni\u00f1as chicas\u2026 Y an\u00e9cdotas tenemos unas cuantas, pero no se pueden contar (r\u00ede). <strong>Con Martina, adem\u00e1s de trabajar juntas, vivimos historias muy similares<\/strong> y nos hemos acompa\u00f1ado en la distancia. Es una persona a la que admiro much\u00edsimo como mujer. <strong>A Vero la adoro<\/strong> y, aunque he trabajado menos con ella, es alguien que est\u00e1 bien tenerla cerca siempre.\u00a0<\/p>\n<p>  <img src=\"https:\/\/www.europesays.com\/es\/wp-content\/uploads\/2025\/09\/f97bf0a042b8-hola-top-902574v1cut.jpg\"   width=\"2500\" height=\"3750\" loading=\"lazy\" decoding=\"async\" alt=\"Ver\u00f3nica: ba\u00f1ador Ysabel Mora, jeans Levi's \/ Laura: top y falda Max Mara, joyas Rabat \/ Martina: ba\u00f1ador Primark, jeans Levi's, joyas Rabat \/ top Max Mara, falda Alicia RUeda, joyas Dinh Van\" fetchpriority=\"auto\" class=\"image ho-image\"\/>\u00a9 Valero Rioja<\/p>\n<p id=\"e00jbNbKur1q\" data-wc=\"10\"><strong>-\u00bfHas sentido la rivalidad a lo largo de tu carrera?\u00a0<\/strong><\/p>\n<p id=\"eK0FsCod-N4c\" data-wc=\"48\">-Claro que <strong>si, como en cualquier trabajo<\/strong> en la moda tambi\u00e9n existe, pero, por suerte tengo grandes amigas como Martina, Laura, Vero, a nosotras nos une la vida, no la moda, pero tenemos la suerte que la moda nos sigue uniendo y trabajar juntas siempre es un regalo.\u00a0<\/p>\n<p id=\"e9q4MV5Qxy55\" data-wc=\"8\"><strong>-\u00bfCu\u00e1l dir\u00edas que ha sido tu mayor logro?<\/strong><\/p>\n<p id=\"ejC7ZBi5ctFu\" data-wc=\"24\">-Logros ha habido muchos, el mayor logro seguramente sea s<strong>eguir aqu\u00ed despu\u00e9s de tantos a\u00f1os y haber podido tener tres hijas en el camino. <\/strong><\/p>\n<p id=\"eF8AFdUPVjtM\" data-wc=\"16\"><strong>-\u00bfC\u00f3mo vives la profesi\u00f3n de modelo actualmente, despu\u00e9s de tantos a\u00f1os y de haber sido madre?\u00a0<\/strong><\/p>\n<p id=\"eW1pRkFw27-c\" data-wc=\"25\">&#8211;<strong>Muy feliz y con mucha calma, ahora elijo cada proyecto<\/strong>. Todo no me compensa. Salir de casa tiene que ser por una muy buena excusa.\u00a0<\/p>\n<p id=\"eUX9x3esPm0d\" data-wc=\"15\"><strong>-\u00bfTus hijas son conscientes que tiene en una madre modelo? \u00bfQu\u00e9 les llama la atenci\u00f3n?<\/strong><\/p>\n<p id=\"eMkK432PWBd5\" data-wc=\"119\">-La verdad es que <strong>l<\/strong><strong>o viven con mucha naturalida<\/strong><strong>d<\/strong>. Hace poco, una ni\u00f1a del cole de Ari \u2013su hija mayor, nacida el 31 de diciembre de 2017\u2013 \u00a0hizo un trabajo sobre mi carrera porque buscaban personas relevantes en Canarias y le hizo much\u00edsima ilusi\u00f3n a ella. Pero, lo dem\u00e1s le da igual. Y Mar\u00eda y Julieta \u2013sus gemelas, nacidas en abril de 2021\u2013 a\u00fan no se enteran tanto de lo que significa. <a class=\"hm-link ho-link\" href=\"https:\/\/www.hola.com\/actualidad\/20250410825566\/ariadne-artiles-reencuentro-hijas-problemas-salud\/\" data-mrf-recirculation=\"article-body-link\" rel=\"nofollow noopener\" target=\"_blank\">Para ellas, su madre siempre es la reina de casa.<\/a> Andan todo el d\u00eda poni\u00e9ndome coronas y pidi\u00e9ndome que me vista con vestidos. M\u00e1s cursis no me han podido salir (r\u00ede). Siendo yo todo lo contrario. me hace mucha gracia, pero, por ellas, hago lo que sea.\u00a0<\/p>\n<p> <img src=\"https:\/\/www.europesays.com\/es\/wp-content\/uploads\/2025\/09\/fdc1894182bf-marques-de-murrieta-30.jpg\"   width=\"1080\" height=\"1080\" loading=\"lazy\" decoding=\"async\" alt=\"Ariadne con el empresario Jos\u00e9 Mar\u00eda Garc\u00eda Fraile \u2014hijo del m\u00edtico locutor deportivo Jos\u00e9 Mar\u00eda Garc\u00eda\u2014 \" fetchpriority=\"auto\" class=\"image ho-image\"\/>\u00a9 Orlando Guti\u00e9rrez<\/p>\n<p> <img src=\"https:\/\/www.europesays.com\/es\/wp-content\/uploads\/2025\/09\/217779818c06-img9861.jpg\"   width=\"1080\" height=\"1080\" loading=\"lazy\" decoding=\"async\" alt=\"Ariadne con sus tres hijas\" fetchpriority=\"auto\" class=\"image ho-image\"\/>\u00a9 Gerardo Valido<\/p>\n<p id=\"eVtJRNCrTdGO\" data-wc=\"9\"><strong>-\u00bfTe gustar\u00eda que alguna de ellas siguiera tus pasos?<\/strong><\/p>\n<p id=\"eMvay_gYnQJr\" data-wc=\"41\">-La verdad es que<strong> son unas beb\u00e9s a\u00fan y ni me lo planteo<\/strong>. Aunque suene t\u00f3pico,<strong> lo \u00fanico que me interesa es que sean felices haciendo lo que les mueva el coraz\u00f3n.<\/strong> Nunca me impondr\u00e9 a algo que ellas quieran hacer.\u00a0<\/p>\n<p id=\"eUzLfx919-F4\" data-wc=\"21\"><strong>-\u00bfC\u00f3mo ha sido compaginar el amor con una carrera internacional? \u00bfCrees que algunas relaciones no llegaron a fructificar por tu profesi\u00f3n?\u00a0<\/strong><\/p>\n<p id=\"e50xNmDbU6T6\" data-wc=\"49\">-Bueno, la vida de modelo<strong> es muy solitaria en los inicios.<\/strong> Por eso, decid\u00ed volver de Nueva York y afincarme en Espa\u00f1a. No es compatible crear una familia viviendo all\u00ed. Sin duda, es la mejor elecci\u00f3n que he hecho en mi vida. Adem\u00e1s, sigo trabajando, que todo se transforma.\u00a0<\/p>\n<p id=\"eGWrVjUPlqJE\" data-wc=\"10\"><strong>-\u00bfTe ha costado encontrar una pareja que entienda tu profesi\u00f3n?<\/strong><\/p>\n<p id=\"eX2JuXYdU9vK\" data-wc=\"5\">La verdad es que <strong>no<\/strong>.\u00a0<\/p>\n<p id=\"e9rSxQZHtwol\" data-wc=\"20\"><strong>-Antes no tanto, pero cada vez es m\u00e1s habitual que las modelos teng\u00e1is una carrera m\u00e1s longeva. \u00bfC\u00f3mo lo valor\u00e1is?<\/strong><\/p>\n<p id=\"eG4LAtsPdMjk\" data-wc=\"54\">-Por suerte, ya <strong>el edadismo no existe pr\u00e1cticamente<\/strong>. Hoy, cualquiera puede ser modelo a cualquier edad, siempre que pueda representar una firma acorde a sus valores. Ya no es lo de antes. La ni\u00f1a joven que anuncia un antiarrugas ha quedado obsoleto y me alegra. Vamos por un camino m\u00e1s honesto con la realidad.\u00a0<\/p>\n<p>  <img src=\"https:\/\/www.europesays.com\/es\/wp-content\/uploads\/2025\/09\/1757871740_475_e9de4266ea06-hola-top-902622v1.jpg\"   width=\"1080\" height=\"1800\" loading=\"lazy\" decoding=\"async\" alt=\"De izquierda a derecha, Ver\u00f3nica Blume, Martina Klein, Laura S\u00e1nchez y Ariadne Artiles, que posan para \u00a1HOLA! &quot;De peque\u00f1a, no era consciente de que pudiera trabajar en la moda, ni mucho menos que fuera guapa. Se dieron cuenta, mi padre y mi hermano, de que con 16 a\u00f1os med\u00eda 1,80. Yo quer\u00eda ser veterinaria de vacuno&quot;, nos dice Laura. &quot;Yo era muy payasa y muy fotog\u00e9nica. Con 12 a\u00f1os, mis padres nos llevaron a mi hermano y a m\u00ed a un \u201ccasting\u201d de un anuncio&quot;, nos dice Martina\" fetchpriority=\"auto\" class=\"image ho-image\"\/>\u00a9 Valero Rioja<\/p>\n<p id=\"e72uYaQ7zZcQ\" data-wc=\"12\"><strong>-\u00bfY t\u00fa? \u00bfTe miras las arrugas? \u00bfC\u00f3mo vives el paso del tiempo?\u00a0<\/strong><\/p>\n<p id=\"eqEOGZp41IHh\" data-wc=\"45\">-Todo cambia y <strong>tenemos que ir adapt\u00e1ndonos a los cambios<\/strong>. S\u00ed me miro, claro que me miro. Me alucina el cuerpo humano, pero, como es el \u00fanico veh\u00edculo que vamos a tener de por vida, intento mimarlo todo lo que puedo y aceptarlo como es.\u00a0<\/p>\n<p id=\"eBMbo-k3hl4Y\" data-wc=\"6\"><strong>-\u00bfSientes el edadismo en la profesi\u00f3n?\u00a0<\/strong><\/p>\n<p id=\"ebux64ZjBOvp\" data-wc=\"28\">-La verdad es que no, porque <a class=\"hm-link ho-link\" href=\"https:\/\/www.hola.com\/estar-bien\/20250723846039\/ariadne-artiles-camara-hiperbarica-beneficios-expertos\/\" data-mrf-recirculation=\"article-body-link\" rel=\"nofollow noopener\" target=\"_blank\">el cambio ha venido justo en el momento en el pens\u00e9 que iba a trabajar menos y ha sido todo lo contrario.\u00a0<\/a><\/p>\n<p id=\"eeVbAG_yFZFA\" data-wc=\"6\"><strong>-\u00bfY en tu d\u00eda a d\u00eda?\u00a0<\/strong><\/p>\n<p id=\"est5F9QktbBu\" data-wc=\"9\">-\u00a1Que me llamen se\u00f1ora me sigue pareciendo rar\u00edsimo! (r\u00ede).<\/p>\n<p id=\"eceDxy3t7ein\" data-wc=\"7\"><strong>-\u00bfQu\u00e9 es lo mejor de cumplir a\u00f1os?\u00a0<\/strong><\/p>\n<p id=\"ehpSXFkO9haV\" data-wc=\"71\">-La verdad que cumplir a\u00f1os <strong>empieza a no gustarme nada. <\/strong>No quiero que pase el tiempo. <strong>Quiero envejecer con mis hijas, as\u00ed que no te voy a decir que cumplir a\u00f1os sea bueno, porque me da mucha pena.<\/strong> Lo positivo es que seguimos aqu\u00ed, Ahora que hay tanta gente malita y se nos empiezan a ir los seres queridos, valoras mucho m\u00e1s estar aqu\u00ed presente y vivir el d\u00eda a d\u00eda.\u00a0<\/p>\n","protected":false},"excerpt":{"rendered":"Aunque confiese a \u00a1HOLA! que\u00a0nunca se sinti\u00f3 guapa ni quer\u00eda ser modelo, Ariadne Artiles es uno de los&hellip;\n","protected":false},"author":2,"featured_media":114860,"comment_status":"","ping_status":"","sticky":false,"template":"","format":"standard","meta":{"footnotes":""},"categories":[174],"tags":[3900,517,38698,255,146,147,25,24,256,23],"class_list":{"0":"post-114859","1":"post","2":"type-post","3":"status-publish","4":"format-standard","5":"has-post-thumbnail","7":"category-famosos","8":"tag-hola","9":"tag-actualidad","10":"tag-ariadne-artiles","11":"tag-celebrities","12":"tag-entertainment","13":"tag-entretenimiento","14":"tag-es","15":"tag-espana","16":"tag-famosos","17":"tag-spain"},"share_on_mastodon":{"url":"","error":""},"_links":{"self":[{"href":"https:\/\/www.europesays.com\/es\/wp-json\/wp\/v2\/posts\/114859","targetHints":{"allow":["GET"]}}],"collection":[{"href":"https:\/\/www.europesays.com\/es\/wp-json\/wp\/v2\/posts"}],"about":[{"href":"https:\/\/www.europesays.com\/es\/wp-json\/wp\/v2\/types\/post"}],"author":[{"embeddable":true,"href":"https:\/\/www.europesays.com\/es\/wp-json\/wp\/v2\/users\/2"}],"replies":[{"embeddable":true,"href":"https:\/\/www.europesays.com\/es\/wp-json\/wp\/v2\/comments?post=114859"}],"version-history":[{"count":0,"href":"https:\/\/www.europesays.com\/es\/wp-json\/wp\/v2\/posts\/114859\/revisions"}],"wp:featuredmedia":[{"embeddable":true,"href":"https:\/\/www.europesays.com\/es\/wp-json\/wp\/v2\/media\/114860"}],"wp:attachment":[{"href":"https:\/\/www.europesays.com\/es\/wp-json\/wp\/v2\/media?parent=114859"}],"wp:term":[{"taxonomy":"category","embeddable":true,"href":"https:\/\/www.europesays.com\/es\/wp-json\/wp\/v2\/categories?post=114859"},{"taxonomy":"post_tag","embeddable":true,"href":"https:\/\/www.europesays.com\/es\/wp-json\/wp\/v2\/tags?post=114859"}],"curies":[{"name":"wp","href":"https:\/\/api.w.org\/{rel}","templated":true}]}}