{"id":114881,"date":"2025-09-14T17:55:14","date_gmt":"2025-09-14T17:55:14","guid":{"rendered":"https:\/\/www.europesays.com\/es\/114881\/"},"modified":"2025-09-14T17:55:14","modified_gmt":"2025-09-14T17:55:14","slug":"la-vuelta-a-espana-2025-en-directo-2","status":"publish","type":"post","link":"https:\/\/www.europesays.com\/es\/114881\/","title":{"rendered":"La Vuelta a Espa\u00f1a 2025, en directo"},"content":{"rendered":"<p class=\"c-paragraph\">Las manifestaciones propalestinas han amenazado etapa tras etapa con truncar la <a href=\"https:\/\/www.20minutos.es\/tags\/deportes\/vuelta-a-espana.html\" title=\"Vuelta a Espa\u00f1a\" rel=\"nofollow noopener\" target=\"_blank\">Vuelta a Espa\u00f1a<\/a> y finalmente as\u00ed lo hicieron, este domingo, en la llegada de los ciclistas a Madrid.<b> No hubo colof\u00f3n final entre las calles del centro de la capital<\/b>, lo evit\u00f3 una multitudinaria invasi\u00f3n del recorrido, <b>con graves disturbios incluidos<\/b>, que oblig\u00f3 a los ciclistas a abandonar a 56 kil\u00f3metros del final.<\/p>\n<p class=\"c-paragraph\"><b>Cr\u00f3nica en elaboraci\u00f3n&#8230;<\/b><\/p>\n<p>19:5414\/09\/2025<\/p>\n<p>\u200b\ud83d\udde3\ufe0f\u00bbEsta Vuelta la gana Palestina\u00bb<\/p>\n<p class=\"c-paragraph\">Es el c\u00e1ntico m\u00e1s escuchado en las calles madrile\u00f1as.<\/p>\n<p>19:4914\/09\/2025<\/p>\n<p>\ud83d\uddde\ufe0f\u200bSe agolpan las reacciones pol\u00edticas\u00a0<\/p>\n<p class=\"c-paragraph\">Consulta en esta noticia todos los pronunciamientos de nuestros representantes:\u00a0<\/p>\n<p>19:4314\/09\/2025<\/p>\n<p>La Polic\u00eda saca las tanquetas<\/p>\n<p class=\"c-paragraph\">Ahora los incidentes se concentran en Atocha. Hay al menos dos de esos blindados\u00a0BRM, una veintena de furgones y numerosas ambulancias.<\/p>\n<p>19:4214\/09\/2025<\/p>\n<p>Declaraci\u00f3n institucional de Almeida a las 20.30h<\/p>\n<p class=\"c-paragraph\">El alcalde de la ciudad ofrecer\u00e1 declaraciones institucionales tras los incidentes de La Vuelta.<\/p>\n<p>19:4014\/09\/2025<\/p>\n<p>Los agentes dispersan a los manifestantes<\/p>\n<p>19:3614\/09\/2025<\/p>\n<p>La Polic\u00eda desmonta las barricadas<\/p>\n<p>19:3314\/09\/2025<\/p>\n<p>Una sentada paraliza el Paseo del Prado<\/p>\n<p class=\"c-paragraph\">Los manifestantes cantan proclamas propalestinas mientras baten las banderas en el aire.<\/p>\n<p>19:2214\/09\/2025<\/p>\n<p>Gases lacrim\u00f3genos y disparos disuasorios<\/p>\n<p class=\"c-paragraph\">Parece que son todo medidas de contenci\u00f3n, sin escalada, tal y como informa nuestro compa\u00f1ero David Fern\u00e1ndez Crespo desde el lugar de los hechos.<\/p>\n<p>19:2114\/09\/2025<\/p>\n<p>\ud83d\udcf7\u200bAs\u00ed est\u00e1 el Paseo del Prado ahora<\/p>\n<p>19:1814\/09\/2025<\/p>\n<p>La Polic\u00eda se prepara para cargar en Neptuno<\/p>\n<p class=\"c-paragraph\">Parecen preparativos de precauci\u00f3n y la gente empieza a retirarse de la zona.<\/p>\n<p>Cargar m\u00e1s<\/p>\n<p>19:1514\/09\/2025<\/p>\n<p>M\u00e1s reacciones&#8230; ahora de Perico Delgado<\/p>\n<p class=\"c-paragraph\">As\u00ed reaccion\u00f3 el exciclista y comentarista en plena retransmisi\u00f3n de la carrera.<\/p>\n<p>19:1114\/09\/2025<\/p>\n<p><b>Ione Belarra tambi\u00e9n se pronuncia en X<\/b><\/p>\n<p class=\"c-paragraph\">Lo hizo con una &#8216;pullita&#8217; al Gobierno:<\/p>\n<p>19:0914\/09\/2025<\/p>\n<p>La reacci\u00f3n de Almeida en X<\/p>\n<p class=\"c-paragraph\">El alcalde de Madrid, Jose Luis Mart\u00ednez Almeida, comparti\u00f3 este mensaje en sus redes sociales:\u00a0<\/p>\n<p>19:0714\/09\/2025<\/p>\n<p><b>\ud83d\udcfd\ufe0fM\u00e1s im\u00e1genes de las manifestaciones desde dentro<\/b><\/p>\n<p>19:0414\/09\/2025<\/p>\n<p><b>\ud83d\udcfd\ufe0f<\/b>M\u00e1s im\u00e1genes de las manifestaciones desde dentro<\/p>\n<p>19:0014\/09\/2025<\/p>\n<p>\ud83d\udcfd\ufe0fLos manifestantes siguen en las calles\u00a0<\/p>\n<p>18:4714\/09\/2025<\/p>\n<p>El clima ahora es de protesta sin disturbios<\/p>\n<p class=\"c-paragraph\">Una vez reventada la etapa, ha cesado la violencia.<\/p>\n<p>18:4114\/09\/2025<\/p>\n<p>Almeida recibe la noticia a pie de calle<\/p>\n<p class=\"c-paragraph\">El alcalde de Madrid, Jose Luis Mart\u00ednez Almeida, recibi\u00f3 la noticia de la cancelaci\u00f3n &#8216;in situ&#8217;.<\/p>\n<p>18:3814\/09\/2025<\/p>\n<p>\u274c\u200b\ud83e\udd47\u200b\u200b\ud83e\udd48\u200b\ud83e\udd49\u200bTodo apunta a que no va a haber podio<\/p>\n<p class=\"c-paragraph\">Ahora la informaci\u00f3n es que se han llevado el podio, no se va a celebrar esa ceremonia.<\/p>\n<p>18:3314\/09\/2025<\/p>\n<p><b>\ud83d\udcf7<\/b>La imagen de los disturbios m\u00e1s tensos en Madrid<\/p>\n<p>18:3114\/09\/2025<\/p>\n<p>Los ciclistas se montan en los coches, se acab\u00f3<\/p>\n<p class=\"c-paragraph\">Esto es el final de la etapa, ya est\u00e1 confirmado.<\/p>\n<p>18:3014\/09\/2025<\/p>\n<p>\u200b\ud83d\udcf7Las manifestaciones, desde dentro\u00a0<\/p>\n<p>18:2814\/09\/2025<\/p>\n<p>\ud83d\uded1\u200bOtra parada m\u00e1s&#8230; esto se va a terminar<\/p>\n<p class=\"c-paragraph\">No hay manera, as\u00ed no se puede seguir.<\/p>\n<p>18:2514\/09\/2025<\/p>\n<p>\ud83d\udc40Ojo, parece que los ciclistas reanudan la marcha<\/p>\n<p class=\"c-paragraph\">El recorrido podr\u00eda estar siendo modificado en directo. Aqu\u00ed la imagen de hace unos minutos con La Vuelta parada:<\/p>\n<p>18:2414\/09\/2025<\/p>\n<p>\ud83d\ude36\u200bYa no hay circuito<\/p>\n<p class=\"c-paragraph\">Los manifestantes lo han tomado todo, se acab\u00f3 la Vuelta de la peor manera posible.<\/p>\n<p>18:2014\/09\/2025<\/p>\n<p>\ud83d\uded1Los ciclistas se detienen en el centro de Madrid\ud83d\uded1<\/p>\n<p class=\"c-paragraph\">Se plantan, la Vuelta no puede seguir en estas condiciones.<\/p>\n<p>18:1914\/09\/2025<\/p>\n<p>\u200b\ud83d\udc6e\u200b\u274cLa Polic\u00eda se retira de Atocha<\/p>\n<p class=\"c-paragraph\">La zona del paseo del Prado es una manifestaci\u00f3n colectiva, ya no hay vallas ni resistencia policial.<\/p>\n<p>18:1414\/09\/2025<\/p>\n<p>\ud83d\udcf7La imagen de los disturbios en Gran V\u00eda<\/p>\n<p>18:0814\/09\/2025<\/p>\n<p>\u200b\u26a0\ufe0f\u200b\u00a1Los manifestantes ocupan el recorrido en el centro de Madrid!: terror\u00edficas im\u00e1genes en Gran V\u00eda\u00a0<\/p>\n<p class=\"c-paragraph\">Los espont\u00e1neos han colapsado ya el circuito en Gran V\u00eda y la intervenci\u00f3n de los antidisturbios ha comenzado.<\/p>\n<p>18:0014\/09\/2025<\/p>\n<p>\ud83d\udc49\u200b<b>70 kil\u00f3metros por delante<\/b><\/p>\n<p>17:5314\/09\/2025<\/p>\n<p>\ud83e\udd14\u200bLa Vuelta ha tirado de Plan B<\/p>\n<p class=\"c-paragraph\">La organizaci\u00f3n ha realizado en\u00a0San Sebasti\u00e1n de los Reyes el primer desv\u00edo empleando una ruta alternativa por una zona de urbanizaciones.\u00a0 El recorrido deb\u00eda haber atravesado Alcobendas, donde las protestas propalestinas hab\u00edan convocado uno de los primeros cortes a la altura del bulevar Salvador Allende.\u00a0<\/p>\n<p>17:4914\/09\/2025<\/p>\n<p>\u274c\u200b\ud83d\ude4c\u200bCierran la fan zone de La Vuelta<\/p>\n<p class=\"c-paragraph\">Las protestas han llevado a la organizaci\u00f3n a tomar esta decisi\u00f3n, seg\u00fan ABC.\u00a0<\/p>\n<p>17:4214\/09\/2025<\/p>\n<p>\ud83d\udd25\ud83d\udc6eTensi\u00f3n entre Gran V\u00eda y Alcal\u00e1<\/p>\n<p class=\"c-paragraph\">Seg\u00fan informa RTVE, se han producido algunos incidentes con roturas, incluso, de alg\u00fan escaparate. Adem\u00e1s, en la curva de Callao la Polic\u00eda ha retirado palos de las banderas y as\u00ed como otros objetos a los asistentes.\u00a0<\/p>\n<p>17:4014\/09\/2025<\/p>\n<p>\u26a0\ufe0f\u200bPrimer desv\u00edo en Alcobendas\u00a0<\/p>\n<p class=\"c-paragraph\">Una concentraci\u00f3n elevada de manifestantes ha llevado a la organizaci\u00f3n de La Vuelta a realizar un cambio en el trazado.<\/p>\n<p>17:2314\/09\/2025<\/p>\n<p>\ud83d\udca8\u200bLos ciclistas se acercan a San Sebati\u00e1n de los Reyes<\/p>\n<p class=\"c-paragraph\">Todav\u00eda sin incidentes en La Vuelta.<\/p>\n<p>17:0914\/09\/2025<\/p>\n<p>\ud83e\udd17\u200b100 kil\u00f3metros por delante<\/p>\n<p class=\"c-paragraph\">Por ahora todos ruedan tranquilos rumbo al centro de la capital espa\u00f1ola.<\/p>\n<p>16:5714\/09\/2025<\/p>\n<p>\ud83d\udc49Empieza la etapa\u00a0<\/p>\n<p class=\"c-paragraph\">Los corredores empiezan a rodar hacia Madrid.<\/p>\n<p>16:4014\/09\/2025<\/p>\n<p>\u200b\ud83d\udc6e\ud83c\udffb\u200bSe estiman 6.000 manifestantes hoy en Madrid<\/p>\n<p class=\"c-paragraph\">El despliegue policial va a ser muy amplio, de en torno a 2.000 agentes de diferentes cuerpos. Seg\u00fan Marca, se ha realizado incluso el despliegue de tanques en algunos cruces estrat\u00e9gicos.<\/p>\n<p>16:2714\/09\/2025<\/p>\n<p>\ud83c\udfc6\u200b\ud83d\udd34\u200bEn lo deportivo&#8230; homenaje a Vingegaard<\/p>\n<p class=\"c-paragraph\">El portador del maillot rojo celebrar\u00e1 en el camino por Madrid.<\/p>\n<p>16:0914\/09\/2025<\/p>\n<p>\ud83d\udfe3Ione Belarra e Irene Montero, en las protestas<\/p>\n<p class=\"c-paragraph\">La secretaria general de Podemos,<b> Ione Belarra,<\/b> y la eurodiputada <b>Irene Montero <\/b>participaron ayer en la concentraci\u00f3n en Cercedilla para protestar contra la participaci\u00f3n del Israel-Premier Tech y el conflicto de Gaza que oblig\u00f3 a modificar el recorrido de la Vuelta. <a href=\"https:\/\/www.20minutos.es\/deportes\/ione-belarra-irene-montero-protesta-propalestina-desvio-vuelta-ciclista-madrid_6325790_0.html\" title=\"Ione Belarra e Irene Montero participaron en la peligrosa protesta que ha desviado La Vuelta en Cercedilla\" rel=\"nofollow noopener\" target=\"_blank\">Leer m\u00e1s.<\/a><\/p>\n<p>15:5514\/09\/2025<\/p>\n<p>\u200b\ud83d\udc6e\u200bUn gran dispositivo de seguridad<\/p>\n<p class=\"c-paragraph\">La amenaza de disturbios en las manifestaciones propalestinas convocadas es temida por la organizaci\u00f3n y por el Gobierno, que\u00a0<b><b>ha blindado la capital con m\u00e1s de 2.000 agentes de diferentes cuerpos de la polic\u00eda<\/b><\/b>. <a href=\"https:\/\/www.20minutos.es\/deportes\/madrid-se-blinda-ante-llamada-boicotear-final-vuelta-con-protestas-por-gaza-mas-agentes-que-cumbre-otan_6325809_0.html\" title=\"Madrid se blinda ante la llamada a boicotear el final de La Vuelta con protestas por Gaza: m\u00e1s agentes que en la cumbre de la OTAN\" rel=\"nofollow noopener\" target=\"_blank\">Leer m\u00e1s.<\/a><\/p>\n<p>15:4614\/09\/2025<\/p>\n<p>\u200b\ud83d\udde3\ufe0f\u200b<b>S\u00e1nchez muestra su \u00abadmiraci\u00f3n\u00bb por las protestas propalestinas en La Vuelta<\/b><\/p>\n<p class=\"c-paragraph\">El presidente del Gobierno,\u00a0<a href=\"https:\/\/www.20minutos.es\/tags\/personas\/pedro-sanchez.html\" title=\"Pedro S\u00e1nchez\" rel=\"nofollow noopener\" target=\"_blank\">Pedro S\u00e1nchez<\/a>, ha manifestado\u00a0<b><b>su \u00abadmiraci\u00f3n\u00bb por estas manifestaciones propalestinas<\/b><\/b>\u00a0que est\u00e1n poniendo en jaque la Vuelta a Espa\u00f1a.<\/p>\n<p class=\"c-paragraph\">En un acto en M\u00e1laga para arropar a su vicepresidenta,\u00a0<a href=\"https:\/\/www.20minutos.es\/tags\/personas\/maria-jesus-montero.html\" title=\"Mar\u00eda Jes\u00fas Montero\" rel=\"nofollow noopener\" target=\"_blank\">Mar\u00eda Jes\u00fas Montero<\/a>, como candidata a presidir la Junta de Andaluc\u00eda, S\u00e1nchez ha mostrado su \u00abreconocimiento y respeto absoluto a los deportistas, pero tambi\u00e9n nuestra\u00a0<b><b>admiraci\u00f3n a un pueblo como el espa\u00f1ol<\/b><\/b>\u00a0que se moviliza por causas justas como la de Palestina\u00bb. <a href=\"https:\/\/www.20minutos.es\/nacional\/pedro-sanchez-muestra-admiracion-protestas-propalestinas-vuelta-viva-derechos-humanos-pueblo-espanol_6325873_0.html\" title=\"S\u00e1nchez muestra su &quot;admiraci\u00f3n&quot; por las protestas propalestinas en La Vuelta: &quot;Vivan los derechos humanos y el pueblo espa\u00f1ol&quot;\" rel=\"nofollow noopener\" target=\"_blank\">Leer m\u00e1s.<\/a><\/p>\n<p>15:3614\/09\/2025<\/p>\n<p>\u200b\ud83d\udc40\u200bAs\u00ed fue el incidente de ayer por las protestas<\/p>\n<p class=\"c-paragraph\">De camino a la Bola del Mundo, en el puerto de Navacerrada,\u00a0<b><b>los manifestantes propalestinos cortaron ayer la carretera<\/b><\/b>\u00a0e interrumpieron la fuga, obligando a cambiar el recorrido para evitar incidentes.<br \/>\u200b<br \/>\u200bFaltaban aproximadamente 17 kil\u00f3metros para que los protagonistas llegaran a la meta cuando un grupo de activistas interrumpi\u00f3 la prueba\u00a0<b><b>sent\u00e1ndose en el centro de la carretera<\/b><\/b>\u00a0y cortando as\u00ed el paso de los ciclistas.<a href=\"https:\/\/www.20minutos.es\/tags\/deportes\/vuelta-a-espana.html\" title=\"Vuelta a Espa\u00f1a\" rel=\"nofollow noopener\" target=\"_blank\"> Leer m\u00e1s.<\/a><\/p>\n<p>15:3014\/09\/2025<\/p>\n<p>\ud83d\udc49Una edici\u00f3n marcada por las protestas propalestinas<\/p>\n<p class=\"c-paragraph\">Esta Vuelta a Espa\u00f1a ya quedar\u00e1 para la historia como la edici\u00f3n marcada por las numerosas protestas propalestinas contra la participaci\u00f3n del equipo Israel-Premier Tech.\u00a0<\/p>\n<p>Desde el primer d\u00eda hasta hoy, muchos grupos se han movilizado para condenar la presencia del equipo israel\u00ed por el conflicto de Gaza. Ayer mismo, en la vig\u00e9sima etapa, cortaron la carretera y la organizaci\u00f3n tuvo que cambiar el recorrido.<\/p>\n<p>15:0914\/09\/2025<\/p>\n<p>\ud83d\ude4c\u200b\u00a1Llega la etapa final de la Vuelta!<\/p>\n<p class=\"c-paragraph\">\u00a1Muy buenas tardes! El final de la Vuelta a Espa\u00f1a ya est\u00e1 aqu\u00ed. Despu\u00e9s de tres semanas de competici\u00f3n, los ciclistas afrontan hoy la etapa final, que culminar\u00e1 con el paso por la meta en la Plaza de Cibeles.<\/p>\n","protected":false},"excerpt":{"rendered":"Las manifestaciones propalestinas han amenazado etapa tras etapa con truncar la Vuelta a Espa\u00f1a y finalmente as\u00ed lo&hellip;\n","protected":false},"author":2,"featured_media":114882,"comment_status":"","ping_status":"","sticky":false,"template":"","format":"standard","meta":{"footnotes":""},"categories":[5],"tags":[45,17,18,2125,25,24,13,14,11,19,20,5012,9,10,15,16,23,12,21,22,1357],"class_list":{"0":"post-114881","1":"post","2":"type-post","3":"status-publish","4":"format-standard","5":"has-post-thumbnail","7":"category-titulares","8":"tag-45","9":"tag-breaking-news","10":"tag-breakingnews","11":"tag-directo","12":"tag-es","13":"tag-espana","14":"tag-featured-news","15":"tag-featurednews","16":"tag-headlines","17":"tag-latest-news","18":"tag-latestnews","19":"tag-llega","20":"tag-news","21":"tag-noticias","22":"tag-noticias-destacadas","23":"tag-noticiasdestacadas","24":"tag-spain","25":"tag-titulares","26":"tag-ultimas-noticias","27":"tag-ultimasnoticias","28":"tag-vuelta"},"share_on_mastodon":{"url":"","error":""},"_links":{"self":[{"href":"https:\/\/www.europesays.com\/es\/wp-json\/wp\/v2\/posts\/114881","targetHints":{"allow":["GET"]}}],"collection":[{"href":"https:\/\/www.europesays.com\/es\/wp-json\/wp\/v2\/posts"}],"about":[{"href":"https:\/\/www.europesays.com\/es\/wp-json\/wp\/v2\/types\/post"}],"author":[{"embeddable":true,"href":"https:\/\/www.europesays.com\/es\/wp-json\/wp\/v2\/users\/2"}],"replies":[{"embeddable":true,"href":"https:\/\/www.europesays.com\/es\/wp-json\/wp\/v2\/comments?post=114881"}],"version-history":[{"count":0,"href":"https:\/\/www.europesays.com\/es\/wp-json\/wp\/v2\/posts\/114881\/revisions"}],"wp:featuredmedia":[{"embeddable":true,"href":"https:\/\/www.europesays.com\/es\/wp-json\/wp\/v2\/media\/114882"}],"wp:attachment":[{"href":"https:\/\/www.europesays.com\/es\/wp-json\/wp\/v2\/media?parent=114881"}],"wp:term":[{"taxonomy":"category","embeddable":true,"href":"https:\/\/www.europesays.com\/es\/wp-json\/wp\/v2\/categories?post=114881"},{"taxonomy":"post_tag","embeddable":true,"href":"https:\/\/www.europesays.com\/es\/wp-json\/wp\/v2\/tags?post=114881"}],"curies":[{"name":"wp","href":"https:\/\/api.w.org\/{rel}","templated":true}]}}