{"id":114899,"date":"2025-09-14T18:08:09","date_gmt":"2025-09-14T18:08:09","guid":{"rendered":"https:\/\/www.europesays.com\/es\/114899\/"},"modified":"2025-09-14T18:08:09","modified_gmt":"2025-09-14T18:08:09","slug":"quien-es-iago-garcia-el-gallego-que-participa-en-bailando-con-las-estrellas-ferrolano-de-46-anos-y-toda-una-celebridad-en-italia-la-voz-de-galicia","status":"publish","type":"post","link":"https:\/\/www.europesays.com\/es\/114899\/","title":{"rendered":"Qui\u00e9n es Iago Garc\u00eda, el gallego que participa en \u00abBailando con las estrellas\u00bb: ferrolano, de 46 a\u00f1os y toda una celebridad en Italia &#8211; La Voz de Galicia"},"content":{"rendered":"<ol>\n<li><a href=\"https:\/\/news.google.com\/rss\/articles\/CBMiiwJBVV95cUxNS2V2SEVxMUxhclpobWpFM0VjTjZ6SGhmX2ZTYzZLS0ltWXpxNjBjMS04Q2ZsMmRXTnU2VXdzemJTekZuc1BCbzRqVjRDRkoyeURZMkxHWGpGVm9peWZBbWRvTk1hZGswNTQ3VFEyRHFEcVBBMlZ5VHRKOElYRjdyUGlpRWVHY3JNRGxMUXZGXzFhMmhaaUg4c2YtRzh4SF80WS1nNFBrbUk0XzdvdGY5cFpMVmE1N1VGeTRxQnZEWFVVSWxtVmRKcVVYd0UzMkNndlAyN2hXbUdDZS0tMFBXOU5WX3UzWmdYNGg3c0VxdHBmU1dxQjdnXzlvdFFoZnh2N2k5c0lKa2FNXzjSAacCQVVfeXFMTVpOVXRYT1RCV2l1dDNhSnVZUlVFME5CdU92R215NmVOeXlFNzVXNHY5dXBDdUI0ODlVb0hxbnFELXFkVC1sNXpPdTBMUVFPYzBPUGFEOTNPX295UE1ncU5qYzRUNTB5b1E0MmFiaUVJRHAtREtLa2x3LVYwR3J4NDFnZURRc2ltYlBmMG42TERhRjA3Und4ZlhpWWFHQ0UxT0lrSVdsZXhhbkpUSXNsekVmcHJxLWZ0N01NQVo2SGFqdmE4T3BrRE5fYkEwd1pwaFotVUVVZWF6MWxMLXVRZ2poTU1fQmRDckkyVFh0dl9pcUdrT2RSSU5fUWd6bzZOWFZTVklmc0ZRajV3SlFES3NoNUlOMGdtSlNpdWIyM2ljT1JuSjZ0bw?oc=5\" target=\"_blank\" rel=\"nofollow noopener\">Qui\u00e9n es Iago Garc\u00eda, el gallego que participa en \u00abBailando con las estrellas\u00bb: ferrolano, de 46 a\u00f1os y toda una celebridad en Italia<\/a>&nbsp;&nbsp;La Voz de Galicia<\/li>\n<li><a href=\"https:\/\/news.google.com\/rss\/articles\/CBMi2AFBVV95cUxOSjJOS2dTWDZyejhYbkI5WVpJZy1oUWQ3bVNhVXJtMy1nalU0TzdHVHplS3pMeHhwOFZsekoxX2F0U3pSa1BtMW9RZWxTZjJTeERZTzljSG9rWjczWGFVS09ObmNHOGNRRmdIamlhb1FXRFpuVnU5UXZPRTB6d3p5YlZUZ2ZYcHg2djhreFJNRDNWZEJKeS10OGp6dEZyVm1feUJkMVY3VWNoRzdiaDFHWkxsVUJEd0xyZXpfQ0pKZmFfQmxpLVktakpDbHVTQkluU3VnQVd2dEXSAeQBQVVfeXFMT0lseHc2NU80eHU1WUlIakpxdndzMWg4Y2ZzQTJUM0tWNW0yMm0wZloybTZxQVdDZ1NwMnczWmFxZ0NmdHhWUTA4S2hiX2N2QXBaQmRKV1p2NWdHMU1nWWE4OWI3RkZodklyemFhNmxMRm5nQ005LW02aDIxVTlNckQ5SkN1LWVkMXVPVDBzd2JTY2Z6OHp2WFZzdnAwWER0NXgwRFc1dWtpd1Jfakh6eEJrYVJ5MmhNcEd1WGZNY3lUeXk2OEZqSl9QbllhdTMwUjhDd1dmandScFJuTGZockVTdEZR?oc=5\" target=\"_blank\" rel=\"nofollow noopener\">Qui\u00e9n es Iago Garc\u00eda: su vida personal, su pareja, su trabajo y su v\u00ednculo con Telecinco<\/a>&nbsp;&nbsp;Divinity<\/li>\n<li><a href=\"https:\/\/news.google.com\/rss\/articles\/CBMihAFBVV95cUxOUFMyMXBFekx0U2dMRkRqLURwSkMzZDRfYXpwd2NmZHQwTXppLWI0NGRMOU85SENnTXFybVhueUxITU4zSEdBSG9aaG9ja3RkQXlWWmN6R3p5bWQ1enh5T0g2YzYwWkZoTmFVN1VLSHFlR2VwemJsUmUyTy1TVjRYQVV0Q0vSAYoBQVVfeXFMTzNWRWVIWGRhWmhFWm5sc0l4bkdBTUZXWWNWLVIwZHVXalB3MG5aN0N1c3lfQlpEMVh4U2lGaVJtWDE2WElra1dudWRtTGRRUFpTVzNLcHUwT2l4VGVRekc0SVlhYmltQWtJSjk5R1dEQW5mNG94blNJRzM2bVZHQnN4T1pQcEc4bHB3?oc=5\" target=\"_blank\" rel=\"nofollow noopener\">Qui\u00e9n es Iago Garc\u00eda: su edad, su pareja y a qu\u00e9 se dedica<\/a>&nbsp;&nbsp;OkDiario<\/li>\n<li><a href=\"https:\/\/news.google.com\/rss\/articles\/CBMi5wFBVV95cUxQd05fN0RmZmQyTWdrbDl1YVNTNGpUdUs3NUV1dGhMZWVsQTF6TVlSRnItbHhxV2d2Y0NsenFoRndIdmVia2E5eExXbjcxM0VnWDN0RW10V1BNOEhIMkY4UHEtc0R5dTJIc1RnTlJyZTJmbFNRY01kNDRCY1NJd1FGc2NpRGNVSVZvMXNNbTdPbUN5akpVN0RERFhtdGxmZDh6YjcxXzVfUFlxWmxHNTIxV0lxbVVQUTNSVjJYTW81cVVORUh4bm9KLUxkWXA2eUd0SW5WT1JEM0t4TDNZVC1tMjNUTHNsQ2vSAe8BQVVfeXFMUGJDd2t0bmNmYVgzTE9Xd1RTY0dYSFZRb3lleGNobUVZMXdQaExZMU1xa3VRUFk5VHNkbWVESmc2TUg5bkJQZWhxdXdaUkNpbTloN3h0Mm9lYUExYkY2UTJjSUtRX0Yxd0M2Y1NQMElrMDNpSXZCcHgyYVlzd2Z6S1BWVS1JOGVrMENIVVdTRVI5dnZHU1JWUnFKSXZhVlVJY1JSc0RiblJvUUFTanhwVVExbG5pM1V1VUMwVHJHbm4zSC05djJqUUgxLXJIbG1ZUlg1czlMQ2VzR0NPaHM3dEdCcTB2bWc0ay00NmhiRUE?oc=5\" target=\"_blank\" rel=\"nofollow noopener\">\u00bfQui\u00e9n es Iago Garc\u00eda, el actor con un desconocido pasado en Italia que salta a &#8216;Bailando con las Estrellas&#8217;?<\/a>&nbsp;&nbsp;El Televisero<\/li>\n<li><a href=\"https:\/\/news.google.com\/rss\/articles\/CBMi2wFBVV95cUxPR2l6a29IMVdKamRrLWtVb1ZENXhxbFhjZHVCTHRueThZeTk0VHhBMDRFQmRpZ0ZOTElGS2ZIWFpxRjBiQ1U0QmVJRERYOTdyVldWUzgycDVZN3lYaXZZQkpVT3NqYzZhYjVrM3FFUHVZQk9FdmlyckhYMG9DMnpaMjRYNkIzWjVNWDI5N2RmSDFkanpveUNRWE04Z285bVF1UVd2dk9ZR2Z5Y0pOV0N0cjdhZnJESXFPUzBpaHVqYVVnS0E1cG54RFhTMmxKc3ZQOVdBeUR6dHJOeTDSAegBQVVfeXFMUE9SN0pEV0NvSVhYSTdiQnFaTFRLaF9lYXZlZlFobmVBdkpza29UVm5hbEJFbjNVM0xBam1sVGhoWk1nVDhXV3l1eFlBNXdscVpKOEpnaFpiSFdOb2NTMjNHOUkzbnptc0g0TllDc3htVjFwQmlVbUE2ODlzRWp3cDhiTmJ0MFhJdVN4RElRUnZVTXRfQmNPaGhJajliVm5vV2RrcDRzUFlIOEdfT0Q4aDV3NXFrSkNNY2x5M0hOLVpiYW1hUDdRSjBSVVV3VWpBbUo4aGV5blZxbEYtc0k5N2RWb0F1RUNyUA?oc=5\" target=\"_blank\" rel=\"nofollow noopener\">\u00bfQui\u00e9n es Iago Garc\u00eda, concursante de &#8216;Bailando con las estrellas&#8217; en Telecinco?<\/a>&nbsp;&nbsp;Mundo Deportivo<\/li>\n<\/ol>\n","protected":false},"excerpt":{"rendered":"Qui\u00e9n es Iago Garc\u00eda, el gallego que participa en \u00abBailando con las estrellas\u00bb: ferrolano, de 46 a\u00f1os y&hellip;\n","protected":false},"author":2,"featured_media":114900,"comment_status":"","ping_status":"","sticky":false,"template":"","format":"standard","meta":{"footnotes":""},"categories":[171],"tags":[146,147,25,24,7859,628,23,692,214,30262],"class_list":{"0":"post-114899","1":"post","2":"type-post","3":"status-publish","4":"format-standard","5":"has-post-thumbnail","7":"category-tv","8":"tag-entertainment","9":"tag-entretenimiento","10":"tag-es","11":"tag-espana","12":"tag-ferrol-ciudad","13":"tag-italia","14":"tag-spain","15":"tag-telecinco","16":"tag-tv","17":"tag-voz-audiovisual"},"share_on_mastodon":{"url":"","error":""},"_links":{"self":[{"href":"https:\/\/www.europesays.com\/es\/wp-json\/wp\/v2\/posts\/114899","targetHints":{"allow":["GET"]}}],"collection":[{"href":"https:\/\/www.europesays.com\/es\/wp-json\/wp\/v2\/posts"}],"about":[{"href":"https:\/\/www.europesays.com\/es\/wp-json\/wp\/v2\/types\/post"}],"author":[{"embeddable":true,"href":"https:\/\/www.europesays.com\/es\/wp-json\/wp\/v2\/users\/2"}],"replies":[{"embeddable":true,"href":"https:\/\/www.europesays.com\/es\/wp-json\/wp\/v2\/comments?post=114899"}],"version-history":[{"count":0,"href":"https:\/\/www.europesays.com\/es\/wp-json\/wp\/v2\/posts\/114899\/revisions"}],"wp:featuredmedia":[{"embeddable":true,"href":"https:\/\/www.europesays.com\/es\/wp-json\/wp\/v2\/media\/114900"}],"wp:attachment":[{"href":"https:\/\/www.europesays.com\/es\/wp-json\/wp\/v2\/media?parent=114899"}],"wp:term":[{"taxonomy":"category","embeddable":true,"href":"https:\/\/www.europesays.com\/es\/wp-json\/wp\/v2\/categories?post=114899"},{"taxonomy":"post_tag","embeddable":true,"href":"https:\/\/www.europesays.com\/es\/wp-json\/wp\/v2\/tags?post=114899"}],"curies":[{"name":"wp","href":"https:\/\/api.w.org\/{rel}","templated":true}]}}