{"id":114901,"date":"2025-09-14T18:10:23","date_gmt":"2025-09-14T18:10:23","guid":{"rendered":"https:\/\/www.europesays.com\/es\/114901\/"},"modified":"2025-09-14T18:10:23","modified_gmt":"2025-09-14T18:10:23","slug":"albacete-pakoto-martinez-estrenara-tres-proyectos-de-animacion","status":"publish","type":"post","link":"https:\/\/www.europesays.com\/es\/114901\/","title":{"rendered":"Albacete. &#8216;Pakoto&#8217; Mart\u00ednez estrenar\u00e1 tres proyectos de animaci\u00f3n"},"content":{"rendered":"<p>La famosa frase de poner una pica en Flandes, s\u00ed. Pero lo que ha logrado Pakoto (Francisco Jos\u00e9) Mart\u00ednez en la actual centuria, desde finales de la anterior d\u00e9cada, en la que estamos -y seguro que ya para el futuro, merced a la calidad de sus trabajos- es m\u00e1s, mucho m\u00e1s. Ah\u00ed es nada: conseguir un sitio importante como artista de animaci\u00f3n en la m\u00e1xima potencia planetaria de estos tiempos que es Estados Unidos. Adem\u00e1s, trabajando para diversas multinacionales, entre ellas dos de las m\u00e1s punteras, Netflix y Disney, que abarcan todo el mundo, donde en los cr\u00e9ditos aparece la firma de este albacetense que vive en Madrid. Y que en este su annus mirabilis est\u00e1 a punto de que se estrenen de manera inmediata otros tres de sus trabajos, am\u00e9n de los muchos encargos que se le acumulan en su apretada agenda.<\/p>\n<p>Con la sencillez y la humildad por bandera, que, seg\u00fan cuenta, es lo propio de los albacetenses, Pakoto -con sus 37 a\u00f1os, relativamente joven en esta profesi\u00f3n para su ya amplia colecci\u00f3n de triunfos- no presume de sus continuos \u00e9xitos profesionales, porque de lo \u00fanico que se muestra orgulloso es de sentirse embajador de la tierra all\u00e1 por donde vaya. No obstante, s\u00ed que explica brevemente esa terna de proyectos de animaci\u00f3n ya terminados y a punto de estrenarse. El primero es un corto de terror en 3D llamado El fantasma de La Quinta, que cuenta la historia de Goya y las Pinturas Negras. Dirigido por James Castillo y donde \u00e9l particip\u00f3 con la direcci\u00f3n de arte, junto con el propio director y en el que se ha contado con la voz de Maribel Verd\u00fa para narrarlo.\u00a0<\/p>\n<p>El siguiente es El tesoro de Barracuda, pel\u00edcula de animaci\u00f3n 2D para toda la familia, sobre piratas y aventuras. \u00abDonde me encargu\u00e9 de hacer personajes y desarrollo visual, escenas a mi estilo y m\u00e1s cosas\u00bb, precisa. Y el otro -a estrenar en octubre- es en este tipo de pel\u00edculas, aunque en este caso\u00a0 para adultos, del estudio Uniko, ganador de varios Goya por sus films y sus cortometrajes, siendo el trabajo del paisano ilustrar fondos.<\/p>\n<p>Claro que, m\u00e1s all\u00e1 de estos trabajos y diversos m\u00e1s en bastantes firmas espa\u00f1olas, es menester, justo y necesario destacar los que ha llevado a cabo para las famosas multinacionales norteamericanas. Por ejemplo, Netflix, tras ser reclamado por la poderos\u00edsima firma que hab\u00eda valorado su trabajo en la pel\u00edcula estadounidense de animaci\u00f3n El libro de la vida -producida por Guillermo del Toro y dirigida por Jorge Guti\u00e9rrez-, de enorme \u00e9xito.\u00a0<\/p>\n<p>Su primera colaboraci\u00f3n con Netflix fue en Maya y los tres, We Lost Our Human, la nueva Charlie y La F\u00e1brica de Chocolate y recientemente la direcci\u00f3n de arte para Preschool, un proyecto que todav\u00eda no se ha anunciado por todo el mundo y del que, como es l\u00f3gico, no puede hablar hasta que se estrene. Cual acontece con la m\u00edtica Disney, de la que confiesa que trabajar para ellos, cuyas pel\u00edculas tanto le gustaron en su infancia haciendo dise\u00f1o de personajes, \u00abfue como cumplir un sue\u00f1o\u00bb, y cuya \u00faltima colaboraci\u00f3n a\u00fan no ha salido a la luz de manera oficial.\u00a0<\/p>\n<p>Igualmente, su nombre aparece en los cr\u00e9ditos de otras empresas extranjeras, desde Irlanda a Filipinas, con otra serie de trabajos por encargo en los que siempre ha cumplido las duras exigencias. Y sin olvidar dos cuestiones m\u00e1s. De un lado, que galer\u00edas de grandes capitales mundiales cuelgan sus creaciones: Nueva York, Par\u00eds, Montreal, M\u00e9xico D.F., Z\u00farich, Los \u00c1ngeles, entre otras. Y de otro, que son muchas tambi\u00e9n las firmas espa\u00f1olas que conf\u00edan en sus dise\u00f1os para su publicidad.<\/p>\n<p>Al cuestionarle sobre su vocaci\u00f3n, confiesa que ya de peque\u00f1o disfrutaba mucho dibujando \u00absin parar en la escuela, el bachiller y el instituto\u00bb, por lo que estaba claro que iba a estudiar Bellas Artes, matricul\u00e1ndose en Granada. Y no deja pasar la ocasi\u00f3n de loar a su padre, sic\u00f3logo, al que le gustaba mucho pintar, y su madre, m\u00e9dica. Ambos tanto a \u00e9l, como a su hermano mayor, tambi\u00e9n artista pero s\u00f3lo de 3D, siempre les apoyaron y les potenciaron en su camino creativo. \u00abAunque la m\u00e1s inteligente fue mi hermana, que eligi\u00f3 mejor y tambi\u00e9n acab\u00f3 la carrera de medicina, ja ja\u00bb.<\/p>\n<p>De modo que ya en Albacete, donde muy pronto empez\u00f3 a coger fama por sus comics, algunos de los cuales fotocopiaba y vend\u00eda a amigos y familiares, le encargaron ilustraciones y posters para grupos de m\u00fasica de amigos suyos. Despu\u00e9s lleg\u00f3 el salto a Granada, ya con sus primeros trabajos en animaci\u00f3n, algunos de los cuales envi\u00f3 a Norteam\u00e9rica. \u00abPero apenas conoc\u00eda amigos que se dedicaran a lo mismo. Ten\u00eda que venir de visita a Madrid para juntarme con artistas colegas. Hasta que un d\u00eda decid\u00ed mudarme a la capital y ya no hay quien me mueva de aqu\u00ed\u00bb.\u00a0<\/p>\n<p>Es evidente que tras esta m\u00e1s o menos eterna declaraci\u00f3n de amor por la capital de Espa\u00f1a, es obligado cuestionarle las razones, que aduce \u00abson muchas\u00bb y pasa a justificarlas. \u00abDesde que llegu\u00e9 lo sent\u00ed casa. La buena gente, una mezcla de personas en tu misma situaci\u00f3n, de aut\u00f3ctonos que te hacen sentir bienvenido, el movimiento que tiene y las posibilidades culturales diarias\u00bb.\u00a0<\/p>\n<p>Y concluye a\u00f1adiendo que para su especializado trabajo tambi\u00e9n le viene muy bien Madrid. No s\u00f3lo porque haya muchos compa\u00f1eros y amigos de profesi\u00f3n, sino por la abundancia de estudios de animaci\u00f3n con sus correspondientes y continuos eventos de este asunto \u00aby un sinf\u00edn de cosas que hace que vivir aqu\u00ed merezca la pena\u00bb, zanja. Hasta el punto de que admite que le han llegado sustanciosas ofertas para trabajar en Los \u00c1ngeles, que ha rechazado y no s\u00f3lo porque pueda, en parte cubrirlas, teletrabajando, sino por su cari\u00f1o a la capital de Espa\u00f1a.<\/p>\n<p>Lo que no quita para que se sienta totalmente de Albacete, presumiendo de tantas cosas buenas que tiene, destacando de manera muy especial la que califica como \u00abmejor Feria del mundo\u00bb, que opina y se alegra de ello que se la conoce por todas partes. \u00abQuien no ha ido, tiene ganas de ir. Y el que ha estado, tiene ganas de repetir\u00bb. Por cierto, que a la de este a\u00f1o, que se inicia hoy no va a faltar como m\u00ednimo el pr\u00f3ximo fin de semana.\u00a0<\/p>\n<p>Argumenta, adem\u00e1s, que hay algo muy curioso, y que ha comprobado en primera persona: la gente le tiene cari\u00f1o a Albacete, a veces sin haber estado nunca, y en especial a los albacete\u00f1os. \u00abEn parte por nuestro original y ya famoso sentido del humor y, claro, ea, por el incre\u00edble talento que tenemos en las m\u00e1s diversas artes: humoristas, cantantes, artistas, directores, escritores y un largu\u00edsimo etc\u00e9tera\u00bb.<\/p>\n","protected":false},"excerpt":{"rendered":"La famosa frase de poner una pica en Flandes, s\u00ed. Pero lo que ha logrado Pakoto (Francisco Jos\u00e9)&hellip;\n","protected":false},"author":2,"featured_media":114902,"comment_status":"","ping_status":"","sticky":false,"template":"","format":"standard","meta":{"footnotes":""},"categories":[169],"tags":[2545,229,177,32706,8039,1060,146,147,25,24,629,20155,176,494,4003,2908,205,13517,3736,175,31098,152,896,4759,23],"class_list":{"0":"post-114901","1":"post","2":"type-post","3":"status-publish","4":"format-standard","5":"has-post-thumbnail","7":"category-cine","8":"tag-albacete","9":"tag-arte","10":"tag-cine","11":"tag-cortometrajes","12":"tag-creditos","13":"tag-disney","14":"tag-entertainment","15":"tag-entretenimiento","16":"tag-es","17":"tag-espana","18":"tag-estados-unidos","19":"tag-filipinas","20":"tag-film","21":"tag-granada","22":"tag-guillermo-del-toro","23":"tag-irlanda","24":"tag-madrid","25":"tag-maribel-verdu","26":"tag-montreal","27":"tag-movies","28":"tag-multinacionales","29":"tag-netflix","30":"tag-nueva-york","31":"tag-paris","32":"tag-spain"},"share_on_mastodon":{"url":"","error":""},"_links":{"self":[{"href":"https:\/\/www.europesays.com\/es\/wp-json\/wp\/v2\/posts\/114901","targetHints":{"allow":["GET"]}}],"collection":[{"href":"https:\/\/www.europesays.com\/es\/wp-json\/wp\/v2\/posts"}],"about":[{"href":"https:\/\/www.europesays.com\/es\/wp-json\/wp\/v2\/types\/post"}],"author":[{"embeddable":true,"href":"https:\/\/www.europesays.com\/es\/wp-json\/wp\/v2\/users\/2"}],"replies":[{"embeddable":true,"href":"https:\/\/www.europesays.com\/es\/wp-json\/wp\/v2\/comments?post=114901"}],"version-history":[{"count":0,"href":"https:\/\/www.europesays.com\/es\/wp-json\/wp\/v2\/posts\/114901\/revisions"}],"wp:featuredmedia":[{"embeddable":true,"href":"https:\/\/www.europesays.com\/es\/wp-json\/wp\/v2\/media\/114902"}],"wp:attachment":[{"href":"https:\/\/www.europesays.com\/es\/wp-json\/wp\/v2\/media?parent=114901"}],"wp:term":[{"taxonomy":"category","embeddable":true,"href":"https:\/\/www.europesays.com\/es\/wp-json\/wp\/v2\/categories?post=114901"},{"taxonomy":"post_tag","embeddable":true,"href":"https:\/\/www.europesays.com\/es\/wp-json\/wp\/v2\/tags?post=114901"}],"curies":[{"name":"wp","href":"https:\/\/api.w.org\/{rel}","templated":true}]}}