{"id":114907,"date":"2025-09-14T18:13:07","date_gmt":"2025-09-14T18:13:07","guid":{"rendered":"https:\/\/www.europesays.com\/es\/114907\/"},"modified":"2025-09-14T18:13:07","modified_gmt":"2025-09-14T18:13:07","slug":"onda-cadiz-rtv-estara-presente-en-el-south-internacional-series-festival-con-una-programacion-especial","status":"publish","type":"post","link":"https:\/\/www.europesays.com\/es\/114907\/","title":{"rendered":"Onda C\u00e1diz RTV estar\u00e1 presente en el South Internacional Series Festival con una programaci\u00f3n especial"},"content":{"rendered":"<p>El actor Paco Le\u00f3n durante unos de las actos de esta edici\u00f3n del festival.<\/p>\n<p>El set, ubicado en el Palacio de Congresos, contar\u00e1 con la presencia de los protagonistas del festival que se desarrolla hasta el mi\u00e9rcoles 17 de septiembre<\/p>\n<p>C\u00e1diz vuelve a acoger la celebraci\u00f3n South Internacional Series Festival desde este pasado viernes y la radio televisi\u00f3n p\u00fablica municipal acompa\u00f1ar\u00e1 esta tercera edici\u00f3n con una programaci\u00f3n especial en directo que se emitir\u00e1 desde el centro de operaciones del evento en el Palacio de Congresos de C\u00e1diz.<\/p>\n<p>Ser\u00e1n tres los programas que se van a realizar de lunes a mi\u00e9rcoles para contar lo que acontece durente el festival con los distitnos protagonistas del mismo hasta el d\u00eda de la clausura, este 17 de septiembre.<\/p>\n<p>El espacio ser\u00e1 conducido desde el set por Enrique Miranda y estar\u00e1 acompa\u00f1ado con el micr\u00f3fono inal\u00e1mbrico por Carmen M\u00e1s. Una hora y media de contenido exclusivo que tiene previsto su inicio a partir de las 12:30 horas y que se extender\u00e1 hasta las 14:00 horas de la tarde con la intenci\u00f3n de llevar de primera mano.<\/p>\n<p>Onda C\u00e1diz RTVacerca de esta forma a todos los hogares de la ciudad toda la actualidad que el mundo de las seires nacionales e internacionales dejan en su paso por la ciudad.<\/p>\n","protected":false},"excerpt":{"rendered":"El actor Paco Le\u00f3n durante unos de las actos de esta edici\u00f3n del festival. El set, ubicado en&hellip;\n","protected":false},"author":2,"featured_media":114908,"comment_status":"","ping_status":"","sticky":false,"template":"","format":"standard","meta":{"footnotes":""},"categories":[91],"tags":[4378,146,147,25,24,4376,23,4377],"class_list":{"0":"post-114907","1":"post","2":"type-post","3":"status-publish","4":"format-standard","5":"has-post-thumbnail","7":"category-entretenimiento","8":"tag-actualidad-cadiz","9":"tag-entertainment","10":"tag-entretenimiento","11":"tag-es","12":"tag-espana","13":"tag-informacion-cadiz","14":"tag-spain","15":"tag-television-cadiz"},"share_on_mastodon":{"url":"","error":""},"_links":{"self":[{"href":"https:\/\/www.europesays.com\/es\/wp-json\/wp\/v2\/posts\/114907","targetHints":{"allow":["GET"]}}],"collection":[{"href":"https:\/\/www.europesays.com\/es\/wp-json\/wp\/v2\/posts"}],"about":[{"href":"https:\/\/www.europesays.com\/es\/wp-json\/wp\/v2\/types\/post"}],"author":[{"embeddable":true,"href":"https:\/\/www.europesays.com\/es\/wp-json\/wp\/v2\/users\/2"}],"replies":[{"embeddable":true,"href":"https:\/\/www.europesays.com\/es\/wp-json\/wp\/v2\/comments?post=114907"}],"version-history":[{"count":0,"href":"https:\/\/www.europesays.com\/es\/wp-json\/wp\/v2\/posts\/114907\/revisions"}],"wp:featuredmedia":[{"embeddable":true,"href":"https:\/\/www.europesays.com\/es\/wp-json\/wp\/v2\/media\/114908"}],"wp:attachment":[{"href":"https:\/\/www.europesays.com\/es\/wp-json\/wp\/v2\/media?parent=114907"}],"wp:term":[{"taxonomy":"category","embeddable":true,"href":"https:\/\/www.europesays.com\/es\/wp-json\/wp\/v2\/categories?post=114907"},{"taxonomy":"post_tag","embeddable":true,"href":"https:\/\/www.europesays.com\/es\/wp-json\/wp\/v2\/tags?post=114907"}],"curies":[{"name":"wp","href":"https:\/\/api.w.org\/{rel}","templated":true}]}}