{"id":114914,"date":"2025-09-14T18:17:08","date_gmt":"2025-09-14T18:17:08","guid":{"rendered":"https:\/\/www.europesays.com\/es\/114914\/"},"modified":"2025-09-14T18:17:08","modified_gmt":"2025-09-14T18:17:08","slug":"denuncian-una-brutal-agresion-a-una-educadora-social-en-un-centro-de-proteccion-de-menores-en-huelva","status":"publish","type":"post","link":"https:\/\/www.europesays.com\/es\/114914\/","title":{"rendered":"Denuncian una \u00abbrutal agresi\u00f3n\u00bb a una educadora social en un centro de protecci\u00f3n de menores en Huelva"},"content":{"rendered":"<p>Comisiones Obreras se\u00f1ala que tres j\u00f3venes le aplicaron la t\u00e9cnica del matale\u00f3n a la trabajadora para coger sus tel\u00e9fonos m\u00f3viles\n<\/p>\n<p><img fetchpriority=\"high\" class=\"voc-img\" src=\"https:\/\/www.europesays.com\/es\/wp-content\/uploads\/2025\/09\/educadora-social-protesta-Rifc6W8chvglsH3REXDpkgJ-1200x840@diario_abc.jpg\" loading=\"eager\" decoding=\"async\" alt=\"Denuncian una \u00abbrutal agresi\u00f3n\u00bb a una educadora social en un centro de protecci\u00f3n de menores en Huelva\" width=\"1200\" height=\"840\"\/><\/p>\n<p>abc  <\/p>\n<p class=\"voc-p\" style=\"\">CCOO Huelva ha denunciado una <strong>\u00abbrutal agresi\u00f3n\u00bb<\/strong> a una educadora social en un centro de protecci\u00f3n de menores de la capital onubense \u00abmientras trabajaba sola en su turno de noche\u00bb, a la que habr\u00eda dejado inconsciente con la denominada t\u00e9cnica del <strong>&#8216;matale\u00f3n&#8217;,<\/strong> que consiste en estrangular durante unos instantes y por la espalda a la v\u00edctima.<\/p>\n<p class=\"voc-p\" style=\"\">Se\u00f1ala el sindicato que tres menores de edad, de nacionalidad espa\u00f1ola, <strong>planearon coger sus m\u00f3viles<\/strong>, \u00abque estaban bajo llave en el despacho\u00bb, y que uno de ellos habr\u00eda agredido a la educadora.<\/p>\n<p class=\"voc-p\" style=\"\"><strong>La trabajadora pudo recobrar la consciencia<\/strong> y empez\u00f3 a pedir auxilio, pero el joven volvi\u00f3 a dejarla inconsciente \u00abmientras los otros dos eran observadores y c\u00f3mplices de lo que estaba ocurriendo\u00bb. Cuando los menores se marcharon de la casa, la educadora pudo ponerse en contacto con el director del centro y pas\u00f3 la noche hospitalizada, seg\u00fan se\u00f1ala la delegada de personal de CCOO del centro, Lydian Guerrero.<\/p>\n<p class=\"voc-p\" style=\"\">Dos de los menores fueron puestos a disposici\u00f3n judicial y el autor material de los hechos se encuentra fugado. Los trabajadores de la provincia de Huelva ya se hab\u00edan concentrado en varias ocasiones solicitando un aumento de ratios de personal, <strong>\u00abprotocolos y medidas de seguridad<\/strong> y salarios acordes a su responsabilidad\u00ab.<\/p>\n<p>Reportar un error<\/p>\n","protected":false},"excerpt":{"rendered":"Comisiones Obreras se\u00f1ala que tres j\u00f3venes le aplicaron la t\u00e9cnica del matale\u00f3n a la trabajadora para coger sus&hellip;\n","protected":false},"author":2,"featured_media":114915,"comment_status":"","ping_status":"","sticky":false,"template":"","format":"standard","meta":{"footnotes":""},"categories":[8],"tags":[11971,17,18,7573,245,3114,9914,25,24,13,14,11,4397,19,20,1567,9,10,15,16,588,2930,23,12,21,22],"class_list":{"0":"post-114914","1":"post","2":"type-post","3":"status-publish","4":"format-standard","5":"has-post-thumbnail","7":"category-espana","8":"tag-agresion","9":"tag-breaking-news","10":"tag-breakingnews","11":"tag-brutal","12":"tag-centro","13":"tag-denuncian","14":"tag-educadora","15":"tag-es","16":"tag-espana","17":"tag-featured-news","18":"tag-featurednews","19":"tag-headlines","20":"tag-huelva","21":"tag-latest-news","22":"tag-latestnews","23":"tag-menores","24":"tag-news","25":"tag-noticias","26":"tag-noticias-destacadas","27":"tag-noticiasdestacadas","28":"tag-proteccion","29":"tag-social","30":"tag-spain","31":"tag-titulares","32":"tag-ultimas-noticias","33":"tag-ultimasnoticias"},"share_on_mastodon":{"url":"","error":""},"_links":{"self":[{"href":"https:\/\/www.europesays.com\/es\/wp-json\/wp\/v2\/posts\/114914","targetHints":{"allow":["GET"]}}],"collection":[{"href":"https:\/\/www.europesays.com\/es\/wp-json\/wp\/v2\/posts"}],"about":[{"href":"https:\/\/www.europesays.com\/es\/wp-json\/wp\/v2\/types\/post"}],"author":[{"embeddable":true,"href":"https:\/\/www.europesays.com\/es\/wp-json\/wp\/v2\/users\/2"}],"replies":[{"embeddable":true,"href":"https:\/\/www.europesays.com\/es\/wp-json\/wp\/v2\/comments?post=114914"}],"version-history":[{"count":0,"href":"https:\/\/www.europesays.com\/es\/wp-json\/wp\/v2\/posts\/114914\/revisions"}],"wp:featuredmedia":[{"embeddable":true,"href":"https:\/\/www.europesays.com\/es\/wp-json\/wp\/v2\/media\/114915"}],"wp:attachment":[{"href":"https:\/\/www.europesays.com\/es\/wp-json\/wp\/v2\/media?parent=114914"}],"wp:term":[{"taxonomy":"category","embeddable":true,"href":"https:\/\/www.europesays.com\/es\/wp-json\/wp\/v2\/categories?post=114914"},{"taxonomy":"post_tag","embeddable":true,"href":"https:\/\/www.europesays.com\/es\/wp-json\/wp\/v2\/tags?post=114914"}],"curies":[{"name":"wp","href":"https:\/\/api.w.org\/{rel}","templated":true}]}}