{"id":114920,"date":"2025-09-14T18:20:07","date_gmt":"2025-09-14T18:20:07","guid":{"rendered":"https:\/\/www.europesays.com\/es\/114920\/"},"modified":"2025-09-14T18:20:07","modified_gmt":"2025-09-14T18:20:07","slug":"diego-ventura-dos-orejas-magnifico-en-el-ecuador-de-albacete","status":"publish","type":"post","link":"https:\/\/www.europesays.com\/es\/114920\/","title":{"rendered":"Diego Ventura, dos orejas, magn\u00edfico en el ecuador de Albacete"},"content":{"rendered":"<p>La corrida de rejones llen\u00f3 la plaza en la s\u00e9ptima de la <strong>Feria de la Virgen de los Llanos <\/strong>de <strong>Albacete<\/strong>. El primer toro de <strong>Los Espartales<\/strong> galop\u00f3 tras el primer rej\u00f3n de castigo de <strong>Sergio Gal\u00e1n<\/strong>, sustituto de <strong>Andy Cartagena<\/strong>. Destac\u00f3 en el primer pasaje de banderillas, luego baj\u00f3 el nivel de la faena que nunca se fue arriba en las siguientes farpas, de manera que la actuaci\u00f3n de <strong>Gal\u00e1n<\/strong> no lleg\u00f3 a alcanzar la notoriedad del triunfo. El rej\u00f3n de muerte qued\u00f3 trasero.<\/p>\n<p><strong>Diego Ventura<\/strong> alborot\u00f3 los tendidos con su magna y magn\u00edfica faena ante un buen toro de <strong>Los Espartales <\/strong>que hizo segundo. Dej\u00f3 llegar mucho al toro y de forma ajustada y muy t\u00e9cnico desarroll\u00f3 los primeros momentos de su sobresaliente actuaci\u00f3n en colocaci\u00f3n de los rejones con Quirico anunciando el momento m\u00e1s culminante en esta ocasi\u00f3n con L\u00edo y dos quiebros espl\u00e9ndidos y espectaculares. El momento cumbre de la faena luego con Brillante con las cortas al viol\u00edn y tras un rej\u00f3n de muerte muy eficaz cort\u00f3 dos orejas. Magn\u00edfico <strong>Ventura<\/strong>.<\/p>\n<p><strong>Lea Vicens<\/strong> se encontr\u00f3 con otro colaborador toro de <strong>Los Espartales<\/strong>. La faena de la francesa no pas\u00f3 de discreta con desajustes en la colocaci\u00f3n, tropezando en alg\u00fan momento el toro al caballo. Tuvo que echar pie a tierra tras rej\u00f3n de muerte y tras tres descabellos escuch\u00f3 palmas.<\/p>\n<p><strong>Albacete<\/strong>, domingo 14 de septiembre de 2025. Toros de <strong>Los Espartales<\/strong>.\u00a0<strong>Sergio Gal\u00e1n<\/strong>, que sustituy\u00f3 a <strong>Andy<\/strong> <strong>Cartagena<\/strong>, palmas; <strong>Diego Ventura<\/strong>, dos orejas; y <strong>Lea<\/strong> <strong>Vicens<\/strong>, palmas. <strong>Entrada<\/strong>: Lleno.<\/p>\n","protected":false},"excerpt":{"rendered":"La corrida de rejones llen\u00f3 la plaza en la s\u00e9ptima de la Feria de la Virgen de los&hellip;\n","protected":false},"author":2,"featured_media":114921,"comment_status":"","ping_status":"","sticky":false,"template":"","format":"standard","meta":{"footnotes":""},"categories":[277],"tags":[45,2545,373,168,5642,25,24,37265,23435,38706,23,167,374],"class_list":{"0":"post-114920","1":"post","2":"type-post","3":"status-publish","4":"format-standard","5":"has-post-thumbnail","7":"category-toreo","8":"tag-45","9":"tag-albacete","10":"tag-bullfighting","11":"tag-deportes","12":"tag-diego-ventura","13":"tag-es","14":"tag-espana","15":"tag-feria-de-la-virgen-de-los-llanos","16":"tag-lea-vicens","17":"tag-sergio-galan","18":"tag-spain","19":"tag-sports","20":"tag-toreo"},"share_on_mastodon":{"url":"","error":""},"_links":{"self":[{"href":"https:\/\/www.europesays.com\/es\/wp-json\/wp\/v2\/posts\/114920","targetHints":{"allow":["GET"]}}],"collection":[{"href":"https:\/\/www.europesays.com\/es\/wp-json\/wp\/v2\/posts"}],"about":[{"href":"https:\/\/www.europesays.com\/es\/wp-json\/wp\/v2\/types\/post"}],"author":[{"embeddable":true,"href":"https:\/\/www.europesays.com\/es\/wp-json\/wp\/v2\/users\/2"}],"replies":[{"embeddable":true,"href":"https:\/\/www.europesays.com\/es\/wp-json\/wp\/v2\/comments?post=114920"}],"version-history":[{"count":0,"href":"https:\/\/www.europesays.com\/es\/wp-json\/wp\/v2\/posts\/114920\/revisions"}],"wp:featuredmedia":[{"embeddable":true,"href":"https:\/\/www.europesays.com\/es\/wp-json\/wp\/v2\/media\/114921"}],"wp:attachment":[{"href":"https:\/\/www.europesays.com\/es\/wp-json\/wp\/v2\/media?parent=114920"}],"wp:term":[{"taxonomy":"category","embeddable":true,"href":"https:\/\/www.europesays.com\/es\/wp-json\/wp\/v2\/categories?post=114920"},{"taxonomy":"post_tag","embeddable":true,"href":"https:\/\/www.europesays.com\/es\/wp-json\/wp\/v2\/tags?post=114920"}],"curies":[{"name":"wp","href":"https:\/\/api.w.org\/{rel}","templated":true}]}}