{"id":114926,"date":"2025-09-14T18:24:09","date_gmt":"2025-09-14T18:24:09","guid":{"rendered":"https:\/\/www.europesays.com\/es\/114926\/"},"modified":"2025-09-14T18:24:09","modified_gmt":"2025-09-14T18:24:09","slug":"clasificaciones-completas-de-la-8a-etapa-de-la-vuelta-a-venezuela-2025","status":"publish","type":"post","link":"https:\/\/www.europesays.com\/es\/114926\/","title":{"rendered":"Clasificaciones completas de la 8\u00aa etapa de la Vuelta a Venezuela 2025"},"content":{"rendered":"<p>\t\t\t&#13;<br \/>\n&#13;<\/p>\n<p><img loading=\"lazy\" decoding=\"async\" src=\"https:\/\/www.europesays.com\/es\/wp-content\/uploads\/2025\/09\/vuelta-venezuela-et8-clasificaciones-2025-es-ciclismo.jpg\" width=\"556\" height=\"418\" class=\"setborder\" alt=\"Clasificaciones completas de la 8\u00aa etapa de la Vuelta a Venezuela 2025\" title=\"Clasificaciones completas de la 8\u00aa etapa de la Vuelta a Venezuela 2025\"\/><br \/>\n&#13;<br \/>\n&#13;<br \/>\n&#13;<br \/>\n<a href=\"https:\/\/www.esciclismo.com\/actualidad\/esciclismo\/\" rel=\"nofollow noopener\" target=\"_blank\">EsCiclismo.com<\/a> \u00b7 <a href=\"https:\/\/www.esciclismo.com\/actualidad\/carretera\/\" rel=\"nofollow noopener\" target=\"_blank\">Competici\u00f3n Carretera<\/a>  \u00b7 14\/09\/2025<\/p>\n<p>\u00c9stas son las clasificaciones completas tras la 8\u00aa y \u00faltima etapa de la Vuelta a Venezuela 2025, una jornada de 120 kil\u00f3metros disputada este domingo, 14 de septiembre, en un circuito urbano por Miranda.<\/p>\n<p>&#13;<\/p>\n<p><b id=\"P1\"\/><a href=\"https:\/\/www.esciclismo.com\/actualidad\/carretera\/88020.html\" rel=\"nofollow noopener\" target=\"_blank\">La victoria en la etapa fue para el colombiano Cristian Dami\u00e1n V\u00e9lez<\/a> (GW-Erco Shimano), que se impuso al sprint por delante del venezolano Leangel Meneses (Tavfer-Ovos Matinados) y del tambi\u00e9n local Edwin Torres (Loter\u00eda del T\u00e1chira), segundo y tercero respectivamente.<\/p>\n<p>&#13;<\/p>\n<p>El venezolano Luis Guillermo Mora (Gobierno Bolivariano de Trujillo) defendi\u00f3 sin sobresaltos su liderato y se proclam\u00f3 campe\u00f3n final de la 62\u00aa edici\u00f3n de la Vuelta a Venezuela.<\/p>\n<p>&#13;<br \/>\nClasificaciones de la Vuelta a Venezuela 2025 &#8211; Etapa 8&#13;<\/p>\n<p><b>Clasificaci\u00f3n de la 8\u00aa etapa:<\/b><br \/>&#13;<br \/>\n1. Cristian Dami\u00e1n V\u00e9lez (COL\/GW-Erco Shimano) &#8211; 2:25:29<br \/>&#13;<br \/>\n2. Leangel Meneses (VEN\/Tavfer-Ovos Matinados) &#8211; m.t.<br \/>&#13;<br \/>\n3. Edwin Torres (VEN\/Loter\u00eda del T\u00e1chira) &#8211; m.t.<br \/>&#13;<br \/>\n4. Jos\u00e9 Alberto Dom\u00ednguez (CUB\/Selecci\u00f3n de Cuba) &#8211; m.t.<br \/>&#13;<br \/>\n5. Franklin Chac\u00f3n (VEN\/Loter\u00eda del T\u00e1chira) &#8211; m.t.<br \/>&#13;<br \/>\n6. Jhonny Araujo (VEN\/Gob. de Trujillo-MPP Comercio) &#8211; m.t.<br \/>&#13;<br \/>\n7. Gon\u00e7alo Carvalho (POR\/Tavfer-Ovos Matinados) &#8211; m.t.<br \/>&#13;<br \/>\n8. Reinaldo Arocha (VEN\/Polit\u00e1chira) &#8211; m.t.<br \/>&#13;<br \/>\n9. Luis G\u00f3mez (VEN\/Fina Arroz-Banca Amiga) &#8211; m.t.<br \/>&#13;<br \/>\n10. Yosimar Jerez (COL\/Fam Birdman-Level up) &#8211; m.t.<br \/>&#13;<br \/>\n11. Jad Colmenares (VEN\/Universidad UPTAIET) &#8211; m.t.  <br \/>&#13;<br \/>\n12. C\u00e9sar Martingil (POR\/Tavfer-Ovos Matinados) &#8211; m.t.  <br \/>&#13;<br \/>\n13. \u00c1ngel S\u00e1nchez (ESP\/Tavfer-Ovos Matinados) &#8211; m.t.  <br \/>&#13;<br \/>\n14. Miguel Pe\u00f1a (VEN\/Oriental La Primog\u00e9nita) &#8211; m.t.  <br \/>&#13;<br \/>\n15. Yenfron Guerrero (VEN\/Polit\u00e1chira) &#8211; m.t.<\/p>\n<p>M\u00e1s en breve.<\/p>\n<p>&#13;<\/p>\n<p><b id=\"P3\"\/><b>Clasificaci\u00f3n general final:<\/b><br \/>&#13;<br \/>\n1. Luis Guillermo Mora (VEN\/Gob. Boliv. de Trujillo) &#8211; 27:54:32 <br \/>&#13;<br \/>\n2. Juan Carlos L\u00f3pez (COL\/GW-Erco Shimano) a 0:30<br \/>&#13;<br \/>\n3. Juan Ruiz (VEN\/Gob. Boliv. de Trujillo) a 1:05<br \/>&#13;<br \/>\n4. Anderson Timoteo Paredes (VEN\/Loter\u00eda del T\u00e1chira) a 1:12<br \/>&#13;<br \/>\n5. \u00c1ngel S\u00e1nchez (ESP\/Tavfer-Ovos Matinados) a 1:52<br \/>&#13;<br \/>\n6. Camilo Andr\u00e9s G\u00f3mez (COL\/GW-Erco Shimano) a 2:38<br \/>&#13;<br \/>\n7. Johnatan Ca\u00f1averal (COL\/GW-Erco Shimano) a 2:56<br \/>&#13;<br \/>\n8. Roniel Campos (VEN\/Selecci\u00f3n de Venezuela) a 3:12<br \/>&#13;<br \/>\n9. Anthuar Rachidd Gonz\u00e1lez (COL\/Fam Birdman-Level up) a 4:11<br \/>&#13;<br \/>\n10. Carlos Galvis (VEN\/Polit\u00e1chira) a 4:27<br \/>&#13;<br \/>\n11. Gon\u00e7alo Carvalho (POR\/Tavfer-Ovos Matinados) a 4:51  <br \/>&#13;<br \/>\n12. Luis Pinto (VEN\/Indet Cricket BDV Gran Misi\u00f3n Vivienda) a 5:13  <br \/>&#13;<br \/>\n13. Yorman Fuentes (VEN\/Trululu) a 5:54  <br \/>&#13;<br \/>\n14. Pedro Sequera (VEN\/Indet Cricket BDV Gran Misi\u00f3n Vivienda) a 6:11  <br \/>&#13;<br \/>\n15. Winston Maestre (VEN\/Kino T\u00e1chira-Alicanto) a 9:43<\/p>\n<p>M\u00e1s en breve.<\/p>\n<p>&#13;<br \/>\n&#13;<br \/>\n&#13;<br \/>\nEsCiclismo &#8211; Todos los derechos reservados. Est\u00e1 prohibido todo tipo de reproducci\u00f3n sin autorizaci\u00f3n expresa escrita.<br \/>&#13;<br \/>\n&#13;<\/p>\n<blockquote class=\"style-3\"><p>\ud83d\udce3<\/p>\n<p>Sigue toda la actualidad del mundo del ciclismo en nuestros canales de <a href=\"https:\/\/bit.ly\/WhatsappEsCiclismo\" target=\"_blank\" rel=\"noopener nofollow\"><b>WhatsApp<\/b><\/a> y <a href=\"https:\/\/bit.ly\/EsciclismoTelegram\" target=\"_blank\" rel=\"noopener nofollow\"><b>Telegram<\/b><\/a>, donde recibiras las noticias m\u00e1s destacadas.<\/p>\n<\/blockquote>\n","protected":false},"excerpt":{"rendered":"&#13; &#13; &#13; &#13; &#13; EsCiclismo.com \u00b7 Competici\u00f3n Carretera \u00b7 14\/09\/2025 \u00c9stas son las clasificaciones completas tras la&hellip;\n","protected":false},"author":2,"featured_media":114927,"comment_status":"","ping_status":"","sticky":false,"template":"","format":"standard","meta":{"footnotes":""},"categories":[273],"tags":[313,312,168,25,24,23,167],"class_list":{"0":"post-114926","1":"post","2":"type-post","3":"status-publish","4":"format-standard","5":"has-post-thumbnail","7":"category-ciclismo","8":"tag-ciclismo","9":"tag-cycling","10":"tag-deportes","11":"tag-es","12":"tag-espana","13":"tag-spain","14":"tag-sports"},"share_on_mastodon":{"url":"","error":""},"_links":{"self":[{"href":"https:\/\/www.europesays.com\/es\/wp-json\/wp\/v2\/posts\/114926","targetHints":{"allow":["GET"]}}],"collection":[{"href":"https:\/\/www.europesays.com\/es\/wp-json\/wp\/v2\/posts"}],"about":[{"href":"https:\/\/www.europesays.com\/es\/wp-json\/wp\/v2\/types\/post"}],"author":[{"embeddable":true,"href":"https:\/\/www.europesays.com\/es\/wp-json\/wp\/v2\/users\/2"}],"replies":[{"embeddable":true,"href":"https:\/\/www.europesays.com\/es\/wp-json\/wp\/v2\/comments?post=114926"}],"version-history":[{"count":0,"href":"https:\/\/www.europesays.com\/es\/wp-json\/wp\/v2\/posts\/114926\/revisions"}],"wp:featuredmedia":[{"embeddable":true,"href":"https:\/\/www.europesays.com\/es\/wp-json\/wp\/v2\/media\/114927"}],"wp:attachment":[{"href":"https:\/\/www.europesays.com\/es\/wp-json\/wp\/v2\/media?parent=114926"}],"wp:term":[{"taxonomy":"category","embeddable":true,"href":"https:\/\/www.europesays.com\/es\/wp-json\/wp\/v2\/categories?post=114926"},{"taxonomy":"post_tag","embeddable":true,"href":"https:\/\/www.europesays.com\/es\/wp-json\/wp\/v2\/tags?post=114926"}],"curies":[{"name":"wp","href":"https:\/\/api.w.org\/{rel}","templated":true}]}}