{"id":114930,"date":"2025-09-14T18:26:10","date_gmt":"2025-09-14T18:26:10","guid":{"rendered":"https:\/\/www.europesays.com\/es\/114930\/"},"modified":"2025-09-14T18:26:10","modified_gmt":"2025-09-14T18:26:10","slug":"el-clavijo-se-regala-un-triunfo-en-el-ultimo-segundo-para-empezar","status":"publish","type":"post","link":"https:\/\/www.europesays.com\/es\/114930\/","title":{"rendered":"El Clavijo se regala un triunfo en el \u00faltimo segundo para empezar"},"content":{"rendered":"<p><a class=\"v-mdl-ath__fig-a\" href=\"https:\/\/www.larioja.com\/autor\/luismi-camara-134.html\" title=\"Luismi C\u00e1mara\" rel=\"nofollow noopener\" target=\"_blank\"><br \/>\n<img decoding=\"async\" class=\"v-mdl-ath__img\" src=\"https:\/\/www.europesays.com\/es\/wp-content\/uploads\/2025\/07\/autor-134-foto-2.jpeg\" alt=\"Luismi C\u00e1mara\"\/><br \/>\n<\/a><\/p>\n<p class=\"v-mdl-ath__p v-mdl-ath__p--6\">\nDomingo, 14 de septiembre 2025, 14:10<\/p>\n<p>| Actualizado 15:40h.<\/p>\n<p class=\"v-p\"> Comenz\u00f3 con victoria la ronda de partidos de pretemporada el Reina Prote\u00ednas Clavijo. Gan\u00f3 en su estreno en la Copa Espa\u00f1a por 68-65 ante un Iraurgi que se mostr\u00f3 m\u00e1s rodado que los capitalinos, m\u00e1s intenso en buena parte del partido y con una mejor toma de decisiones cuando el partido se puso serio de verdad. Salvo en el \u00faltimo minuto, cuando una jugada de pizarra resuelta entre Torres y Jacobs, lo mejor del Clavijo, acab\u00f3 con el triple vencedor del estadounidense sobre la bocina.<\/p>\n<p class=\"v-scr__t\">CLAVIJO <\/p>\n<p class=\"v-scr__p v-scr__p--3\"> De Pablo (2), Torres (20), Arbosa (8), Pardina y Pa Mor (8)-cinco inicial-; Berthold (2), Hrabar (4), Royo (), Jacobs (19), Pascua y C\u00e1mara.<\/p>\n<p class=\"v-scr__n-c v-scr__n-c--1 \">\n 68\n<\/p>\n<p class=\"v-scr__n-c v-scr__n-c--2\">\n&#8211;\n<\/p>\n<p class=\"v-scr__n-c v-scr__n-c--3 \">\n 65\n<\/p>\n<p class=\"v-scr__t\">IRAURGI <\/p>\n<p class=\"v-scr__p v-scr__p--3\"> Moncanut, Olaizola (6), Niang (11), Jermain (9) y Miranda (7) -cinco inicial-; Karrera, Aizpitarte (15), Ardanza (17), Arregi e Inda.<\/p>\n<p class=\"v-p\">Mucho trabajo le queda a Ricardo \u00dariz, sobre todo en ataque. Es evidente que en la fase regular el plan de partido no se va a parecer en nada al visto este domingo en el Palacio, con cambios de cinco en cinco y la participaci\u00f3n de canteranos, pero la espesura con el bal\u00f3n llam\u00f3 por momentos demasiado la atenci\u00f3n . Los primeros quince minutos ofensivos del Clavijo fueron muy malos&#8230; Casi ni fueron. Abri\u00f3 Arbosa la anotaci\u00f3n de los blanquiazules tras el primer minuto de juego, y se detuvo hasta que Jacobs logr\u00f3 la segunda cesta en juego de los locales en el catorce. Entre medio, seis tiros libres y diecis\u00e9is tiros errados de manera consecutiva. El combo estadounidense ayud\u00f3 a dejar en nada los nueve puntos que hab\u00eda tomado el cuadro vasco. Un nuevo atasco adelante volvi\u00f3 a destacar al Iraurgi (20-27). Lo mejor, que con tanto fallo, el equipo trabaj\u00f3 atr\u00e1s y segu\u00eda en partido.<\/p>\n<p class=\"v-p\">Cambi\u00f3 el juego tras el descanso. El Clavijo anot\u00f3 cinco triples seguidos pero en defensa fallaba la segunda ayuda. Partido igualado, aunque el Iraurgi jugaba m\u00e1s fluido y el Clavijo viv\u00eda del tiro exterior.<\/p>\n<p class=\"v-p\">El \u00faltimo cuarto ya se pareci\u00f3 m\u00e1s a un partido real, con los dos equipos buscando el triunfo. Pero el Iraurgi castigaba los despistes blanquiazules desde el triple (55-63). Torres se ech\u00f3 el equipo a la espalda y el duelo se decidi\u00f3 en el \u00faltimo minuto (65-65). Fallaron ambos hasta que, con cinco segundos, pint\u00f3 Ricardo \u00dariz en el tiempo muerto, Torres eligi\u00f3 y Jacobs sentenci\u00f3.<\/p>\n<p>Comenta<\/p>\n<p>Reporta un error<\/p>\n","protected":false},"excerpt":{"rendered":"Domingo, 14 de septiembre 2025, 14:10 | Actualizado 15:40h. Comenz\u00f3 con victoria la ronda de partidos de pretemporada&hellip;\n","protected":false},"author":2,"featured_media":114931,"comment_status":"","ping_status":"","sticky":false,"template":"","format":"standard","meta":{"footnotes":""},"categories":[269],"tags":[299,298,4014,168,8752,25,24,4394,1566,23,167,2886,3667],"class_list":{"0":"post-114930","1":"post","2":"type-post","3":"status-publish","4":"format-standard","5":"has-post-thumbnail","7":"category-baloncesto","8":"tag-baloncesto","9":"tag-basketball","10":"tag-clavijo","11":"tag-deportes","12":"tag-empezar","13":"tag-es","14":"tag-espana","15":"tag-regala","16":"tag-segundo","17":"tag-spain","18":"tag-sports","19":"tag-triunfo","20":"tag-ultimo"},"share_on_mastodon":{"url":"","error":""},"_links":{"self":[{"href":"https:\/\/www.europesays.com\/es\/wp-json\/wp\/v2\/posts\/114930","targetHints":{"allow":["GET"]}}],"collection":[{"href":"https:\/\/www.europesays.com\/es\/wp-json\/wp\/v2\/posts"}],"about":[{"href":"https:\/\/www.europesays.com\/es\/wp-json\/wp\/v2\/types\/post"}],"author":[{"embeddable":true,"href":"https:\/\/www.europesays.com\/es\/wp-json\/wp\/v2\/users\/2"}],"replies":[{"embeddable":true,"href":"https:\/\/www.europesays.com\/es\/wp-json\/wp\/v2\/comments?post=114930"}],"version-history":[{"count":0,"href":"https:\/\/www.europesays.com\/es\/wp-json\/wp\/v2\/posts\/114930\/revisions"}],"wp:featuredmedia":[{"embeddable":true,"href":"https:\/\/www.europesays.com\/es\/wp-json\/wp\/v2\/media\/114931"}],"wp:attachment":[{"href":"https:\/\/www.europesays.com\/es\/wp-json\/wp\/v2\/media?parent=114930"}],"wp:term":[{"taxonomy":"category","embeddable":true,"href":"https:\/\/www.europesays.com\/es\/wp-json\/wp\/v2\/categories?post=114930"},{"taxonomy":"post_tag","embeddable":true,"href":"https:\/\/www.europesays.com\/es\/wp-json\/wp\/v2\/tags?post=114930"}],"curies":[{"name":"wp","href":"https:\/\/api.w.org\/{rel}","templated":true}]}}