{"id":114934,"date":"2025-09-14T18:28:05","date_gmt":"2025-09-14T18:28:05","guid":{"rendered":"https:\/\/www.europesays.com\/es\/114934\/"},"modified":"2025-09-14T18:28:05","modified_gmt":"2025-09-14T18:28:05","slug":"a-ver-si-las-celulas-han-viajado-por-la-linfa","status":"publish","type":"post","link":"https:\/\/www.europesays.com\/es\/114934\/","title":{"rendered":"A ver si las c\u00e9lulas han viajado por la linfa&#8230;"},"content":{"rendered":"<p class=\"c-paragraph\"><a href=\"https:\/\/www.20minutos.es\/tags\/personas\/antonia-san-juan.html\" title=\"Antonia San Juan\" rel=\"nofollow noopener\" target=\"_blank\">Antonia San Juan<\/a> ha reaparecido en las redes sociales d\u00edas despu\u00e9s de anunciar que <a href=\"https:\/\/www.20minutos.es\/gente\/antonia-san-juan-anuncia-cancer-confio-plenamente-ciencia_6241644_0.html\" title=\"Antonia San Juan anuncia que tiene c\u00e1ncer: &quot;Conf\u00edo plenamente en la ciencia&quot;\" rel=\"nofollow noopener\" target=\"_blank\"><b>tiene c\u00e1ncer<\/b><\/a>.\u00a0\u00abDije que los iba a tener informados cuando dije el otro d\u00eda que estaba enferma, que ten\u00eda un c\u00e1ncer, y bueno, ya me han mandado el diagn\u00f3stico\u00bb, ha comenzado diciendo la actriz en un v\u00eddeo subido a su Instagram.<\/p>\n<p class=\"c-paragraph\">As\u00ed, ha revelado que <b>este lunes se someter\u00e1 a un PET-TAC de cuerpo completo para comprobar \u00absi las c\u00e9lulas han viajado por la linfa\u00bb<\/b>. Adem\u00e1s, ha anunciado que el martes iniciar\u00e1 el tratamiento de quimioterapia \u00abcada tres semanas hasta principios de marzo\u00bb.<\/p>\n<p class=\"c-paragraph\">\u00ab<b>Con todas las ganas de todo, es lo que hay<\/b>. Hay que vivirlo as\u00ed. Si ya me cuidaba, ahora me cuido m\u00e1s\u00bb, ha relatado, haciendo hincapi\u00e9 en el apoyo de su doctora para que contin\u00fae con su vida normal: \u00abElla me dijo que siguiera haciendo mi vida normal. Tambi\u00e9n voy a seguir yendo a mi gimnasio, voy haciendo mi ejercicio, voy a seguir ilusionada con la vida\u00bb.<\/p>\n<p class=\"c-paragraph\">\u00abCuando aparece la enfermedad hay que enfrentarlo de otra manera, no de una manera tr\u00e1gica. <b>Es una enfermedad como otra cualquiera<\/b>. Hay que cuidarse y hay que hacerle caso al m\u00e9dico. Si antes me cuidaba ahora mucho m\u00e1s\u00bb, indica la recordada Estela Reynolds en La que se avecina.\u00a0 \u00abVoy a seguir cuid\u00e1ndome y dando todo de mi parte\u00bb, se\u00f1ala tajante.<\/p>\n<p class=\"c-paragraph\">Eso s\u00ed, no le aparta la cara a la realidad y ha confesado que <b>su equipo m\u00e9dico le ha advertido que se le va a caer el pelo<\/b>, pero que es lo que menos le importa en estos momentos, ya que su objetico es curarse.<\/p>\n","protected":false},"excerpt":{"rendered":"Antonia San Juan ha reaparecido en las redes sociales d\u00edas despu\u00e9s de anunciar que tiene c\u00e1ncer.\u00a0\u00abDije que los&hellip;\n","protected":false},"author":2,"featured_media":114935,"comment_status":"","ping_status":"","sticky":false,"template":"","format":"standard","meta":{"footnotes":""},"categories":[174],"tags":[33613,255,7164,7510,146,147,25,24,256,409,2228,23],"class_list":{"0":"post-114934","1":"post","2":"type-post","3":"status-publish","4":"format-standard","5":"has-post-thumbnail","7":"category-famosos","8":"tag-antonia","9":"tag-celebrities","10":"tag-da","11":"tag-detalles","12":"tag-entertainment","13":"tag-entretenimiento","14":"tag-es","15":"tag-espana","16":"tag-famosos","17":"tag-juan","18":"tag-san","19":"tag-spain"},"share_on_mastodon":{"url":"","error":""},"_links":{"self":[{"href":"https:\/\/www.europesays.com\/es\/wp-json\/wp\/v2\/posts\/114934","targetHints":{"allow":["GET"]}}],"collection":[{"href":"https:\/\/www.europesays.com\/es\/wp-json\/wp\/v2\/posts"}],"about":[{"href":"https:\/\/www.europesays.com\/es\/wp-json\/wp\/v2\/types\/post"}],"author":[{"embeddable":true,"href":"https:\/\/www.europesays.com\/es\/wp-json\/wp\/v2\/users\/2"}],"replies":[{"embeddable":true,"href":"https:\/\/www.europesays.com\/es\/wp-json\/wp\/v2\/comments?post=114934"}],"version-history":[{"count":0,"href":"https:\/\/www.europesays.com\/es\/wp-json\/wp\/v2\/posts\/114934\/revisions"}],"wp:featuredmedia":[{"embeddable":true,"href":"https:\/\/www.europesays.com\/es\/wp-json\/wp\/v2\/media\/114935"}],"wp:attachment":[{"href":"https:\/\/www.europesays.com\/es\/wp-json\/wp\/v2\/media?parent=114934"}],"wp:term":[{"taxonomy":"category","embeddable":true,"href":"https:\/\/www.europesays.com\/es\/wp-json\/wp\/v2\/categories?post=114934"},{"taxonomy":"post_tag","embeddable":true,"href":"https:\/\/www.europesays.com\/es\/wp-json\/wp\/v2\/tags?post=114934"}],"curies":[{"name":"wp","href":"https:\/\/api.w.org\/{rel}","templated":true}]}}