{"id":114938,"date":"2025-09-14T18:31:11","date_gmt":"2025-09-14T18:31:11","guid":{"rendered":"https:\/\/www.europesays.com\/es\/114938\/"},"modified":"2025-09-14T18:31:11","modified_gmt":"2025-09-14T18:31:11","slug":"salma-de-diego-una-estudiante-de-esad-malaga-entre-los-finalistas-de-ot-2025","status":"publish","type":"post","link":"https:\/\/www.europesays.com\/es\/114938\/","title":{"rendered":"Salma de Diego, una estudiante de ESAD M\u00e1laga entre los finalistas\u00a0de\u00a0OT\u00a02025"},"content":{"rendered":"<p>OT 2025 ya conoce a sus protagonistas. Y entre ellos, una joven afincada en la provincia y estudiante de la Escuela Superior de Arte Dram\u00e1tico  &#8230; de M\u00e1laga. Salma de Diego, una alicantina de 19 a\u00f1os, ha sido seleccionada como una de las finalistas del programa que empieza este pr\u00f3ximo lunes en Amazon Prime Video.<\/p>\n<p class=\"v-p\">En esta nueva edici\u00f3n de Operaci\u00f3n Triunfo participar\u00e1n 18 elegidos, que tratar\u00e1n de demostrar sus dotes art\u00edsticos en la gala 0. Cabe recordar que 11.500 artistas se han presentado a los casting para participar en este concurso televisivo.<\/p>\n<p class=\"v-p\">Olivia, Guillo Rist, Salma de Diego, Mart\u00edn &#8216;Tinho&#8217;, Claudia Arenas, Sam, Mar\u00eda Cruz, Max, Luc\u00eda Casani, Guille Toledano, T\u00e9you, Javi Crespo, Laura Mu\u00f1oz, Carlos, Judit, Iv\u00e1n Rojo, Cristina y Quique son los elegidos que participar\u00e1n en la primera gala, aunque dos de ellos quedar\u00e1n eliminados del concurso tras esta primera batalla de coplas.<\/p>\n<p class=\"v-p\">Como curiosidad, entre los finalistas se encuentra Javi Crespo, ganador de La Voz en 2022. Entonces s\u00f3lo ten\u00eda 18 a\u00f1os y estaba en el equipo de Antonio Orozco. Previamente tambi\u00e9n hab\u00eda probado suerte en La Voz Kids. Por su parte, T\u00e9you ha sido corista de Reels B y particip\u00f3 en el \u00faltimo Factor X de Telecinco, donde ya coincidi\u00f3 con Abraham Mateo como jurado. <\/p>\n","protected":false},"excerpt":{"rendered":"OT 2025 ya conoce a sus protagonistas. Y entre ellos, una joven afincada en la provincia y estudiante&hellip;\n","protected":false},"author":2,"featured_media":114939,"comment_status":"","ping_status":"","sticky":false,"template":"","format":"standard","meta":{"footnotes":""},"categories":[171],"tags":[45,15477,146,147,25,38712,24,6040,2880,3855,32833,23,214],"class_list":{"0":"post-114938","1":"post","2":"type-post","3":"status-publish","4":"format-standard","5":"has-post-thumbnail","7":"category-tv","8":"tag-45","9":"tag-diego","10":"tag-entertainment","11":"tag-entretenimiento","12":"tag-es","13":"tag-esad","14":"tag-espana","15":"tag-estudiante","16":"tag-finalistas","17":"tag-malaga","18":"tag-salma","19":"tag-spain","20":"tag-tv"},"share_on_mastodon":{"url":"","error":""},"_links":{"self":[{"href":"https:\/\/www.europesays.com\/es\/wp-json\/wp\/v2\/posts\/114938","targetHints":{"allow":["GET"]}}],"collection":[{"href":"https:\/\/www.europesays.com\/es\/wp-json\/wp\/v2\/posts"}],"about":[{"href":"https:\/\/www.europesays.com\/es\/wp-json\/wp\/v2\/types\/post"}],"author":[{"embeddable":true,"href":"https:\/\/www.europesays.com\/es\/wp-json\/wp\/v2\/users\/2"}],"replies":[{"embeddable":true,"href":"https:\/\/www.europesays.com\/es\/wp-json\/wp\/v2\/comments?post=114938"}],"version-history":[{"count":0,"href":"https:\/\/www.europesays.com\/es\/wp-json\/wp\/v2\/posts\/114938\/revisions"}],"wp:featuredmedia":[{"embeddable":true,"href":"https:\/\/www.europesays.com\/es\/wp-json\/wp\/v2\/media\/114939"}],"wp:attachment":[{"href":"https:\/\/www.europesays.com\/es\/wp-json\/wp\/v2\/media?parent=114938"}],"wp:term":[{"taxonomy":"category","embeddable":true,"href":"https:\/\/www.europesays.com\/es\/wp-json\/wp\/v2\/categories?post=114938"},{"taxonomy":"post_tag","embeddable":true,"href":"https:\/\/www.europesays.com\/es\/wp-json\/wp\/v2\/tags?post=114938"}],"curies":[{"name":"wp","href":"https:\/\/api.w.org\/{rel}","templated":true}]}}