{"id":114943,"date":"2025-09-14T18:35:08","date_gmt":"2025-09-14T18:35:08","guid":{"rendered":"https:\/\/www.europesays.com\/es\/114943\/"},"modified":"2025-09-14T18:35:08","modified_gmt":"2025-09-14T18:35:08","slug":"comienza-campana-de-vacunacion-contra-el-ebola-en-el-sur-de-congo","status":"publish","type":"post","link":"https:\/\/www.europesays.com\/es\/114943\/","title":{"rendered":"Comienza campa\u00f1a de vacunaci\u00f3n contra el \u00e9bola en el sur de Congo"},"content":{"rendered":"<p>LAGOS, Nigeria (AP) \u2014 La campa\u00f1a de vacunaci\u00f3n para aquellos expuestos al virus del \u00e9bola y trabajadores de salud de primera l\u00ednea inici\u00f3 en la provincia de Kasai, en el sur de Congo, inform\u00f3 la Organizaci\u00f3n Mundial de la Salud el domingo.<\/p>\n<p>La localidad de Bulape, en Kasai, anunci\u00f3 hace unas semanas la presencia de un brote de esta enfermedad altamente contagiosa, el cual ha dejado al menos 16 muertos y 68 casos sospechosos, de acuerdo con el informe que los Centros para el Control y la Prevenci\u00f3n de Enfermedades de \u00c1frica public\u00f3 la semana pasada.<\/p>\n<p>En un principio se enviaron \u00fanicamente 400 dosis de la vacuna Ervebo, y el resto se entregar\u00e1 m\u00e1s adelante, anunci\u00f3 la OMS. La campa\u00f1a de vacunaci\u00f3n se ha visto obstaculizada por el acceso limitado y la escasez de fondos.<\/p>\n<p>Se tiene previsto que la vacunaci\u00f3n se intensifique m\u00e1s adelante, luego que el Grupo Internacional de Coordinaci\u00f3n para el Suministro de Vacunas aprob\u00f3 aproximadamente 45.000 vacunas adicionales, se\u00f1al\u00f3 la OMS, las cuales se suman a un stock inicial de 2.000 dosis que ya estaban en el pa\u00eds.<\/p>\n<p>Se trata del 16to brote de \u00e9bola en el Congo desde 1976, y es causado por la especie Zaire, nombrada as\u00ed por el antiguo nombre del pa\u00eds. Esto a\u00f1ade una nueva preocupaci\u00f3n para el pa\u00eds centroafricano que enfrenta un conflicto con grupos rebeldes en en varios frentes, en particular en la regi\u00f3n oriental del pa\u00eds, donde la violencia ha diezmado al sistema de salud.<\/p>\n<p>___<\/p>\n<p>Esta historia fue traducida del ingl\u00e9s por un editor de AP con la ayuda de una herramienta de inteligencia artificial generativa.<\/p>\n","protected":false},"excerpt":{"rendered":"LAGOS, Nigeria (AP) \u2014 La campa\u00f1a de vacunaci\u00f3n para aquellos expuestos al virus del \u00e9bola y trabajadores de&hellip;\n","protected":false},"author":2,"featured_media":114944,"comment_status":"","ping_status":"","sticky":false,"template":"","format":"standard","meta":{"footnotes":""},"categories":[92],"tags":[25,24,1714,165,10,166,23,66],"class_list":{"0":"post-114943","1":"post","2":"type-post","3":"status-publish","4":"format-standard","5":"has-post-thumbnail","7":"category-salud","8":"tag-es","9":"tag-espana","10":"tag-general-news","11":"tag-health","12":"tag-noticias","13":"tag-salud","14":"tag-spain","15":"tag-world-news"},"share_on_mastodon":{"url":"","error":""},"_links":{"self":[{"href":"https:\/\/www.europesays.com\/es\/wp-json\/wp\/v2\/posts\/114943","targetHints":{"allow":["GET"]}}],"collection":[{"href":"https:\/\/www.europesays.com\/es\/wp-json\/wp\/v2\/posts"}],"about":[{"href":"https:\/\/www.europesays.com\/es\/wp-json\/wp\/v2\/types\/post"}],"author":[{"embeddable":true,"href":"https:\/\/www.europesays.com\/es\/wp-json\/wp\/v2\/users\/2"}],"replies":[{"embeddable":true,"href":"https:\/\/www.europesays.com\/es\/wp-json\/wp\/v2\/comments?post=114943"}],"version-history":[{"count":0,"href":"https:\/\/www.europesays.com\/es\/wp-json\/wp\/v2\/posts\/114943\/revisions"}],"wp:featuredmedia":[{"embeddable":true,"href":"https:\/\/www.europesays.com\/es\/wp-json\/wp\/v2\/media\/114944"}],"wp:attachment":[{"href":"https:\/\/www.europesays.com\/es\/wp-json\/wp\/v2\/media?parent=114943"}],"wp:term":[{"taxonomy":"category","embeddable":true,"href":"https:\/\/www.europesays.com\/es\/wp-json\/wp\/v2\/categories?post=114943"},{"taxonomy":"post_tag","embeddable":true,"href":"https:\/\/www.europesays.com\/es\/wp-json\/wp\/v2\/tags?post=114943"}],"curies":[{"name":"wp","href":"https:\/\/api.w.org\/{rel}","templated":true}]}}