{"id":114951,"date":"2025-09-14T18:39:08","date_gmt":"2025-09-14T18:39:08","guid":{"rendered":"https:\/\/www.europesays.com\/es\/114951\/"},"modified":"2025-09-14T18:39:08","modified_gmt":"2025-09-14T18:39:08","slug":"el-sospechoso-de-matar-a-charlie-kirk-bromeo-en-una-red-social-sobre-la-identidad-del-asesino-es-mi-doble-internacional","status":"publish","type":"post","link":"https:\/\/www.europesays.com\/es\/114951\/","title":{"rendered":"El sospechoso de matar a Charlie Kirk brome\u00f3 en una red social sobre la identidad del asesino: \u201cEs mi doble\u201d | Internacional"},"content":{"rendered":"<p class=\"\">Tyler Robinson, el principal sospechoso del asesinato del l\u00edder juvenil MAGA y estrecho aliado de Donald Trump Charlie Kirk, tom\u00f3 prestado de la tira c\u00f3mica del gato Garfield el avatar que usaba en la red social Discord, concretamente, la cara pasmada de su due\u00f1o, Jon Arbuckle. Al d\u00eda siguiente de que Kirk muriera de un balazo en el cuello mientras participaba en una universidad de Utah en un debate al aire libre ante unas 3.000 personas, el sospechoso brome\u00f3 en el mismo foro sobre la identidad del asesino y la posibilidad de que este fuera un \u201cdoble\u201d suyo. <\/p>\n<p class=\"\"><a href=\"https:\/\/elpais.com\/internacional\/2025-09-11\/el-fbi-desvela-que-el-asesino-del-activista-trumpista-charlie-kirk-uso-un-rifle-de-alta-capacidad.html\" target=\"_blank\" rel=\"noreferrer nofollow noopener\" title=\"https:\/\/elpais.com\/internacional\/2025-09-11\/el-fbi-desvela-que-el-asesino-del-activista-trumpista-charlie-kirk-uso-un-rifle-de-alta-capacidad.html\">Fue tras la difusi\u00f3n por parte del FBI<\/a> en la ma\u00f1ana del jueves de las primeras fotos borrosas del sospechoso, vestido con gorra y gafas de sol, y a la pregunta de un usuario de Discord que participaba en un chat con Robinson y otra veintena de personas. \u201c\u00bfD\u00f3nde est\u00e1s?\u201c, le inquiri\u00f3. Este respondi\u00f3 que su \u201cdoble\u201d (emple\u00f3 el t\u00e9rmino prestado del alem\u00e1n \u201cdoppelganger\u201d) le estaba \u201cmetiendo en problemas\u201d. \u201c\u00a1\u00a1\u00a1Tyler ha matado a Charlie!!!\u201c, intervino otro participante. <\/p>\n<p class=\"\">La existencia de ese chat la desvel\u00f3 este domingo <a href=\"https:\/\/www.nytimes.com\/2025\/09\/13\/us\/kirk-killing-suspect-online-chat.html\" target=\"_blank\" rel=\"noreferrer nofollow noopener\" title=\"https:\/\/www.nytimes.com\/2025\/09\/13\/us\/kirk-killing-suspect-online-chat.html\">The New York Times,<\/a> que obtuvo la informaci\u00f3n de uno de sus integrantes, un viejo conocido del instituto de Robinson que habl\u00f3 an\u00f3nimamente y que asegur\u00f3 que hac\u00eda a\u00f1os que no ve\u00eda al sospechoso en persona. <\/p>\n<p class=\"\">Robinson se entreg\u00f3 esa noche despu\u00e9s de que su padre lo convenciera para hacerlo tras reconocerlo en la segunda tanda de im\u00e1genes hechas p\u00fablicas por los investigadores. Hay a\u00fan muchos flecos sueltos sobre lo que pas\u00f3 entre las 12.23 del mi\u00e9rcoles, cuando muri\u00f3 Kirk, y las 22.00 del jueves, hora en la que los agentes del FBI que se desplazaron a St. George, <a href=\"https:\/\/elpais.com\/internacional\/2025-09-10\/quien-es-charlie-kirk-el-activista-conservador-asesinado-en-utah.html#?rel=mas\" target=\"_blank\" rel=\"noreferrer nofollow noopener\" title=\"https:\/\/elpais.com\/internacional\/2025-09-10\/quien-es-charlie-kirk-el-activista-conservador-asesinado-en-utah.html#?rel=mas\">pueblo a unos 400 kil\u00f3metros<\/a> del lugar del crimen, arrestaron al sospechoso. As\u00ed que la informaci\u00f3n del Times sirve para arrojar algo de luz sobre esas 33 horas que tardaron las autoridades en dar con \u00e9l tras una exitosa huida del campus. <\/p>\n<p class=\"\">Pero la noticia no ofrece ninguna pista concluyente de la motivaci\u00f3n de Robinson. Hay a\u00fan muchos cabos sueltos en la investigaci\u00f3n de <a href=\"https:\/\/elpais.com\/internacional\/2025-09-14\/el-asesinato-de-charlie-kirk-coloca-a-estados-unidos-ante-el-espejo-de-su-fractura.html\" target=\"_blank\" rel=\"noreferrer nofollow noopener\" title=\"https:\/\/elpais.com\/internacional\/2025-09-14\/el-asesinato-de-charlie-kirk-coloca-a-estados-unidos-ante-el-espejo-de-su-fractura.html\">un asesinato que ha evidenciado la fractura ideol\u00f3gica<\/a> que divide a Estados Unidos y que ha resucitado los peores fantasmas de su larga historia de violencia pol\u00edtica. S\u00ed se sabe que proviene de una familia mormona de votantes republicanos amantes de las armas, y que las autoridades han concluido que atraves\u00f3 un proceso de \u201cpolitizaci\u00f3n\u201d que lo alej\u00f3 del entorno conservador en el que creci\u00f3. <\/p>\n<p>\u201cIdeolog\u00eda izquierdista\u201d<\/p>\n<p class=\"\"><a href=\"https:\/\/elpais.com\/internacional\/2025-09-12\/trump-anuncia-que-el-sospechoso-del-asesinato-de-su-aliado-charlie-kirk-esta-detenido.html#?rel=mas\" target=\"_blank\" rel=\"noreferrer nofollow noopener\" title=\"https:\/\/elpais.com\/internacional\/2025-09-12\/trump-anuncia-que-el-sospechoso-del-asesinato-de-su-aliado-charlie-kirk-esta-detenido.html#?rel=mas\">El gobernador republicano de Utah, Spencer Cox,<\/a> que se ha erigido en la cara de las autoridades en este caso ante la opini\u00f3n p\u00fablica, concedi\u00f3 este domingo por la ma\u00f1ana una entrevista a la cadena televisiva ABC News en la que afirm\u00f3 que el sospechoso \u201cha confesado\u201d el crimen, pero \u201cno est\u00e1 colaborando con las autoridades\u201d. \u201cTodos en su entorno s\u00ed est\u00e1n cooperando, y creo que eso es muy importante\u201d, concluy\u00f3. En otra entrevista en NBC, a\u00f1adi\u00f3 que ten\u00eda \u201cideolog\u00eda claramente izquierdista\u201d. \u201cSus amigos han confirmado que frecuentaba una especie de internet profundo y oscuro, la cultura de [la red social] Reddit y otros lugares tenebrosos de internet donde esta persona se met\u00eda a fondo\u201d, a\u00f1adi\u00f3. <\/p>\n<p class=\"\">El retrato que ha emergido <a href=\"https:\/\/elpais.com\/internacional\/2025-09-13\/huida-captura-y-enigmas-del-presunto-asesino-que-avivo-la-llama-de-la-violencia-politica-en-estados-unidos.html\" target=\"_blank\" rel=\"noreferrer nofollow noopener\" title=\"https:\/\/elpais.com\/internacional\/2025-09-13\/huida-captura-y-enigmas-del-presunto-asesino-que-avivo-la-llama-de-la-violencia-politica-en-estados-unidos.html\">estos d\u00edas en los medios estadounidenses<\/a> que han hablado con quienes conoc\u00edan a Robinson lo pinta como alguien inteligente y reservado, un buen estudiante con una pasi\u00f3n por encima del resto: los videojuegos. Junto al arma que presuntamente emple\u00f3 para asesinar a Kirk \u2014personaje clave en el buen resultado electoral del presidente Trump entre los votantes j\u00f3venes\u2014, los agentes encontraron cartuchos con inscripciones antifascistas inspiradas en el mundo gamer.<\/p>\n<p class=\"\">El gobernador de Utah corrobor\u00f3 asimismo la informaci\u00f3n de que el sospechoso viv\u00eda con una persona trans, que adelant\u00f3 el s\u00e1bado la cadena conservadora Fox News, citando fuentes an\u00f3nimas del FBI. \u201cPodemos confirmar que su compa\u00f1ero de piso era un novio [sic] que estaba en transici\u00f3n de hombre a mujer. Esa es informaci\u00f3n que el FBI dio ayer [a los medios que la publicaron]\u201d.<\/p>\n<p class=\"\">Cox agreg\u00f3 que esa persona est\u00e1 \u201ccooperando con las autoridades\u201d y que \u201cest\u00e1 siendo de gran ayuda\u201d. El gobernador dijo en NBC que esa persona \u201cno ten\u00eda ni idea; estaba en shock cuando se enter\u00f3 [de la presunta implicaci\u00f3n de Robinson]\u201d.<\/p>\n<p><img alt=\"El gobernador republicano de Utah, Spencer Cox, durante la conferencia de prensa en la que confirm\u00f3 la detenci\u00f3n del sospechoso de asesinar a Charlie Kirk, el pasado viernes, en Orem (Utah).\" decoding=\"auto\" class=\"_re lazyload a_m-h\" height=\"276\"  width=\"414\"  src=\"https:\/\/www.europesays.com\/es\/wp-content\/uploads\/2025\/09\/NJJMORMYQ5O55NAQVKWNMMV6IE.jpg\" loading=\"lazy\"\/>El gobernador republicano de Utah, Spencer Cox, durante la conferencia de prensa en la que confirm\u00f3 la detenci\u00f3n del sospechoso de asesinar a Charlie Kirk, el pasado viernes, en Orem (Utah).Lindsey Wasson (AP)<\/p>\n<p class=\"\">En el momento en el que recibi\u00f3 el balazo, Kirk, defensor ac\u00e9rrimo del derecho a portar armas, acababa de responder a la siguiente pregunta. \u201c\u00bfSabe cu\u00e1ntos estadounidenses trans han sido autores de tiroteos masivos en los \u00faltimos 10 a\u00f1os?\u201c, le pregunt\u00f3 el espectador. <a href=\"https:\/\/elpais.com\/internacional\/2025-09-11\/el-asesinato-del-activista-trumpista-charlie-kirk-resucita-el-fantasma-de-la-violencia-politica-en-estados-unidos.html#?rel=mas\" target=\"_blank\" rel=\"noreferrer nofollow noopener\" title=\"https:\/\/elpais.com\/internacional\/2025-09-11\/el-asesinato-del-activista-trumpista-charlie-kirk-resucita-el-fantasma-de-la-violencia-politica-en-estados-unidos.html#?rel=mas\">Kirk contest\u00f3: \u201cDemasiados\u201d.<\/a> Su interlocutor le explic\u00f3 que solo cinco, y entonces le pregunt\u00f3: \u201c\u00bfSabes cu\u00e1ntos tiroteos masivos ha habido en total en el pa\u00eds en la \u00faltima d\u00e9cada?\u201c. \u201c\u00bfContando o no la violencia de bandas delictivas?\u201c, respondi\u00f3 el activista MAGA, antes de recibir el disparo que acab\u00f3 con su vida a los 31 a\u00f1os.<\/p>\n<p class=\"\">La pregunta puede encuadrarse en el marco de la guerra ideol\u00f3gica que hay en Estados Unidos en torno a los derechos del colectivo trans, que se est\u00e1n viendo recortados desde el regreso de Donald Trump a la Casa Blanca. Tambi\u00e9n, en un contexto de actualidad. El pasado 28 de agosto, en un tiroteo de una <a href=\"https:\/\/elpais.com\/internacional\/2025-08-27\/varios-muertos-en-un-tiroteo-en-la-iglesia-de-una-escuela-catolica-en-minneapolis.html\" rel=\"nofollow noopener\" title=\"https:\/\/elpais.com\/internacional\/2025-08-27\/varios-muertos-en-un-tiroteo-en-la-iglesia-de-una-escuela-catolica-en-minneapolis.html\" target=\"_blank\">iglesia de una escuela cat\u00f3lica del Minneapolis<\/a>, murieron dos ni\u00f1os a manos de Robin Westman, que se hab\u00eda cambiado a los 17 a\u00f1os su nombre, Robert, porque \u201cse identificaba como mujer y quer\u00eda que su nombre reflejara esa identificaci\u00f3n\u201d, seg\u00fan documentos judiciales. <\/p>\n<p class=\"\">En las horas que siguieron al asesinato, las redes sociales se llenaron de bulos que afirmaban que su autor era una persona trans, e incluso llegaron a darse nombres de falsos culpables. <\/p>\n<p class=\"\">Cox tambi\u00e9n reaccion\u00f3 a la informaci\u00f3n del Times en su ronda de entrevistas dominicales, que complet\u00f3 una aparici\u00f3n en la CNN. \u201cLo \u00fanico que podemos confirmar es que esas conversaciones s\u00ed ocurrieron, y [que el resto de usuarios del chat] no creyeron que fuera \u00e9l [el asesino]. Eran bromas hasta que admiti\u00f3 que s\u00ed era \u00e9l\u201d, dijo.<\/p>\n<p class=\"\">Esas bromas, seg\u00fan el Times, incluyeron un mensaje en el que el sospechoso dec\u00eda que no le importaba que otro de los participantes lo delatara, siempre que le diera \u201cuna parte\u201d de la recompensa de 100.000 d\u00f3lares ofrecida por el FBI. Al rato, Robinson escribi\u00f3: \u201cEn realidad soy Charlie Kirk. Quer\u00eda alejarme de la pol\u00edtica, as\u00ed que fing\u00ed mi muerte. Ahora puedo vivir la vida de mis sue\u00f1os en Kansas\u201d.<\/p>\n<p class=\"\">Robinson permanece detenido sin posibilidad de fianza en la c\u00e1rcel del condado de Utah, en la localidad de Spanish Fork. Su primera cita con el juez ser\u00e1 este martes. No ha trascendido a\u00fan si ya cuenta con un abogado que lo vaya a defender. Tanto Cox como Trump han prometido que tratar\u00e1n de que se le aplique la pena de muerte, legal en Utah y en otros 26 Estados de la Uni\u00f3n. <\/p>\n","protected":false},"excerpt":{"rendered":"Tyler Robinson, el principal sospechoso del asesinato del l\u00edder juvenil MAGA y estrecho aliado de Donald Trump Charlie&hellip;\n","protected":false},"author":2,"featured_media":114952,"comment_status":"","ping_status":"","sticky":false,"template":"","format":"standard","meta":{"footnotes":""},"categories":[42],"tags":[17,18,37536,629,17920,13,14,11,61,62,63,64,19,20,9,10,15,16,17918,1922,8180,5223,12,21,22,65,66,67],"class_list":{"0":"post-114951","1":"post","2":"type-post","3":"status-publish","4":"format-standard","5":"has-post-thumbnail","7":"category-internacional","8":"tag-breaking-news","9":"tag-breakingnews","10":"tag-charlie-kirk","11":"tag-estados-unidos","12":"tag-fbi","13":"tag-featured-news","14":"tag-featurednews","15":"tag-headlines","16":"tag-internacional","17":"tag-international","18":"tag-international-news","19":"tag-internationalnews","20":"tag-latest-news","21":"tag-latestnews","22":"tag-news","23":"tag-noticias","24":"tag-noticias-destacadas","25":"tag-noticiasdestacadas","26":"tag-partido-republicano-ee-uu","27":"tag-redes-sociales","28":"tag-tiroteos","29":"tag-tiroteos-en-estados-unidos","30":"tag-titulares","31":"tag-ultimas-noticias","32":"tag-ultimasnoticias","33":"tag-world","34":"tag-world-news","35":"tag-worldnews"},"share_on_mastodon":{"url":"","error":""},"_links":{"self":[{"href":"https:\/\/www.europesays.com\/es\/wp-json\/wp\/v2\/posts\/114951","targetHints":{"allow":["GET"]}}],"collection":[{"href":"https:\/\/www.europesays.com\/es\/wp-json\/wp\/v2\/posts"}],"about":[{"href":"https:\/\/www.europesays.com\/es\/wp-json\/wp\/v2\/types\/post"}],"author":[{"embeddable":true,"href":"https:\/\/www.europesays.com\/es\/wp-json\/wp\/v2\/users\/2"}],"replies":[{"embeddable":true,"href":"https:\/\/www.europesays.com\/es\/wp-json\/wp\/v2\/comments?post=114951"}],"version-history":[{"count":0,"href":"https:\/\/www.europesays.com\/es\/wp-json\/wp\/v2\/posts\/114951\/revisions"}],"wp:featuredmedia":[{"embeddable":true,"href":"https:\/\/www.europesays.com\/es\/wp-json\/wp\/v2\/media\/114952"}],"wp:attachment":[{"href":"https:\/\/www.europesays.com\/es\/wp-json\/wp\/v2\/media?parent=114951"}],"wp:term":[{"taxonomy":"category","embeddable":true,"href":"https:\/\/www.europesays.com\/es\/wp-json\/wp\/v2\/categories?post=114951"},{"taxonomy":"post_tag","embeddable":true,"href":"https:\/\/www.europesays.com\/es\/wp-json\/wp\/v2\/tags?post=114951"}],"curies":[{"name":"wp","href":"https:\/\/api.w.org\/{rel}","templated":true}]}}