{"id":114957,"date":"2025-09-14T18:42:12","date_gmt":"2025-09-14T18:42:12","guid":{"rendered":"https:\/\/www.europesays.com\/es\/114957\/"},"modified":"2025-09-14T18:42:12","modified_gmt":"2025-09-14T18:42:12","slug":"el-abanca-ademar-se-estrena-con-un-triunfo-sufrido","status":"publish","type":"post","link":"https:\/\/www.europesays.com\/es\/114957\/","title":{"rendered":"El Abanca Ademar se estrena con un triunfo sufrido"},"content":{"rendered":"<p><a class=\"v-mdl-ath__fig-a\" href=\"https:\/\/www.leonoticias.com\/autor\/borja-perez-7064.html\" title=\"Borja P\u00e9rez\" rel=\"nofollow noopener\" target=\"_blank\"><br \/>\n<img decoding=\"async\" class=\"v-mdl-ath__img\" src=\"https:\/\/www.europesays.com\/es\/wp-content\/uploads\/2025\/08\/autor-7064-foto-1.jpeg\" alt=\"Borja P\u00e9rez\"\/><br \/>\n<\/a><\/p>\n<p class=\"v-mdl-ath__p v-mdl-ath__p--6\">\nDomingo, 14 de septiembre 2025, 19:47<\/p>\n<p class=\"v-p\">El Abanca Ademar supo sufrir para poder llevarse la primera victoria de la temporada (25-29). Los de Dani Gordo, que volvieron a disputar un partido con muchas caras diferentes en lo que se refiere al juego, se levantaron de un 5-2 inicial y supieron contrarrestar la remontada de los gallegos en la segunda parte que a punto estuvo de complicar las cosas m\u00e1s de la cuenta.<\/p>\n<p class=\"v-p\">El gen competitivo volvi\u00f3 a salir a relucir en el momento m\u00e1s oportuno para decantar la balanza en los \u00faltimos minutos y llevarse el triunfo.<\/p>\n<p><img decoding=\"async\" loading=\"lazy\" src=\"https:\/\/www.europesays.com\/es\/wp-content\/uploads\/2025\/09\/logo-cangas.jpg\" class=\"v-scr__img\" width=\"44\" height=\"44\" alt=\"Cangas Frigor\u00edficos del Morrazo\"\/><\/p>\n<p class=\"v-scr__t\">Cangas Frigor\u00edficos del Morrazo<\/p>\n<p class=\"v-scr__p v-scr__p--3\">Aron D\u00edaz, Juan Carlos Quintas, Mart\u00edn Gayo (2), Arnau (3), Pablo Castro (1), Santi L\u00f3pez (3), \u00c1ngel Jes\u00fas Rivero (1) -siete inicial-; Panjan, Mateo Pallas, Pereiro (4), Manuel P\u00e9rez (2), Jaime Gallardo (1), Nicolo D&#8217;Antino (4), Mart\u00edn Fuentes, Marcell Csaba (3), Javier Garc\u00eda, Valderhaug.<\/p>\n<p class=\"v-scr__n-c v-scr__n-c--1 \">\n 25\n<\/p>\n<p class=\"v-scr__n-c v-scr__n-c--2\">\n&#8211;\n<\/p>\n<p class=\"v-scr__n-c v-scr__n-c--3 \">\n 29\n<\/p>\n<p class=\"v-scr__t\">Abanca Ademar<\/p>\n<p><img decoding=\"async\" loading=\"lazy\" src=\"https:\/\/www.europesays.com\/es\/wp-content\/uploads\/2025\/09\/Ademar.jpg\" class=\"v-scr__img\" width=\"44\" height=\"44\" alt=\"Abanca Ademar\"\/><\/p>\n<p class=\"v-scr__p v-scr__p--3\">Saeid Barkhordari; Lindqvist, Zapico, Alberto Mart\u00edn (1), Edu Fern\u00e1ndez (2), Rodrigo Benites (1), Dar\u00edo Sanz (4) -siete inicial-; \u00c1lvaro P\u00e9rez, Mi\u00f1ambres (2), Adri\u00e1n Fern\u00e1ndez (2), Rodrigo P\u00e9rez Arce (1), Rub\u00e9n Rozada (1), Gonzalo P\u00e9rez Arce (4), Sergio S\u00e1nchez, Ra\u00fal Garc\u00eda, Samu Saiz, Albizu (1). <\/p>\n<ul class=\"v-u\">\n<li class=\"v-u__l\">\n<p class=\"v-p\">\nParciales<br \/>\n3-2, 5-5, 8-10, 9-11, 10-12, 11-14 -descanso-; 13-17, 15-18, 20-21, 22-24, 25-24, 25-29.\n<\/p>\n<\/li>\n<li class=\"v-u__l\">\n<p class=\"v-p\">\n\u00c1rbitros<br \/>\nEscudero Santiuste y Escudero Santiuste. Excluteron a Juan Carlos Quintas y Valderhaug por parte de Cangas y a Edu Fern\u00e1ndez por parte del Abanca Ademar.\n<\/p>\n<\/li>\n<li class=\"v-u__l\">\n<p class=\"v-p\">\nIncidencias<br \/>\nPabell\u00f3n Municipal O Gata\u00f1al. Primera jornada de la Liga Asobal.\n<\/p>\n<\/li>\n<\/ul>\n<p class=\"v-p\">Condicionado por las lesiones que vienen afectando al equipo de Dani Gordo en este tramo inicial de la competici\u00f3n, el t\u00e9cnico tuvo que cambiar su modelo de juego de cara al estreno -sin Lindqvist, \u00c1lex Lodos ni Sergio S\u00e1nchez y con Wasiak y Gonzalo P\u00e9rez tocados-, como ya confirm\u00f3 en rueda de prensa, brindando oportunidades a jugadores que, a priori, no iban a empezar la temporada con tanta participaci\u00f3n.<\/p>\n<p>Inicio de intensidad y algunas dudas<\/p>\n<p class=\"v-p\">El encuentro y la temporada comenz\u00f3 con igualdad e intensidad. Pronto llegar\u00eda la primera exclusi\u00f3n para el bando local, en apenas dos minutos de juego, pero los maristas no aprovecharon la superioridad y el primer parcial concluy\u00f3 decantado por la m\u00ednima para Cangas (3-2). <\/p>\n<p class=\"v-p\">Un tramo de cuatro minutos sin ver puerta por parte del conjunto leon\u00e9s provoc\u00f3 que los gallegos abrieran brecha, sumando una renta de tres tantos (5-2).<\/p>\n<p>El Abanca Ademar crece en el partido<\/p>\n<p class=\"v-p\">Sin embargo, este primer golpe asestado fue todo lo necesario para que el cuadro de Dani Gordo reaccionara y remontara con un parcial 0-4 para darle la vuelta (5-6). A partir de ah\u00ed, ir\u00edan creciendo los ademaristas, tomando la batuta del marcador y aprovechando la eficacia de Gonzalo P\u00e9rez Arce -una de las dudas por su estado f\u00edsico- en un estreno de alt\u00edsimo nivel.<\/p>\n<p class=\"v-p\">Funcionar\u00eda la estrategia ademarista, tambi\u00e9n con buenas acciones de Dar\u00edo Sanz desde el extremo zurdo para mantenerse por delante (8-10). Adem\u00e1s, con la ayuda de varias paradas consecutivas de Saeid, el Abanca Ademar conseguir\u00eda abrir una renta importante antes del descanso (11-14).<\/p>\n<p>Los leoneses caen en la pol\u00e9mica<\/p>\n<p class=\"v-p\">El regreso de vestuarios no esboz\u00f3 un gran cambio. Todo sigui\u00f3 como hasta el momento, con Saeid apareciendo bajo palos y Dar\u00edo Sanz entonado de cara a porter\u00eda. As\u00ed conseguir\u00edan sumar una renta a\u00fan mayor de hasta cinco goles de ventaja (11-16).<\/p>\n<p class=\"v-p\">El duelo pas\u00f3 por un tramo de mayor intensidad, tambi\u00e9n en lo extradeportivo, con pol\u00e9mica respecto a una supuesta simulaci\u00f3n de Saeid y la posterior exclusi\u00f3n de Benites. Aprovechando este contexto, Cangas logr\u00f3 acortar la distancia a tres tantos (14-17).<\/p>\n<p class=\"v-p\">El escenario empeor\u00f3 por momentos para el Abanca Ademar con las posteriores exclusiones de Gonzalo P\u00e9rez Arce y a Dani Gordo por las protestas. Con doble inferioridad, Cangas, espoleado por su gente, fue capaz de darle la vuelta al Abanca Ademar, complicando en exceso las cosas a los leoneses (19-18).<\/p>\n<p>\u00daltimo aceler\u00f3n del Abanca Ademar<\/p>\n<p class=\"v-p\">Ya con igualdad num\u00e9rica sobre la pista, el Abanca Ademar volvi\u00f3 a tomar el mando, aunque en este momento con una igualdad mucho m\u00e1s notable. Poco a poco, carburar\u00eda de nuevo el cuadro de Dani Gordo en ambas \u00e1reas para volver a llevar el protagonismo. El meta local, sin embargo, estaba amargando la tarde a los ademaristas, con paradas de m\u00e9rito para sostener a su equipo. <\/p>\n<p class=\"v-p\">El encuentro llegar\u00eda a los \u00faltimos tres minutos con victoria por la m\u00ednima del Abanca Ademar (25-26) y, ah\u00ed, deb\u00eda aparecer la mejor versi\u00f3n para resolver el choque.<\/p>\n<p class=\"v-p\">Esperando al final para ofrecer la cara m\u00e1s competitiva, el Abanca Ademar no dio opci\u00f3n y cerr\u00f3 el encuentro con cuatro tantos en los \u00faltimos minutos para certificar una victoria muy importante en el estreno en la competici\u00f3n liguera (25-29).<\/p>\n<p>Comenta<\/p>\n<p>Reporta un error<\/p>\n","protected":false},"excerpt":{"rendered":"Domingo, 14 de septiembre 2025, 19:47 El Abanca Ademar supo sufrir para poder llevarse la primera victoria de&hellip;\n","protected":false},"author":2,"featured_media":114958,"comment_status":"","ping_status":"","sticky":false,"template":"","format":"standard","meta":{"footnotes":""},"categories":[278],"tags":[6857,5871,376,168,25,24,1719,375,23,167,31115,2886],"class_list":{"0":"post-114957","1":"post","2":"type-post","3":"status-publish","4":"format-standard","5":"has-post-thumbnail","7":"category-balonmano","8":"tag-abanca","9":"tag-ademar","10":"tag-balonmano","11":"tag-deportes","12":"tag-es","13":"tag-espana","14":"tag-estrena","15":"tag-handball","16":"tag-spain","17":"tag-sports","18":"tag-sufrido","19":"tag-triunfo"},"share_on_mastodon":{"url":"","error":""},"_links":{"self":[{"href":"https:\/\/www.europesays.com\/es\/wp-json\/wp\/v2\/posts\/114957","targetHints":{"allow":["GET"]}}],"collection":[{"href":"https:\/\/www.europesays.com\/es\/wp-json\/wp\/v2\/posts"}],"about":[{"href":"https:\/\/www.europesays.com\/es\/wp-json\/wp\/v2\/types\/post"}],"author":[{"embeddable":true,"href":"https:\/\/www.europesays.com\/es\/wp-json\/wp\/v2\/users\/2"}],"replies":[{"embeddable":true,"href":"https:\/\/www.europesays.com\/es\/wp-json\/wp\/v2\/comments?post=114957"}],"version-history":[{"count":0,"href":"https:\/\/www.europesays.com\/es\/wp-json\/wp\/v2\/posts\/114957\/revisions"}],"wp:featuredmedia":[{"embeddable":true,"href":"https:\/\/www.europesays.com\/es\/wp-json\/wp\/v2\/media\/114958"}],"wp:attachment":[{"href":"https:\/\/www.europesays.com\/es\/wp-json\/wp\/v2\/media?parent=114957"}],"wp:term":[{"taxonomy":"category","embeddable":true,"href":"https:\/\/www.europesays.com\/es\/wp-json\/wp\/v2\/categories?post=114957"},{"taxonomy":"post_tag","embeddable":true,"href":"https:\/\/www.europesays.com\/es\/wp-json\/wp\/v2\/tags?post=114957"}],"curies":[{"name":"wp","href":"https:\/\/api.w.org\/{rel}","templated":true}]}}