{"id":114959,"date":"2025-09-14T18:43:08","date_gmt":"2025-09-14T18:43:08","guid":{"rendered":"https:\/\/www.europesays.com\/es\/114959\/"},"modified":"2025-09-14T18:43:08","modified_gmt":"2025-09-14T18:43:08","slug":"piden-a-un-torero-que-piense-en-pedro-sanchez-cuando-vaya-a-matar-al-toro-y-las-redes-sociales-arden","status":"publish","type":"post","link":"https:\/\/www.europesays.com\/es\/114959\/","title":{"rendered":"Piden a un torero que piense en Pedro S\u00e1nchez cuando vaya a matar al toro y las redes sociales arden"},"content":{"rendered":"<p data-mrf-recirculation=\"Links P\u00e1rrafos\" class=\"ue-c-article__paragraph paragraph ue-c-article--first-letter-highlighted\">Ins\u00f3lito lo ocurrido en la<strong> plaza de toros de Valladolid<\/strong> durante una corrida. En ese momento estaba toreando <strong>Marco Rubo<\/strong>, cuando, antes de entrar a matar, un hombre le grit\u00f3 desde la grada que <strong>\u00abpiense en Pedro S\u00e1nchez\u00bb\u00a0<\/strong>cuando vaya a hacerlo. Esto ha hecho que la plaza estalle en risas, pero en las redes sociales se ha originado un tenso debate.<\/p>\n<p data-mrf-recirculation=\"Links P\u00e1rrafos\" class=\"ue-c-article__paragraph paragraph\"><strong>\u00abEsto es parte del proceso de deshumanizaci\u00f3n\u00bb,<\/strong> son algunos de los comentarios que pueden leerse. Una publicaci\u00f3n de X, antes Twitter, es la que se ha hecho viral, diciendo: \u201cOs parecer\u00e1 una tonter\u00eda, pero nada m\u00e1s lejos de la realidad. Esto es parte del proceso de deshumanizaci\u00f3n. Un ultra le dice al torero que, piensa que es Pedro S\u00e1nchez, para que asesine al toro. La gente se r\u00ede y aplaude\u201d.<\/p>\n<p data-mrf-recirculation=\"Links P\u00e1rrafos\" class=\"ue-c-article__paragraph paragraph\">\u201cUna vez has deshumanizado a una persona y adem\u00e1s es el presidente, cualquier cosa puede ser aceptada, como un golpe de estado. Poca broma con estas cosas.<strong> Se empieza llamando hijo de puta al presidente y se acaba&#8230;\u201d, <\/strong>sentenci\u00f3, adjuntando un v\u00eddeo del momento.<\/p>\n<p data-mrf-recirculation=\"Links P\u00e1rrafos\" class=\"ue-c-article__paragraph paragraph\"><strong>Esto ha hecho que otros muchos levanten la voz:<\/strong> \u00ab\u00bfEsto no se puede denunciar y castigar como pasa en los campos de f\u00fatbol?\u00bb. \u00abSe nos hiela el coraz\u00f3n con esta gentuza, que cultiva el odio y la ignorancia hacia el enemigo\u00bb, dijo un segundo.<\/p>\n<p>Los insultos a Pedro S\u00e1nchez se convierten en algo normal<\/p>\n<p data-mrf-recirculation=\"Links P\u00e1rrafos\" class=\"ue-c-article__paragraph paragraph\">Y es que son muchos los eventos donde esto ya se ha convertido en algo de lo m\u00e1s normal. <strong>En los conciertos es algo que se suele cantar, como ocurri\u00f3 en el de Mago de \u00d6z.<\/strong> Sin embargo, uno de los \u00faltimos casos m\u00e1s graves ha sido el del evento de <strong>Vox \u2018Europa Viva 25\u2019, <\/strong>en el Palacio de Vistalegre, frente a 8.500 personas.<\/p>\n<p data-mrf-recirculation=\"Links P\u00e1rrafos\" class=\"ue-c-article__paragraph paragraph\">La multitud comenz\u00f3 a gritar <strong>\u201cPedro S\u00e1nchez, hijo de p***\u201d, <\/strong>a lo que Santiago Abascal no dud\u00f3 en responder: \u201cMe vais a perdonar que no coree, pero<strong> yo realmente creo que la canci\u00f3n del verano tendr\u00eda que haber sido Pedro S\u00e1nchez, chulo de put**. <\/strong>Tiene pesadillas con que todav\u00eda haya jueces decentes que sienten a sus familiares corruptos como sus c\u00f3mplices. Ya solo le mueve el odio a Espa\u00f1a y el miedo a acabar entre rejas\u201d, apunt\u00f3.<\/p>\n","protected":false},"excerpt":{"rendered":"Ins\u00f3lito lo ocurrido en la plaza de toros de Valladolid durante una corrida. En ese momento estaba toreando&hellip;\n","protected":false},"author":2,"featured_media":114960,"comment_status":"","ping_status":"","sticky":false,"template":"","format":"standard","meta":{"footnotes":""},"categories":[277],"tags":[373,168,25,24,23,167,374],"class_list":{"0":"post-114959","1":"post","2":"type-post","3":"status-publish","4":"format-standard","5":"has-post-thumbnail","7":"category-toreo","8":"tag-bullfighting","9":"tag-deportes","10":"tag-es","11":"tag-espana","12":"tag-spain","13":"tag-sports","14":"tag-toreo"},"share_on_mastodon":{"url":"","error":""},"_links":{"self":[{"href":"https:\/\/www.europesays.com\/es\/wp-json\/wp\/v2\/posts\/114959","targetHints":{"allow":["GET"]}}],"collection":[{"href":"https:\/\/www.europesays.com\/es\/wp-json\/wp\/v2\/posts"}],"about":[{"href":"https:\/\/www.europesays.com\/es\/wp-json\/wp\/v2\/types\/post"}],"author":[{"embeddable":true,"href":"https:\/\/www.europesays.com\/es\/wp-json\/wp\/v2\/users\/2"}],"replies":[{"embeddable":true,"href":"https:\/\/www.europesays.com\/es\/wp-json\/wp\/v2\/comments?post=114959"}],"version-history":[{"count":0,"href":"https:\/\/www.europesays.com\/es\/wp-json\/wp\/v2\/posts\/114959\/revisions"}],"wp:featuredmedia":[{"embeddable":true,"href":"https:\/\/www.europesays.com\/es\/wp-json\/wp\/v2\/media\/114960"}],"wp:attachment":[{"href":"https:\/\/www.europesays.com\/es\/wp-json\/wp\/v2\/media?parent=114959"}],"wp:term":[{"taxonomy":"category","embeddable":true,"href":"https:\/\/www.europesays.com\/es\/wp-json\/wp\/v2\/categories?post=114959"},{"taxonomy":"post_tag","embeddable":true,"href":"https:\/\/www.europesays.com\/es\/wp-json\/wp\/v2\/tags?post=114959"}],"curies":[{"name":"wp","href":"https:\/\/api.w.org\/{rel}","templated":true}]}}