{"id":114961,"date":"2025-09-14T18:45:09","date_gmt":"2025-09-14T18:45:09","guid":{"rendered":"https:\/\/www.europesays.com\/es\/114961\/"},"modified":"2025-09-14T18:45:09","modified_gmt":"2025-09-14T18:45:09","slug":"el-vicecapitan-alex-noren-gana-en-wentworth-y-rahm-firma-su-mejor-vuelta","status":"publish","type":"post","link":"https:\/\/www.europesays.com\/es\/114961\/","title":{"rendered":"El vicecapit\u00e1n Alex Noren gana en Wentworth y Rahm firma su mejor vuelta"},"content":{"rendered":"<p data-mrf-recirculation=\"Links P\u00e1rrafos\" class=\"ue-c-article__paragraph paragraph ue-c-article--first-letter-highlighted\">Alex <strong>Noren<\/strong> ha firmado un final de temporada espectacular. Si la Ryder Cup fuera en noviembre, igual todav\u00eda se clasificaba, pero <strong>el sueco de 43 a\u00f1os actuar\u00e1 como vicecapit\u00e1n del conjunto europeo en Bethpage Black<\/strong> (Nueva York). Noren ha ganado el <strong>BMW PGA Championship<\/strong> en el primer hoyo del desempate \u2013hizo birdie- al franc\u00e9s <strong>Adrien Saddier<\/strong>, su segunda victoria en menos de un mes, pues se adjudic\u00f3 el British Masters hace unos d\u00edas. All\u00ed venci\u00f3 en The Belfry y esta semana en Wentworth. Curr\u00edculum impecable el del golfista sueco, que ayudar\u00e1 a Luke Donald en la Ryder, especialmente como mentor de los n\u00f3rdicos Aberg, Hovland y Hojgaard.<\/p>\n<p><img decoding=\"async\" width=\"1397\" height=\"787\" class=\"ue-c-article__image lazyload\" alt=\"Captura de pantalla 2025-09-14 182848\" loading=\"lazy\" src=\"https:\/\/www.europesays.com\/es\/wp-content\/uploads\/2025\/09\/68c6f5ec9a61b.png\"\/><\/p>\n<p data-mrf-recirculation=\"Links P\u00e1rrafos\" class=\"ue-c-article__paragraph paragraph\">Noren y Saddier jugaron juntos la \u00faltima ronda y, como ambos hicieron 68 golpes, hubo que acudir a la muerte s\u00fabita. En realidad se quedaron solos porque <strong>sus perseguidores no alcanzaron a darles caza<\/strong>. <strong>Tyrrell Hatton y Viktor Hovland<\/strong> eran quienes m\u00e1s a mano los ten\u00edan, pero sus 70 y 69 respectivamente en el d\u00eda fueron insuficientes. Grandes nombres intentaron la remontada, empezando por <strong>Patrick Reed y Aaron Rai (272). Tambi\u00e9n Matt Fitzpatrick y Si Woo Kim (273)<\/strong>. Incluso j\u00f3venes como Tom McKibbin (274) y Martin Couvra (275) brillaron.<\/p>\n<p data-mrf-recirculation=\"Links P\u00e1rrafos\" class=\"ue-c-article__paragraph paragraph\">El torneo estrella del DP World Tour mostr\u00f3 un nivel alt\u00edsimo en todos los sentidos. <strong>Jon Rahm fue el mejor espa\u00f1ol<\/strong>, tras materializar <strong>66 golpes en la ronda final<\/strong>. Con banderas m\u00e1s asequibles el d\u00eda del cierre del torneo, el \u2018Le\u00f3n de Barrika\u2019 necesitaba un milagro para meterse en la pelea. En cualquier caso, \u00e9l hizo su trabajo y <strong>finaliz\u00f3 en el puesto 13<\/strong>. Arranc\u00f3 con tres birdies y esto permiti\u00f3 so\u00f1ar. \u2018Rahmbo\u2019 tuvo un mejor rendimiento de tee a green y esto se not\u00f3. La siguiente estaci\u00f3n es la Ryder Cup. Rory McIlroy se marc\u00f3 un 65 para echar la persiana con 276 golpes, como Aberg y Niemann.<\/p>\n<p data-mrf-recirculation=\"Links P\u00e1rrafos\" class=\"ue-c-article__paragraph paragraph\">Pablo Larraz\u00e1bal (31\u00ba) y Eugenio L\u00f3pez-Chacarra (38\u00ba) cuajaron muy buen torneo frente a tanto nombre importante. \u00c1ngel Hidalgo (46\u00ba) y \u00c1ngel Ayora (54\u00ba); Jorge Campillo (70\u00ba).<\/p>\n","protected":false},"excerpt":{"rendered":"Alex Noren ha firmado un final de temporada espectacular. Si la Ryder Cup fuera en noviembre, igual todav\u00eda&hellip;\n","protected":false},"author":2,"featured_media":114962,"comment_status":"","ping_status":"","sticky":false,"template":"","format":"standard","meta":{"footnotes":""},"categories":[275],"tags":[168,25,24,329,23,167],"class_list":{"0":"post-114961","1":"post","2":"type-post","3":"status-publish","4":"format-standard","5":"has-post-thumbnail","7":"category-golf","8":"tag-deportes","9":"tag-es","10":"tag-espana","11":"tag-golf","12":"tag-spain","13":"tag-sports"},"share_on_mastodon":{"url":"","error":""},"_links":{"self":[{"href":"https:\/\/www.europesays.com\/es\/wp-json\/wp\/v2\/posts\/114961","targetHints":{"allow":["GET"]}}],"collection":[{"href":"https:\/\/www.europesays.com\/es\/wp-json\/wp\/v2\/posts"}],"about":[{"href":"https:\/\/www.europesays.com\/es\/wp-json\/wp\/v2\/types\/post"}],"author":[{"embeddable":true,"href":"https:\/\/www.europesays.com\/es\/wp-json\/wp\/v2\/users\/2"}],"replies":[{"embeddable":true,"href":"https:\/\/www.europesays.com\/es\/wp-json\/wp\/v2\/comments?post=114961"}],"version-history":[{"count":0,"href":"https:\/\/www.europesays.com\/es\/wp-json\/wp\/v2\/posts\/114961\/revisions"}],"wp:featuredmedia":[{"embeddable":true,"href":"https:\/\/www.europesays.com\/es\/wp-json\/wp\/v2\/media\/114962"}],"wp:attachment":[{"href":"https:\/\/www.europesays.com\/es\/wp-json\/wp\/v2\/media?parent=114961"}],"wp:term":[{"taxonomy":"category","embeddable":true,"href":"https:\/\/www.europesays.com\/es\/wp-json\/wp\/v2\/categories?post=114961"},{"taxonomy":"post_tag","embeddable":true,"href":"https:\/\/www.europesays.com\/es\/wp-json\/wp\/v2\/tags?post=114961"}],"curies":[{"name":"wp","href":"https:\/\/api.w.org\/{rel}","templated":true}]}}