{"id":11497,"date":"2025-07-29T11:03:07","date_gmt":"2025-07-29T11:03:07","guid":{"rendered":"https:\/\/www.europesays.com\/es\/11497\/"},"modified":"2025-07-29T11:03:07","modified_gmt":"2025-07-29T11:03:07","slug":"la-version-portuguesa-de-la-que-se-avecina-se-vera-en-espana-en-fdf-television","status":"publish","type":"post","link":"https:\/\/www.europesays.com\/es\/11497\/","title":{"rendered":"La versi\u00f3n portuguesa de \u2018La que se avecina\u2019 se ver\u00e1 en Espa\u00f1a en FDF | Televisi\u00f3n"},"content":{"rendered":"<p class=\"\">El \u00e9xito de <a href=\"https:\/\/elpais.com\/noticias\/la-que-se-avecina\/\" target=\"_self\" rel=\"nofollow noopener\" title=\"https:\/\/elpais.com\/noticias\/la-que-se-avecina\/\">La que se avecina<\/a>, que acaba de terminar el rodaje de su 16\u00aa temporada, ha cruzado fronteras. La comedia que emiten Telecinco y Prime Video ya tiene tres versiones internacionales: griega, italiana y portuguesa. Esta \u00faltima, titulada <a href=\"https:\/\/www.primevideo.com\/detail\/Vizinhos-para-Sempre\/0OKV7L1EEOWMQK4KM6PHSBAA6E\" target=\"_self\" rel=\"nofollow noopener\" title=\"https:\/\/www.primevideo.com\/detail\/Vizinhos-para-Sempre\/0OKV7L1EEOWMQK4KM6PHSBAA6E\">Vizinhos para sempre<\/a>, ha sido adquirida por Mediaset Espa\u00f1a para su emisi\u00f3n pr\u00f3ximamente en el canal FDF. <\/p>\n<p class=\"\">La versi\u00f3n portuguesa lleva en emisi\u00f3n desde principios de 2025 y ya ha producido dos temporadas de 10 episodios de 30 minutos cada una. Se trata de una producci\u00f3n de TVI, See My Dreams y Prime Video y su argumento se centra en una comunidad de vecinos del condominio Terra\u00e7os do Glamour, a las afueras de Lisboa.<\/p>\n<p>M\u00e1s informaci\u00f3n<\/p>\n<p class=\"\">La serie tiene entre sus actores a Diogo Morgado, Alexandra Lencastre, Tiago Teot\u00f3nio Pereira y Paula Neves y se ver\u00e1 en Espa\u00f1a en el canal FDF, que ya emite a diario varios episodios de La que se avecina. A\u00fan no se ha conoce la fecha de estreno, que el canal anuncia como \u201cmuy pronto\u201d acompa\u00f1ado de un breve v\u00eddeo con algunas situaciones y personajes que a los espectadores espa\u00f1oles les resultar\u00e1n familiares. <\/p>\n<p class=\"\">La versi\u00f3n portuguesa de La que se avecina ya se present\u00f3 en la edici\u00f3n de 2024 del South International Series Festival, que se celebra en C\u00e1diz. All\u00ed se proyect\u00f3 el primer episodio y acudieron el director del remake, Carlos Dante, el responsable de la producci\u00f3n, Piet Hein, y el actor Diogo Valsassina, que interpreta a Joao, la versi\u00f3n portuguesa de Amador. <\/p>\n","protected":false},"excerpt":{"rendered":"El \u00e9xito de La que se avecina, que acaba de terminar el rodaje de su 16\u00aa temporada, ha&hellip;\n","protected":false},"author":2,"featured_media":11498,"comment_status":"","ping_status":"","sticky":false,"template":"","format":"standard","meta":{"footnotes":""},"categories":[91],"tags":[146,147,25,24,8193,7225,955,1462,8192,8190,8191,8189,23,807],"class_list":{"0":"post-11497","1":"post","2":"type-post","3":"status-publish","4":"format-standard","5":"has-post-thumbnail","7":"category-entretenimiento","8":"tag-entertainment","9":"tag-entretenimiento","10":"tag-es","11":"tag-espana","12":"tag-fdf","13":"tag-la-que-se-avecina","14":"tag-mediaset","15":"tag-portugal","16":"tag-series-comedia","17":"tag-series-espanolas","18":"tag-series-europeas","19":"tag-series-television","20":"tag-spain","21":"tag-television"},"share_on_mastodon":{"url":"","error":""},"_links":{"self":[{"href":"https:\/\/www.europesays.com\/es\/wp-json\/wp\/v2\/posts\/11497","targetHints":{"allow":["GET"]}}],"collection":[{"href":"https:\/\/www.europesays.com\/es\/wp-json\/wp\/v2\/posts"}],"about":[{"href":"https:\/\/www.europesays.com\/es\/wp-json\/wp\/v2\/types\/post"}],"author":[{"embeddable":true,"href":"https:\/\/www.europesays.com\/es\/wp-json\/wp\/v2\/users\/2"}],"replies":[{"embeddable":true,"href":"https:\/\/www.europesays.com\/es\/wp-json\/wp\/v2\/comments?post=11497"}],"version-history":[{"count":0,"href":"https:\/\/www.europesays.com\/es\/wp-json\/wp\/v2\/posts\/11497\/revisions"}],"wp:featuredmedia":[{"embeddable":true,"href":"https:\/\/www.europesays.com\/es\/wp-json\/wp\/v2\/media\/11498"}],"wp:attachment":[{"href":"https:\/\/www.europesays.com\/es\/wp-json\/wp\/v2\/media?parent=11497"}],"wp:term":[{"taxonomy":"category","embeddable":true,"href":"https:\/\/www.europesays.com\/es\/wp-json\/wp\/v2\/categories?post=11497"},{"taxonomy":"post_tag","embeddable":true,"href":"https:\/\/www.europesays.com\/es\/wp-json\/wp\/v2\/tags?post=11497"}],"curies":[{"name":"wp","href":"https:\/\/api.w.org\/{rel}","templated":true}]}}