{"id":114990,"date":"2025-09-14T19:05:09","date_gmt":"2025-09-14T19:05:09","guid":{"rendered":"https:\/\/www.europesays.com\/es\/114990\/"},"modified":"2025-09-14T19:05:09","modified_gmt":"2025-09-14T19:05:09","slug":"anaitasuna-se-estrena-con-victoria-y-deja-buenas-vibraciones","status":"publish","type":"post","link":"https:\/\/www.europesays.com\/es\/114990\/","title":{"rendered":"Anaitasuna se estrena con victoria y deja buenas vibraciones"},"content":{"rendered":"<p>\n        <a href=\"https:\/\/www.noticiasdenavarra.com\/tags\/anaitasuna\/\" title=\"Anaitasuna\" target=\"_blank\" class=\"link copy\" rel=\"nofollow noopener\">Anaitasuna <\/a>se estren\u00f3 en la <strong>Divisi\u00f3n de Honor Plata <\/strong>ganando por<strong> 32-28<\/strong> al <strong>BM Contazara Zaragoza, <\/strong>un equipo reci\u00e9n ascendido a la categor\u00eda que dej\u00f3 claro que no ha venido a pasearse, sino que est\u00e1 dispuesto a dar guerra. Los navarros, con <strong>un equipo en construcci\u00f3n,<\/strong> dejaron pinceladas muy positivas en este primer partido, tirando de intensidad defensiva, algo que repercuti\u00f3 en la porter\u00eda \u2013tanto con <strong>Ander Mart\u00edn<\/strong>, titular, como con el rumano<strong> Alin Cozmaciuc<\/strong>\u2013, ambos atinados; y con un ataque en el que a\u00fan quedan aspectos por pulir, pero que cuenta con <strong>una savia joven y en\u00e9rgica<\/strong> dispuesta a dejar su impronta. El desparpajo de<strong> Ibai Etxarte<\/strong> en el lateral derecho, autor de siete goles, o el de<strong> Iker Elola<\/strong>, tambi\u00e9n en la primera l\u00ednea, son dos de los ejemplos.\n<\/p>\n<p class=\"article-body__text \">\n        <strong>Nacho Moyano<\/strong> ya advert\u00eda antes del encuentro de que <strong>no se fiaba <\/strong>en absoluto del Contazara Zaragoza de Mariano Ortega. Y razones no le faltaban. Los aragoneses recalaron en <strong>La Catedral <\/strong>con la ilusi\u00f3n del debutante y por momentos llevaron la voz cantante en los primeros diez minutos. Abri\u00f3 el marcador<strong> \u00c1lvaro del Valle<\/strong>, jugador que durante dos temporadas ya visti\u00f3 la camiseta verdiblanca. <strong>Alejandro Plaza y y Enrique Camas <\/strong>\u2013m\u00e1ximo artillero con 8 dianas\u2013 sab\u00edan leer a la defensa navarra, que demostr\u00f3 pocas fisuras a lo largo del partido.<strong> Adri\u00e1n Ortiz <\/strong>hac\u00eda da\u00f1o al rival robando en defensa y corriendo, mientras que <strong>Etxarte penetraba con fuerza<\/strong> la zaga aragonesa y resolv\u00eda con su zurda para poner un 7-5 que oblig\u00f3 a Ortega a detener el tiempo.\n<\/p>\n<p class=\"article-body__text \">\n        El partido entr\u00f3 en una <strong>concatenaci\u00f3n de exclusiones<\/strong> por ambos bandos, dos de ellas de Anaitasuna, que estaba bien sustentado <strong>en defensa<\/strong> y con Ander Mart\u00edn inspirad\u00edsimo en la porter\u00eda \u2013firm\u00f3 10 paradas en el primer per\u00edodo\u2013. Todo ello acompa\u00f1ado de un ataque bien encaminado. Lleg\u00f3 a tener cinco goles de renta <strong>el cuadro de Moyano<\/strong>, que se fue al descanso con un 14-9.\n<\/p>\n<p><strong>ANAITASUNA  32<\/strong><\/p>\n<p><strong>CONTAZARA ZARAGOZA  28<\/strong><\/p>\n<p><strong>Anaitasuna (14+18)<\/strong> Ander Mart\u00edn (portero), Mikel Redondo (7, 5p), Adri\u00e1n Ortiz Ech\u00e1varri (2), Nikola Malivojevic, Unai Elizondo (1), Ibai Etxarte (7) y Oleg Kisselev (2) \u2013siete inicial\u2013. Alin Cozmaciuc (portero), Teo Marchesino, Adri\u00e1n Glar\u00eda, Jos\u00e9 Paulo Pereira Silva (3), Iker Elola (5), Andoni Beraza (1), Pablo Itoiz (1), Julen Elustondo Mart\u00edn (3) y Pablo Fern\u00e1ndez.<\/p>\n<p><strong>Contazara Zaragoza (9+19)<\/strong> Jorge G\u00f3mez (portero), Alejandro Plaza (6, 1p), \u00c1lvaro del Valle (1), Bruno Della Ratta (2), Diego Monz\u00f3n, Enrique Camas (8, 2p) y Juan Mart\u00ednez (1) \u2013siete inicial\u2013. Alejandro Sanz (portero), Jon Ander Iribar (3), Mario Hern\u00e1ndez, Miguel Lanero (1), Rafael Val (2), Segio Wagner (3), \u00c1lvaro Acosta y Marcos Andr\u00e9s Ara (1).<\/p>\n<p><strong>Marcador cada cinco minutos<\/strong> 2-2, 6-5, 8-5, 10-7, 11-8, 14-9 (descanso); 17-11, 19-13, 23-17, 24-18, 27-22 y 32-28 (final).<\/p>\n<p><strong>\u00c1rbitras <\/strong>Marta Fern\u00e1ndez y Maialen Calder\u00f3n (Comit\u00e9 Vasco). Excluyeron a Malivojevic (2), Marchesino (2) y Unai Elizondo por los navarros; y a Diego Monz\u00f3n, Jon Ander Iribar, Miguel Arnillas y Enrique Camas por los ma\u00f1os.<\/p>\n<p><strong>Pabell\u00f3n <\/strong>Anaitasuna. 835 espectadores. El club navarro tuvo un detalle con el t\u00e9cnico visitante, Mariano Ortega, en recuerdo de su hija Ver\u00f3nica, fallecida hace unos meses a los 19 a\u00f1os.<\/p>\n<p class=\"article-body__text \">\n        La tarea del Contazara Zaragoza pasaba<strong> por remontar<\/strong>. De vez en cuando era capaz de encontrar la grieta en la zaga navarra, como bien lo demostr\u00f3 un efectivo Enrique Camas. Anaitasuna tambi\u00e9n ten\u00eda sus bazas, con <strong>Mikel Redondo<\/strong> infalible desde los siete metros, <strong>Elustondo <\/strong>dirigiendo o <strong>Etxarte <\/strong>en su l\u00ednea de cara a puerta. Las diferencias llegaban a los seis goles (19-13, m.40).\n<\/p>\n<p class=\"article-body__text \">\n        Los de<strong> Mariano Ortega <\/strong>redujeron brecha aprovechando la exclusi\u00f3n de <strong>Marchesino<\/strong>, por lo que Moyano detuvo el tiempo. El t\u00e9cnico madrile\u00f1o dio entrada en este segundo acto al joven portero rumano <strong>Alin Cozmaciuc,<\/strong> que hizo las delicias del p\u00fablico parando de todas las maneras posibles: con las piernas cerradas, con una mano, con el pie&#8230; Un <strong>show <\/strong>gracias a sus <strong>2,10 metros de altura.<\/strong>\n<\/p>\n<p class=\"article-photo__footer\">\n            El capit\u00e1n, Oleg Kisselev, defendido por Marcos Andr\u00e9s Ara (i) y \u00c1lvaro del Valle.            Iban Aguinaga        <\/p>\n<p class=\"article-body__text \">\n        Encaraba Anaitasuna con un 24-18 los \u00faltimos diez minutos de juego. Pero <strong>los ma\u00f1os no tiraron el partido<\/strong> y apretaron en los\u00a0instantes finales, con una defensa casi individual, que les permiti\u00f3 estrechar la brecha en el marcador. Finalmente, un 32-28 que deja <strong>dos puntos<\/strong> y, sobre todo, buenas vibraciones en esta temporada de cambio.\u00a0\n<\/p>\n<p>  Moyano: \u00abA seguir trabajando\u00bb<\/p>\n<p class=\"article-body__text \">\n        <strong>Nacho Moyano<\/strong> estaba satisfecho con los dos puntos en este primer partido que, como reconoci\u00f3, son compromisos que hay que sacar. <strong>\u00abNo son f\u00e1ciles.<\/strong> La gente ten\u00eda cierta ansiedad adem\u00e1s. Al final juegas aqu\u00ed en casa, delante de tu gente, y <strong>muchos de ellos debutando <\/strong>por primera vez con el primer equipo. Alguno ya hab\u00eda jugado peque\u00f1os ratos, pero ahora tiene otro rol completamente distinto\u00bb, explic\u00f3. Asimismo, analiz\u00f3 respecto al encuentro: \u00abHemos alternado <strong>ratos muy buenos con otros muy mejorables<\/strong>. En una primera jornada de Liga, al final, no se puede pedir mucho m\u00e1s que sacarlo hacia adelante, quedarte con los dos puntos y a seguir trabajando\u00bb.\n<\/p>\n<p class=\"article-body__text \">\n        El t\u00e9cnico de Anaitasuna puso tambi\u00e9n en valor al rival: \u00abLa semana pasada, Zaragoza perdi\u00f3<strong> por dos contra el Burgos<\/strong>, que ya hemos visto que le ha aplastado en casa al <strong>Benidorm<\/strong>. El principal problema es que quiz\u00e1s est\u00e1bamos infravalorando a un equipo que hab\u00eda que tratarle con <strong>todo el respeto del mundo,<\/strong> mirarle a la cara, bajar al barro para poder sacarlo y eso es lo que mejor hemos hecho\u00bb.<\/p>\n","protected":false},"excerpt":{"rendered":"Anaitasuna se estren\u00f3 en la Divisi\u00f3n de Honor Plata ganando por 32-28 al BM Contazara Zaragoza, un equipo&hellip;\n","protected":false},"author":2,"featured_media":114991,"comment_status":"","ping_status":"","sticky":false,"template":"","format":"standard","meta":{"footnotes":""},"categories":[278],"tags":[2617,376,2605,51,168,25,24,1719,375,23,167,1261],"class_list":{"0":"post-114990","1":"post","2":"type-post","3":"status-publish","4":"format-standard","5":"has-post-thumbnail","7":"category-balonmano","8":"tag-anaitasuna","9":"tag-balonmano","10":"tag-buenas","11":"tag-deja","12":"tag-deportes","13":"tag-es","14":"tag-espana","15":"tag-estrena","16":"tag-handball","17":"tag-spain","18":"tag-sports","19":"tag-victoria"},"share_on_mastodon":{"url":"","error":""},"_links":{"self":[{"href":"https:\/\/www.europesays.com\/es\/wp-json\/wp\/v2\/posts\/114990","targetHints":{"allow":["GET"]}}],"collection":[{"href":"https:\/\/www.europesays.com\/es\/wp-json\/wp\/v2\/posts"}],"about":[{"href":"https:\/\/www.europesays.com\/es\/wp-json\/wp\/v2\/types\/post"}],"author":[{"embeddable":true,"href":"https:\/\/www.europesays.com\/es\/wp-json\/wp\/v2\/users\/2"}],"replies":[{"embeddable":true,"href":"https:\/\/www.europesays.com\/es\/wp-json\/wp\/v2\/comments?post=114990"}],"version-history":[{"count":0,"href":"https:\/\/www.europesays.com\/es\/wp-json\/wp\/v2\/posts\/114990\/revisions"}],"wp:featuredmedia":[{"embeddable":true,"href":"https:\/\/www.europesays.com\/es\/wp-json\/wp\/v2\/media\/114991"}],"wp:attachment":[{"href":"https:\/\/www.europesays.com\/es\/wp-json\/wp\/v2\/media?parent=114990"}],"wp:term":[{"taxonomy":"category","embeddable":true,"href":"https:\/\/www.europesays.com\/es\/wp-json\/wp\/v2\/categories?post=114990"},{"taxonomy":"post_tag","embeddable":true,"href":"https:\/\/www.europesays.com\/es\/wp-json\/wp\/v2\/tags?post=114990"}],"curies":[{"name":"wp","href":"https:\/\/api.w.org\/{rel}","templated":true}]}}