{"id":114996,"date":"2025-09-14T19:09:08","date_gmt":"2025-09-14T19:09:08","guid":{"rendered":"https:\/\/www.europesays.com\/es\/114996\/"},"modified":"2025-09-14T19:09:08","modified_gmt":"2025-09-14T19:09:08","slug":"rune-raja-del-publico-en-espana-hay-menos-respeto","status":"publish","type":"post","link":"https:\/\/www.europesays.com\/es\/114996\/","title":{"rendered":"Rune raja del p\u00fablico: \u201cEn Espa\u00f1a hay menos respeto\u201d"},"content":{"rendered":"<p class=\"\"><b>\u201cNo\u201d, fue la cortante y escueta respuesta que dio Holger Rune <\/b>cuando, en el turno de preguntas en ingl\u00e9s de su rueda de prensa, se le pregunt\u00f3 sobre si el comportamiento de la afici\u00f3n hab\u00eda tenido alg\u00fan efecto durante <a href=\"https:\/\/as.com\/tenis\/pedro-martinez-se-viste-de-heroe-para-superar-a-rune-y-forzar-el-quinto-partido-n\/\" target=\"_blank\" rel=\"noreferrer nofollow noopener\" title=\"https:\/\/as.com\/tenis\/pedro-martinez-se-viste-de-heroe-para-superar-a-rune-y-forzar-el-quinto-partido-n\/\">su partido ante Pedro Mart\u00ednez<\/a>, de quien reconoci\u00f3 que estuvo \u201cmejor\u201d. El dan\u00e9s, que ten\u00eda la oportunidad de darle a su pa\u00eds la que hubiese sido la primera clasificaci\u00f3n a los cuartos de final de la <a href=\"https:\/\/as.com\/tenis\/copa_davis\/\" target=\"_blank\" rel=\"noreferrer nofollow noopener\" title=\"https:\/\/as.com\/tenis\/copa_davis\/\">Copa Davis<\/a> desde 1988, <b>sucumbi\u00f3 ante el espa\u00f1ol en tres \u00e9picos sets<\/b> de un partido en el que se la tuvo en numerosas ocasiones con la grada.<\/p>\n<p class=\"\">Sin ir m\u00e1s lejos, a los cuatro minutos de partido, despu\u00e9s de ganar un punto, Rune mir\u00f3 a la grada de forma desafiante y se llev\u00f3 el dedo a la oreja, porque previamente <b>se hab\u00edan vitoreado sus fallos con el primer saque. <\/b>David Ferrer asegur\u00f3 m\u00e1s tarde que en uno de esos enganchones el dan\u00e9s <a href=\"https:\/\/as.com\/tenis\/el-cabreo-de-ferrer-por-la-actitud-de-rune-ha-dicho-fuck-off-a-la-grada-n\/\" target=\"_blank\" rel=\"noreferrer nofollow noopener\" title=\"https:\/\/as.com\/tenis\/el-cabreo-de-ferrer-por-la-actitud-de-rune-ha-dicho-fuck-off-a-la-grada-n\/\">le hab\u00eda dedicado un \u2018fuck off\u2019<\/a> (que os jodan) a la grada de Puente Romano, en Marbella, que apret\u00f3 de lo lindo durante el partido. En el segundo set, <b>Rune lanz\u00f3 dos pelotas fuera del complejo marbell\u00ed<\/b>, y durante todo el encuentro recibi\u00f3 la presi\u00f3n del p\u00fablico, algo de lo que se explay\u00f3 m\u00e1s durante sus respuestas en dan\u00e9s.<\/p>\n<p class=\"\">\u00abCreo que hay una peque\u00f1a diferencia entre el p\u00fablico dan\u00e9s y el espa\u00f1ol. En Dinamarca es distinto. Hab\u00eda un gran ambiente para ellos, pero en Espa\u00f1a noto menos respeto. As\u00ed que s\u00ed, hay una diferencia. Pero de todas formas el ambiente fue bueno. En mi opini\u00f3n, el mejor lugar, donde el ambiente es m\u00e1s justo, es en Barcelona, donde juego. En otros sitios de Espa\u00f1a a veces el p\u00fablico es un poco ruidoso y no tan respetuoso, pero es parte del juego. Ya lo he experimentado antes. Y creo que es divertido jugar en una atm\u00f3sfera intensa. Por supuesto, mientras no pasen el l\u00edmite. Hubo algunas cosas que no fueron muy correctas, pero nada que decidiera el partido\u00bb, explic\u00f3 el <b>11\u00ba del ranking ATP.<\/b><\/p>\n<p class=\"\">Rune tambi\u00e9n carg\u00f3 contra el juez de silla del encuentro, al que <b>no le dio la mano tras la finalizaci\u00f3n del mismo<\/b> porque un par de juegos antes cant\u00f3 un doble bote que nunca existi\u00f3. \u201cTodav\u00eda no he revisado los videos, pero estoy bastante seguro. No he pensado mucho en ese punto, pero s\u00ed, me qued\u00e9 bastante frustrado. Fue un partido loco. Algunas cosas m\u00e1s pasaron, pero bueno, eso puede suceder. La semana pasada en el US Open tuvimos la posibilidad de usar revisiones en video para ver si el \u00e1rbitro hab\u00eda cometido un error o no\u201d, coment\u00f3 el dan\u00e9s antes de justificar su no saludo al juez de silla. \u201cS\u00ed, es que no se lo merec\u00eda. Eso pienso yo. Fue bastante evidente, demasiados errores. No fue un buen trabajo, en mi opini\u00f3n. As\u00ed que s\u00ed, no se lo merec\u00eda\u201d.<\/p>\n<p class=\"\">Por \u00faltimo, Holger habl\u00f3 sobre las molestias que sufri\u00f3 durante el tercer set. \u201cSent\u00ed bastante la cadera. No he entrenado mucho la \u00faltima semana. He estado haciendo m\u00e1s preparaci\u00f3n f\u00edsica y menos tenis. As\u00ed que se sinti\u00f3 m\u00e1s en el cuerpo, peque\u00f1as molestias y todo eso. Ahora me tomar\u00e9 unos d\u00edas con calma y volver\u00e9 a prepararme f\u00edsicamente\u201d, explic\u00f3 el n\u00f3rdico, que <b>reaparecer\u00e1 la pr\u00f3xima semana en la Laver Cup de San Francisco<\/b>, donde formar\u00e1 parte del equipo europeo junto con, entre otros, Carlos Alcaraz.<\/p>\n<p>Noticias relacionadas<\/p>\n<p class=\"\"><b>\u00a1Tus opiniones importan!<\/b> Comenta en los art\u00edculos y suscr\u00edbete gratis a nuestra <a href=\"https:\/\/asfan.as.com\/newsletters\/\" target=\"_blank\" rel=\"nofollow noopener\" title=\"https:\/\/asfan.as.com\/newsletters\/\">newsletter<\/a> y a las alertas informativas en la <a href=\"https:\/\/as.com\/aplicacion-de-as-n\/\" target=\"_blank\" rel=\"nofollow noopener\" title=\"https:\/\/as.com\/aplicacion-de-as-n\/\">App<\/a> o el canal de <a href=\"https:\/\/www.whatsapp.com\/channel\/0029VaAasdA7j6g745nz9M10\" target=\"_blank\" rel=\"nofollow noopener\" title=\"https:\/\/www.whatsapp.com\/channel\/0029VaAasdA7j6g745nz9M10\">WhatsApp<\/a>. <\/p>\n<p class=\"\">\u00bfBuscas licenciar contenido? Haz clic <a href=\"https:\/\/profesional.elpais.com\/soluciones-sindicacion?utm_medium=interno&amp;utm_source=crosslinking&amp;utm_campaign=sindicacion_as_pie_articulos\" target=\"_blank\" rel=\"nofollow noopener\" title=\"https:\/\/profesional.elpais.com\/soluciones-sindicacion?utm_medium=interno&amp;utm_source=crosslinking&amp;utm_campaign=sindicacion_as_pie_articulos\">aqu\u00ed<\/a><\/p>\n","protected":false},"excerpt":{"rendered":"\u201cNo\u201d, fue la cortante y escueta respuesta que dio Holger Rune cuando, en el turno de preguntas en&hellip;\n","protected":false},"author":2,"featured_media":114997,"comment_status":"","ping_status":"","sticky":false,"template":"","format":"standard","meta":{"footnotes":""},"categories":[274],"tags":[168,25,24,23,167,327,326],"class_list":{"0":"post-114996","1":"post","2":"type-post","3":"status-publish","4":"format-standard","5":"has-post-thumbnail","7":"category-tenis","8":"tag-deportes","9":"tag-es","10":"tag-espana","11":"tag-spain","12":"tag-sports","13":"tag-tenis","14":"tag-tennis"},"share_on_mastodon":{"url":"","error":""},"_links":{"self":[{"href":"https:\/\/www.europesays.com\/es\/wp-json\/wp\/v2\/posts\/114996","targetHints":{"allow":["GET"]}}],"collection":[{"href":"https:\/\/www.europesays.com\/es\/wp-json\/wp\/v2\/posts"}],"about":[{"href":"https:\/\/www.europesays.com\/es\/wp-json\/wp\/v2\/types\/post"}],"author":[{"embeddable":true,"href":"https:\/\/www.europesays.com\/es\/wp-json\/wp\/v2\/users\/2"}],"replies":[{"embeddable":true,"href":"https:\/\/www.europesays.com\/es\/wp-json\/wp\/v2\/comments?post=114996"}],"version-history":[{"count":0,"href":"https:\/\/www.europesays.com\/es\/wp-json\/wp\/v2\/posts\/114996\/revisions"}],"wp:featuredmedia":[{"embeddable":true,"href":"https:\/\/www.europesays.com\/es\/wp-json\/wp\/v2\/media\/114997"}],"wp:attachment":[{"href":"https:\/\/www.europesays.com\/es\/wp-json\/wp\/v2\/media?parent=114996"}],"wp:term":[{"taxonomy":"category","embeddable":true,"href":"https:\/\/www.europesays.com\/es\/wp-json\/wp\/v2\/categories?post=114996"},{"taxonomy":"post_tag","embeddable":true,"href":"https:\/\/www.europesays.com\/es\/wp-json\/wp\/v2\/tags?post=114996"}],"curies":[{"name":"wp","href":"https:\/\/api.w.org\/{rel}","templated":true}]}}