{"id":114998,"date":"2025-09-14T19:10:10","date_gmt":"2025-09-14T19:10:10","guid":{"rendered":"https:\/\/www.europesays.com\/es\/114998\/"},"modified":"2025-09-14T19:10:10","modified_gmt":"2025-09-14T19:10:10","slug":"se-cancela-la-etapa-de-madrid","status":"publish","type":"post","link":"https:\/\/www.europesays.com\/es\/114998\/","title":{"rendered":"se cancela la etapa de Madrid"},"content":{"rendered":"<p>La Vuelta a Espa\u00f1a de las protestas termina con el \u00faltimo y definitivo altercado. Antes de llegar a Madrid ya se tuvo que hacer ciertas modificaciones en la carrera por las multitudinarias manifestaciones que hab\u00eda en Alcobendas, pero todo se complic\u00f3 a\u00fan m\u00e1s en meta. Las im\u00e1genes que llegaban desde la l\u00ednea de meta sobre las 18h., con cargas policiales y los manifestantes derribando las vallas, hac\u00edan presagiar que la <strong>Vuelta a Espa\u00f1a 2025 no iba a terminar pasando por \u00faltima vez la l\u00ednea de meta.<\/strong><\/p>\n<p>\t\tUn grupo de manifestantes propalestinos rompe el vallado e irrumpe en la Gran V\u00eda\t<\/p>\n<p>A 57 kil\u00f3metros de meta, la primera manifestaci\u00f3n ya dej\u00f3 cortados a varias ciclistas, incluido uno de <strong>Arkea que tuvo un enganch\u00f3n con uno de los activistas<\/strong>. En ese momento, se neutraliz\u00f3 la carrera y los ciclistas pararon a la espera de noticias. <\/p>\n<p>Los equipos y organizaci\u00f3n, que ya tem\u00edan este final, llevaron m\u00e1s coches a esta etapa para recoger a todos los ciclistas y llevarlos de vuelta a sus autobuses. Minutos despu\u00e9s se confirm\u00f3 que no habr\u00eda final de etapa y tampoco podio para premiar a los mejores de esta Vuelta. Se termina de esta forma una edici\u00f3n que igual no por ciclismo, pero que <strong>seguro que se recordar\u00e1 mucho tiempo.<\/strong><\/p>\n<p>\t\tResumen de la etapa 21 de la Vuelta a Espa\u00f1a 2025\t<\/p>\n","protected":false},"excerpt":{"rendered":"La Vuelta a Espa\u00f1a de las protestas termina con el \u00faltimo y definitivo altercado. Antes de llegar a&hellip;\n","protected":false},"author":2,"featured_media":114999,"comment_status":"","ping_status":"","sticky":false,"template":"","format":"standard","meta":{"footnotes":""},"categories":[273],"tags":[313,312,168,25,24,23,167],"class_list":{"0":"post-114998","1":"post","2":"type-post","3":"status-publish","4":"format-standard","5":"has-post-thumbnail","7":"category-ciclismo","8":"tag-ciclismo","9":"tag-cycling","10":"tag-deportes","11":"tag-es","12":"tag-espana","13":"tag-spain","14":"tag-sports"},"share_on_mastodon":{"url":"","error":""},"_links":{"self":[{"href":"https:\/\/www.europesays.com\/es\/wp-json\/wp\/v2\/posts\/114998","targetHints":{"allow":["GET"]}}],"collection":[{"href":"https:\/\/www.europesays.com\/es\/wp-json\/wp\/v2\/posts"}],"about":[{"href":"https:\/\/www.europesays.com\/es\/wp-json\/wp\/v2\/types\/post"}],"author":[{"embeddable":true,"href":"https:\/\/www.europesays.com\/es\/wp-json\/wp\/v2\/users\/2"}],"replies":[{"embeddable":true,"href":"https:\/\/www.europesays.com\/es\/wp-json\/wp\/v2\/comments?post=114998"}],"version-history":[{"count":0,"href":"https:\/\/www.europesays.com\/es\/wp-json\/wp\/v2\/posts\/114998\/revisions"}],"wp:featuredmedia":[{"embeddable":true,"href":"https:\/\/www.europesays.com\/es\/wp-json\/wp\/v2\/media\/114999"}],"wp:attachment":[{"href":"https:\/\/www.europesays.com\/es\/wp-json\/wp\/v2\/media?parent=114998"}],"wp:term":[{"taxonomy":"category","embeddable":true,"href":"https:\/\/www.europesays.com\/es\/wp-json\/wp\/v2\/categories?post=114998"},{"taxonomy":"post_tag","embeddable":true,"href":"https:\/\/www.europesays.com\/es\/wp-json\/wp\/v2\/tags?post=114998"}],"curies":[{"name":"wp","href":"https:\/\/api.w.org\/{rel}","templated":true}]}}