{"id":115004,"date":"2025-09-14T19:14:16","date_gmt":"2025-09-14T19:14:16","guid":{"rendered":"https:\/\/www.europesays.com\/es\/115004\/"},"modified":"2025-09-14T19:14:16","modified_gmt":"2025-09-14T19:14:16","slug":"ay-dios-mio-me-va-a-matar","status":"publish","type":"post","link":"https:\/\/www.europesays.com\/es\/115004\/","title":{"rendered":"Ay Dios m\u00edo, me va a matar"},"content":{"rendered":"<p class=\"ft-text\">Miri P\u00e9rez-Cabrero ha arrancado su aventura en &#8216;<a class=\"ft-link ft-link--decoration\" href=\"https:\/\/www.lne.es\/tv-espectaculos\/2025\/09\/12\/supervivientes-all-stars-escoge-primer-expulsado-definitivo-nombra-nuevos-nominados-favorita-entre-ellos-121500403.html\" rel=\"nofollow noopener\" target=\"_blank\">Supervivientes <\/a>All Stars 2025&#8242; en el punto de mira por los rumores de relaci\u00f3n con Froil\u00e1n tras haber sido<strong> fotografiada en actitud c\u00f3mplice y cari\u00f1osa con el nieto del Rey Juan Carlos en Ibiza d\u00edas antes de poner rumbo a Honduras.<\/strong><\/p>\n<p class=\"ft-text\">Demostrando su sentido del humor, la influencer ha seguido el juego a Jorge Javier V\u00e1zquez -que en tono jocoso se dirige a ella como \u00abalteza real\u00bb- y en la semana que llevamos de concurso no ha dudado en mandar saludos y mensajes en directo a los Reyes Felipe y Letizia, a las infantas y a Victoria Federica, llegando incluso a gritar &#8216;\u00a1Viva la infanta Elena!&#8217; cuando el presentador le ha preguntado por su posible &#8216;suegra&#8217;.<\/p>\n<p class=\"ft-text\">Tras un comentado acercamiento a Alejandro Albal\u00e1 -en el que muchos ven una &#8216;carpeta&#8217; forzada por el ex de Isa Pi, que no deja de colmar de mimos, atenciones y palabras rom\u00e1nticas a la concursante de &#8216;Masterchef&#8217; <strong>-llegando incluso a confesar que al verla sinti\u00f3 \u00abun flechazo\u00bb<\/strong>-, Miri se ha acordado de Froil\u00e1n y ha expresado su preocupaci\u00f3n por c\u00f3mo le puede estar sentando que hable de la Familia Real en el reality.<\/p>\n<p class=\"ft-text\"><strong>\u00abAy Dios m\u00edo. El Feli me va a matar\u00bb<\/strong>, se ha sincerado con Fani, desvelando as\u00ed el cari\u00f1oso nombre con el que llama al primo de la Princesa Leonor, un diminituvo de Felipe, su primer nombre (Felipe Juan Froil\u00e1n de todos los Santos)<\/p>\n<p class=\"ft-text\">\u00abEspero que se est\u00e9 riendo\u00bb, ha asegurado con una sonrisa mientras su compa\u00f1era la ha tranquilizado apuntando que no tiene nada que temer porque <strong>\u00abno has dicho nada del otro mundo\u00bb.<\/strong><\/p>\n<p class=\"ft-text\">Una confesi\u00f3n que Jorge Javier ha comentado en plat\u00f3 con el padre de Miri, Eduardo P\u00e9rez-Cabrero, que ha justificado que su hija llama a Froil\u00e1n Feli \u00abporque entre los amigos le llaman as\u00ed\u00bb. \u00abEst\u00e1 un poco preocupada, creo que s\u00ed, tener un amigo de la Casa Real indica que, a veces indica que tienes que tener ciertos comportamientos para no herir, es m\u00e1s susceptible que una amistad normal\u00bb, ha reconocido, insistiendo en que lo \u00fanico que une a la influencer y al hijo de la infanta Elena es una amistad y cree que no le va a afectar en su concurso.<\/p>\n","protected":false},"excerpt":{"rendered":"Miri P\u00e9rez-Cabrero ha arrancado su aventura en &#8216;Supervivientes All Stars 2025&#8242; en el punto de mira por los&hellip;\n","protected":false},"author":2,"featured_media":115005,"comment_status":"","ping_status":"","sticky":false,"template":"","format":"standard","meta":{"footnotes":""},"categories":[174],"tags":[38715,255,146,147,25,24,2793,256,6079,38716,20337,738,1789,33671,23,3947],"class_list":{"0":"post-115004","1":"post","2":"type-post","3":"status-publish","4":"format-standard","5":"has-post-thumbnail","7":"category-famosos","8":"tag-cabrero","9":"tag-celebrities","10":"tag-entertainment","11":"tag-entretenimiento","12":"tag-es","13":"tag-espana","14":"tag-espectaculos","15":"tag-famosos","16":"tag-ibiza","17":"tag-infanta-elena","18":"tag-miri","19":"tag-perez","20":"tag-revela","21":"tag-rey-juan-carlos","22":"tag-spain","23":"tag-supervivientes"},"share_on_mastodon":{"url":"","error":""},"_links":{"self":[{"href":"https:\/\/www.europesays.com\/es\/wp-json\/wp\/v2\/posts\/115004","targetHints":{"allow":["GET"]}}],"collection":[{"href":"https:\/\/www.europesays.com\/es\/wp-json\/wp\/v2\/posts"}],"about":[{"href":"https:\/\/www.europesays.com\/es\/wp-json\/wp\/v2\/types\/post"}],"author":[{"embeddable":true,"href":"https:\/\/www.europesays.com\/es\/wp-json\/wp\/v2\/users\/2"}],"replies":[{"embeddable":true,"href":"https:\/\/www.europesays.com\/es\/wp-json\/wp\/v2\/comments?post=115004"}],"version-history":[{"count":0,"href":"https:\/\/www.europesays.com\/es\/wp-json\/wp\/v2\/posts\/115004\/revisions"}],"wp:featuredmedia":[{"embeddable":true,"href":"https:\/\/www.europesays.com\/es\/wp-json\/wp\/v2\/media\/115005"}],"wp:attachment":[{"href":"https:\/\/www.europesays.com\/es\/wp-json\/wp\/v2\/media?parent=115004"}],"wp:term":[{"taxonomy":"category","embeddable":true,"href":"https:\/\/www.europesays.com\/es\/wp-json\/wp\/v2\/categories?post=115004"},{"taxonomy":"post_tag","embeddable":true,"href":"https:\/\/www.europesays.com\/es\/wp-json\/wp\/v2\/tags?post=115004"}],"curies":[{"name":"wp","href":"https:\/\/api.w.org\/{rel}","templated":true}]}}