{"id":115006,"date":"2025-09-14T19:16:22","date_gmt":"2025-09-14T19:16:22","guid":{"rendered":"https:\/\/www.europesays.com\/es\/115006\/"},"modified":"2025-09-14T19:16:22","modified_gmt":"2025-09-14T19:16:22","slug":"20-the-official-champions-celebration-nuevo-libro-proximamente","status":"publish","type":"post","link":"https:\/\/www.europesays.com\/es\/115006\/","title":{"rendered":"&#8217;20: The Official Champions&#8217; Celebration\u00bb: nuevo libro pr\u00f3ximamente"},"content":{"rendered":"<p>El libro de tapa dura, que se publicar\u00e1 en oto\u00f1o, revive cada uno de los triunfos de la ilustre historia del club en la liga, desde 1900-01 hasta la victoria de la temporada pasada con Arne Slot.<\/p>\n<p>Comienza con un pr\u00f3logo de Slot e incluye un acceso sin precedentes a lo largo de la campa\u00f1a 2024-25.<\/p>\n<p>El libro, publicado por Ebury Spotlight, incluye entrevistas exclusivas con jugadores y contiene m\u00e1s de 200 fotograf\u00edas para celebrar el legado de los Reds de triunfar con t\u00edtulos de primera categor\u00eda.<\/p>\n<p>Lee Dwerryhouse, vicepresidente s\u00e9nior de comercializaci\u00f3n del Liverpool FC, dijo: \u00ab&#8217;20: The Official Champions&#8217; Celebration es el relato definitivo de una temporada verdaderamente trascendental en la historia de este club.<\/p>\n<p>\u00abRevive el viaje desde el primer d\u00eda de mando de Slot hasta que gan\u00f3 la Premier League en su primera temporada, narrado por quienes estuvieron presentes en cada paso del camino. <\/p>\n<p>\u00abEstamos muy orgullosos de poder hacer esto para nuestros seguidores, quienes contribuyeron a impulsar nuestro \u00e9xito en el campo esta temporada\u00bb.<\/p>\n<p>Abigail Le Marquand-Brown, editora encargada de Ebury Spotlight, a\u00f1adi\u00f3: \u00abLa temporada 2024-2025 fue extraordinaria para el Liverpool Football Club. No se me ocurre mejor manera de celebrarlo que publicando este libro<\/p>\n<p> oficial. <\/p>\n<p>\u00abRepleto de entrevistas exclusivas, historias y reflexiones, sirve como un merecido homenaje a la rica historia de excelencia futbol\u00edstica del club a lo largo de los \u00faltimos 133 a\u00f1os. Estoy seguro de que resonar\u00e1 entre los fan\u00e1ticos de la LFC de todo el mundo<\/p>\n<p>\u00bb. <\/p>\n<p>Tambi\u00e9n habr\u00e1 una portada exclusiva del Liverpool FC que solo estar\u00e1 disponible en LFC Retail.<\/p>\n<p>\u00ab20: The Official Champions&#8217; Celebration\u00bb se podr\u00e1 reservar <a href=\"https:\/\/store.liverpoolfc.com\/\" rel=\"nofollow noopener\" target=\"_blank\"><strong>en nuestra tienda online o a trav\u00e9s de la <a href=\"https:\/\/liverpoolfootballclub.onelink.me\/Ld9D\/lfcnewssection\" rel=\"nofollow noopener\" target=\"_blank\"><strong>aplicaci\u00f3n LFC Store<\/strong><\/a><\/strong> a partir del 12 de agosto y se podr\u00e1 comprar en las tiendas a partir del 12 de septiembre.<\/a><\/p>\n","protected":false},"excerpt":{"rendered":"El libro de tapa dura, que se publicar\u00e1 en oto\u00f1o, revive cada uno de los triunfos de la&hellip;\n","protected":false},"author":2,"featured_media":115007,"comment_status":"","ping_status":"","sticky":false,"template":"","format":"standard","meta":{"footnotes":""},"categories":[172],"tags":[18968,224,146,147,25,24,38727,38717,38724,38719,38728,38730,38729,225,2016,38723,38722,38718,38726,38720,18579,23,38721,38725],"class_list":{"0":"post-115006","1":"post","2":"type-post","3":"status-publish","4":"format-standard","5":"has-post-thumbnail","7":"category-libros","8":"tag-alisson","9":"tag-books","10":"tag-entertainment","11":"tag-entretenimiento","12":"tag-es","13":"tag-espana","14":"tag-firmino","15":"tag-homepage","16":"tag-klopp","17":"tag-lfc","18":"tag-lfc-news","19":"tag-lfctv","20":"tag-lfctv-go","21":"tag-libros","22":"tag-liverpool-fc","23":"tag-liverpool-fc-match","24":"tag-liverpool-fc-news","25":"tag-liverpool-football-club","26":"tag-mane","27":"tag-reds","28":"tag-salah","29":"tag-spain","30":"tag-the-reds","31":"tag-van-dijk"},"share_on_mastodon":{"url":"","error":""},"_links":{"self":[{"href":"https:\/\/www.europesays.com\/es\/wp-json\/wp\/v2\/posts\/115006","targetHints":{"allow":["GET"]}}],"collection":[{"href":"https:\/\/www.europesays.com\/es\/wp-json\/wp\/v2\/posts"}],"about":[{"href":"https:\/\/www.europesays.com\/es\/wp-json\/wp\/v2\/types\/post"}],"author":[{"embeddable":true,"href":"https:\/\/www.europesays.com\/es\/wp-json\/wp\/v2\/users\/2"}],"replies":[{"embeddable":true,"href":"https:\/\/www.europesays.com\/es\/wp-json\/wp\/v2\/comments?post=115006"}],"version-history":[{"count":0,"href":"https:\/\/www.europesays.com\/es\/wp-json\/wp\/v2\/posts\/115006\/revisions"}],"wp:featuredmedia":[{"embeddable":true,"href":"https:\/\/www.europesays.com\/es\/wp-json\/wp\/v2\/media\/115007"}],"wp:attachment":[{"href":"https:\/\/www.europesays.com\/es\/wp-json\/wp\/v2\/media?parent=115006"}],"wp:term":[{"taxonomy":"category","embeddable":true,"href":"https:\/\/www.europesays.com\/es\/wp-json\/wp\/v2\/categories?post=115006"},{"taxonomy":"post_tag","embeddable":true,"href":"https:\/\/www.europesays.com\/es\/wp-json\/wp\/v2\/tags?post=115006"}],"curies":[{"name":"wp","href":"https:\/\/api.w.org\/{rel}","templated":true}]}}