{"id":115008,"date":"2025-09-14T19:17:08","date_gmt":"2025-09-14T19:17:08","guid":{"rendered":"https:\/\/www.europesays.com\/es\/115008\/"},"modified":"2025-09-14T19:17:08","modified_gmt":"2025-09-14T19:17:08","slug":"estos-son-los-invitados-de-el-hormiguero-esta-semana-tres-populares-actores-y-un-cantante-de-exito-internacional","status":"publish","type":"post","link":"https:\/\/www.europesays.com\/es\/115008\/","title":{"rendered":"Estos son los invitados de &#8216;El Hormiguero&#8217; esta semana: tres populares actores y un cantante de \u00e9xito internacional"},"content":{"rendered":"<p class=\"v-mdl-ath__p v-mdl-ath__p--6\">\nDomingo, 14 de septiembre 2025, 20:23<\/p>\n<p class=\"v-p\">&#8216;El Hormiguero&#8217; sigue de dulce en sus dos primeras semanas desde que regresara tras el verano. Pese a la vuelta de &#8216;La Revuelta&#8217;, el espacio de Pablo Motos ha demostrado una vez m\u00e1s que <a href=\"https:\/\/www.lasprovincias.es\/culturas\/tv\/pablo-motos-cierra-pleno-victorias-semana-audiencias-20250912081601-nt.html\" title=\"www.lasprovincias.es\" data-voc-vtm-id=\"in-text-traffic\" data-mrf-link=\"www.lasprovincias.es\" rel=\"nofollow noopener\" target=\"_blank\">sigue siendo el l\u00edder del &#8216;acces prime time&#8217;<\/a>. Pese a que han sido ya distintos programas los que han intentado quitarle el puesto, nadie lo ha logrado.<\/p>\n<p class=\"v-p\">Desde este lunes 15 hasta el jueves 18 nuevos rostros acudir\u00e1n al plat\u00f3 de Antena 3 para presentar sus proyectos y charlar con el presentador valenciano.<\/p>\n<p class=\"v-p\">Arrancar\u00e1 la semana el cantante y actor Ar\u00f3n Piper, que estrena su primer trabajo de estudio, el disco titulado &#8216;Ar\u00f3n Piper&#8217;, el cual est\u00e1 ya a la venta y est\u00e1 compuesto por trece canciones. El int\u00e9rprete tambi\u00e9n es conocido por sus papeles en series como &#8216;\u00c9lite&#8217; y pel\u00edculas como &#8216;El correo&#8217;.<\/p>\n<p><a href=\"http:\/\/www.lasprovincias.es\/culturas\/tv\/programa-visto-television-espana-hormiguero-revuelta-20250912172451-nt.html#vtm_modulosEngag=mod-rel:culturas:noticia:1:cmp:1-not\" class=\"v-a-link\" aria-label=\"Imagen\" rel=\"nofollow noopener\" target=\"_blank\"><\/p>\n<p><img decoding=\"async\" loading=\"lazy\" src=\"https:\/\/www.europesays.com\/es\/wp-content\/uploads\/2025\/09\/1757877428_954_TDT-kjRG-U2301863490174RXF-1200x840@Las Provincias-kuAE-U230291052123451B-366x256@Las Provincias.jpg\" class=\"v-a-img\" width=\"258\" height=\"180\" alt=\"\" data-voc-vtm-id=\"in-text-traffic\"\/><\/p>\n<p><\/a><\/p>\n<p class=\"v-p\">El martes 16 ser\u00e1 el turno para Imanol Arias y Mar\u00eda Barranco, que hablar\u00e1n sobre la comedia &#8216;Mejor no decirlo&#8217;, que se podr\u00e1 ver en el Teatro Bellas Artes de Madrid el 3 de octubre. Interpretan a un matrimonio que lleva muchos a\u00f1os juntos y cuya f\u00f3rmula imbatible es saber cu\u00e1ndo hablar y cu\u00e1ndo callar. Pero surge la duda de qu\u00e9 ocurrir\u00eda si en un momento dado deciden hablar de todo.<\/p>\n<p class=\"v-p\">El mi\u00e9rcoles 17 estar\u00e1 Camilo, que precisamente este pasado viernes estuvo en Valencia realizando un concierto en el Roig Arena. El cantante hablar\u00e1 sobre la gira que ha tenido en Espa\u00f1a en agosto y septiembre la \u00faltima actuaci\u00f3n que realizar\u00e1 en el pa\u00eds.<\/p>\n<p class=\"v-p\">Finalizar\u00e1 la semana con Luz y Casal. La artista gallega presentar\u00e1 &#8216;\u00bfQu\u00e9 has hecho conmigo?&#8217;, su nuevo single, que es el segundo adelanto del que ser\u00e1 su nuevo \u00e1lbum.<\/p>\n<p>Comenta<\/p>\n<p>Reporta un error<\/p>\n","protected":false},"excerpt":{"rendered":"Domingo, 14 de septiembre 2025, 20:23 &#8216;El Hormiguero&#8217; sigue de dulce en sus dos primeras semanas desde que&hellip;\n","protected":false},"author":2,"featured_media":115009,"comment_status":"","ping_status":"","sticky":false,"template":"","format":"standard","meta":{"footnotes":""},"categories":[171],"tags":[1014,4328,146,147,25,24,4518,17775,61,3551,13541,773,23,603,214],"class_list":{"0":"post-115008","1":"post","2":"type-post","3":"status-publish","4":"format-standard","5":"has-post-thumbnail","7":"category-tv","8":"tag-actores","9":"tag-cantante","10":"tag-entertainment","11":"tag-entretenimiento","12":"tag-es","13":"tag-espana","14":"tag-exito","15":"tag-hormiguero","16":"tag-internacional","17":"tag-invitados","18":"tag-populares","19":"tag-semana","20":"tag-spain","21":"tag-tres","22":"tag-tv"},"share_on_mastodon":{"url":"","error":""},"_links":{"self":[{"href":"https:\/\/www.europesays.com\/es\/wp-json\/wp\/v2\/posts\/115008","targetHints":{"allow":["GET"]}}],"collection":[{"href":"https:\/\/www.europesays.com\/es\/wp-json\/wp\/v2\/posts"}],"about":[{"href":"https:\/\/www.europesays.com\/es\/wp-json\/wp\/v2\/types\/post"}],"author":[{"embeddable":true,"href":"https:\/\/www.europesays.com\/es\/wp-json\/wp\/v2\/users\/2"}],"replies":[{"embeddable":true,"href":"https:\/\/www.europesays.com\/es\/wp-json\/wp\/v2\/comments?post=115008"}],"version-history":[{"count":0,"href":"https:\/\/www.europesays.com\/es\/wp-json\/wp\/v2\/posts\/115008\/revisions"}],"wp:featuredmedia":[{"embeddable":true,"href":"https:\/\/www.europesays.com\/es\/wp-json\/wp\/v2\/media\/115009"}],"wp:attachment":[{"href":"https:\/\/www.europesays.com\/es\/wp-json\/wp\/v2\/media?parent=115008"}],"wp:term":[{"taxonomy":"category","embeddable":true,"href":"https:\/\/www.europesays.com\/es\/wp-json\/wp\/v2\/categories?post=115008"},{"taxonomy":"post_tag","embeddable":true,"href":"https:\/\/www.europesays.com\/es\/wp-json\/wp\/v2\/tags?post=115008"}],"curies":[{"name":"wp","href":"https:\/\/api.w.org\/{rel}","templated":true}]}}