{"id":115036,"date":"2025-09-14T19:33:07","date_gmt":"2025-09-14T19:33:07","guid":{"rendered":"https:\/\/www.europesays.com\/es\/115036\/"},"modified":"2025-09-14T19:33:07","modified_gmt":"2025-09-14T19:33:07","slug":"la-vuelta-acaba-en-caos","status":"publish","type":"post","link":"https:\/\/www.europesays.com\/es\/115036\/","title":{"rendered":"La Vuelta acaba en caos"},"content":{"rendered":"<p data-gtm-element-container=\"modulo-texto-link\" class=\"paragraph\">La 80.\u00aa edici\u00f3n de la Vuelta Ciclista a Espa\u00f1a es ya historia. Casi lo de menos ha sido la esperada victoria del gran favorito, el dan\u00e9s Jonas Vingegaard, que se estrena en la ronda espa\u00f1ola tras ser un doble ganador del Tour. Lo de m\u00e1s ha sido una carrera de 21 etapas que ha ofrecido al mundo una imagen ins\u00f3lita: aprovechar el escaparate de un evento deportivo internacional para mostrar por parte de miles de manifestantes en todos los rincones del pa\u00eds la repulsa al genocidio que se est\u00e1 perpetrando en Palestina y la incomprensi\u00f3n de tener en la prueba a un equipo israel\u00ed, el Israel-<a href=\"https:\/\/www.lavanguardipa.com\/deportes\/resultados\/premier-league\" target=\"_blank\" rel=\"noopener noreferrer nofollow\">Premier<\/a> Tech, al que se asocia con el Gobierno de Beniamin Netanyahu.<\/p>\n<p data-gtm-element-container=\"modulo-texto-link\" class=\"paragraph\">Despu\u00e9s de la victoria del s\u00e1bado de Vingegaard en la Bola del Mundo, la carrera estaba sentenciada en su apartado deportivo. Quedaba el tradicional paseo por Madrid, una corta etapa de 108 kil\u00f3metros, de los que 54 eran por un circuito urbano, nueve vueltas por la almendra central, con el Paseo del Prado y la Puerta del Sol incluidos.<\/p>\n<p data-gtm-element-container=\"modulo-texto-link\" class=\"paragraph\">Pero estaba claro desde hac\u00eda muchos d\u00edas que los ciclistas no lo iban a tener nada f\u00e1cil. La organizaci\u00f3n de la Vuelta, hasta el \u00faltimo momento, intent\u00f3 mantener la etapa, convencida tambi\u00e9n por las autoridades madrile\u00f1as (el alcade Jos\u00e9 Luis Mart\u00ednez Almeida y la presidenta de la Comunidad, Isabel D\u00edaz Ayuso) de que aqu\u00ed no iba a pasar nada, y si pasaba para eso estaban los 1.500 agentes de seguridad desplegados para blindar la capital, el mayor dispositivo de ese g\u00e9nero que se recuerda.<\/p>\n<p>El dispositivo de seguridad<br \/>\nMil quinientos agentes<\/p>\n<p data-gtm-element-container=\"modulo-texto-link\" class=\"paragraph\">El d\u00eda, tambi\u00e9n como era de esperar, amaneci\u00f3 muy caluroso y al mediod\u00eda se superaban ya los treinta grados, ese calor seco y mesetario. Las vallas estaban ya dispuestas desde hac\u00eda muchas horas. Por el Madrid m\u00e1s castizo (plaza Mayor y aleda\u00f1os) se mezclaban a la hora del vermut turistas y paseantes con banderas palestinas. En la calle Mayor, desplegadas en los balcones, se ve\u00edan tambi\u00e9n muchas banderas espa\u00f1olas (que est\u00e1n ah\u00ed desde los tiempos del covid y a  veces m\u00e1s).<\/p>\n<p data-gtm-element-container=\"modulo-texto-link\" class=\"paragraph\">En algunos lugares estrat\u00e9gicos, como en Cibeles, hab\u00eda tambi\u00e9n banderas israel\u00edes, estas casi siempre acompa\u00f1adas de banderas espa\u00f1olas.<\/p>\n<p>El comienzo de la etapa<br \/>\nDiaz Ayuso cort\u00f3 la cinta en Alalpardo<\/p>\n<p data-gtm-element-container=\"modulo-texto-link\" class=\"paragraph\">A las cinco menos diez de la tarde Isabel D\u00edaz Ayuso cort\u00f3 la cinta y dio inicio a la etapa en Alalpardo, un municipio de 2.430 vecinos, 44 kil\u00f3metros al noreste de Madrid.  Ayuso se subi\u00f3 al coche de Javier Guill\u00e9n, el director de la Vuelta, y se dispuso a seguir la carrera.<\/p>\n<p data-gtm-element-container=\"modulo-texto-link\" class=\"paragraph\">A esa hora los manifestantes en las calles principales se contaban por miles. Agitaban las banderas palestinas y empujaban las vallas.<\/p>\n<p>El recorrido<br \/>\nLa organizaci\u00f3n lo cambi\u00f3 sobre la marcha<\/p>\n<p data-gtm-element-container=\"modulo-texto-link\" class=\"paragraph\">La primera medida de los organizadores fue cambiar el recorrido por sorpresa. Los ciclistas pasaron por el centro de Alalpardo y de Algete pero fueron desviados a la entrada de San Sebasti\u00e1n de los Reyes y Alcobendas para evitar pasar por el centro de dichos municipios.  La imagen de TVE perdi\u00f3 la se\u00f1al de cu\u00e1ntos kil\u00f3metros quedaban para meta.<\/p>\n<p data-gtm-element-container=\"modulo-texto-link\" class=\"paragraph\">En torno a las cinco y media los manifestantes ya hab\u00edan tirado las primeras vallas y eran sacados del centro de las calles a golpes por los agentes antidisturbios. Enseguida llegar\u00edan las primeras cargas policiales y el \u00e1rea entre Atocha, Cibeles y Gran V\u00eda empez\u00f3 a tomar el aire de una batalla campal, con vallas derribadas y contendedores por los suelos.<\/p>\n<p>El centro de Madrid<br \/>\nUna marea de manifestantes<\/p>\n<p data-gtm-element-container=\"modulo-texto-link\" class=\"paragraph\">Las calles del centro estaban invadidas por una multitud que coreaba \u201cEsta Vuelta la gana Palestina\u201d, \u201cIsrael, Estado genocida\u201d, \u201cVerg\u00fcenza\u201d o \u201cMadrid ser\u00e1 la tumba del fascismo\u201d, frase que no se o\u00eda desde la Guerra Civil, cuando la capital de Espa\u00f1a era bombardeada todos los d\u00edas por el ej\u00e9rcito franquista desde el cerro Garabitas, en la Casa de Campo. En cierta medida Madrid volv\u00eda a ser \u201cel rompeolas de todas las Espa\u00f1as\u201d, que escrib\u00eda en el 36 Antonio Machado.<\/p>\n<p data-gtm-element-container=\"modulo-texto-link\" class=\"paragraph\">Precisamente, cerca de la Casa de campo, a 43 kil\u00f3metros de lo que iba a ser la conclusi\u00f3n de la etapa, el pelot\u00f3n puso pie a tierra. Llevaban recorridos 57, pero aquello hab\u00eda sido m\u00e1s una marcha cicloturista que otra cosa.<\/p>\n<p>La decisi\u00f3n<br \/>\nSe da por acabada la Vuelta a falta de 43 kil\u00f3metros<\/p>\n<p data-gtm-element-container=\"modulo-texto-link\" class=\"paragraph\">Los organizadores de la Vuelta y los ciclistas deliberaron. En un primer momento se intent\u00f3 una marcha neutralizada pero enseguida se vio que eso no ten\u00eda ning\u00fan sentido y se dio por anulada la etapa. Luego se cancel\u00f3 tambi\u00e9n la entrega de premios. Los ciclistas montaron en sus autobuses y se fueron a sus hoteles. Los manifestantes quedaron como los due\u00f1os de las calles y durante un par de horas se movieron a sus anchas, Gran V\u00eda incluida, la que un d\u00eda fue la avenida de los Obuses, tambi\u00e9n como ayer llena de barricadas. Madrid hab\u00eda vuelto a tener un d\u00eda de caos y furia.<\/p>\n","protected":false},"excerpt":{"rendered":"La 80.\u00aa edici\u00f3n de la Vuelta Ciclista a Espa\u00f1a es ya historia. Casi lo de menos ha sido&hellip;\n","protected":false},"author":2,"featured_media":115037,"comment_status":"","ping_status":"","sticky":false,"template":"","format":"standard","meta":{"footnotes":""},"categories":[273],"tags":[313,312,168,25,24,23,167],"class_list":{"0":"post-115036","1":"post","2":"type-post","3":"status-publish","4":"format-standard","5":"has-post-thumbnail","7":"category-ciclismo","8":"tag-ciclismo","9":"tag-cycling","10":"tag-deportes","11":"tag-es","12":"tag-espana","13":"tag-spain","14":"tag-sports"},"share_on_mastodon":{"url":"","error":""},"_links":{"self":[{"href":"https:\/\/www.europesays.com\/es\/wp-json\/wp\/v2\/posts\/115036","targetHints":{"allow":["GET"]}}],"collection":[{"href":"https:\/\/www.europesays.com\/es\/wp-json\/wp\/v2\/posts"}],"about":[{"href":"https:\/\/www.europesays.com\/es\/wp-json\/wp\/v2\/types\/post"}],"author":[{"embeddable":true,"href":"https:\/\/www.europesays.com\/es\/wp-json\/wp\/v2\/users\/2"}],"replies":[{"embeddable":true,"href":"https:\/\/www.europesays.com\/es\/wp-json\/wp\/v2\/comments?post=115036"}],"version-history":[{"count":0,"href":"https:\/\/www.europesays.com\/es\/wp-json\/wp\/v2\/posts\/115036\/revisions"}],"wp:featuredmedia":[{"embeddable":true,"href":"https:\/\/www.europesays.com\/es\/wp-json\/wp\/v2\/media\/115037"}],"wp:attachment":[{"href":"https:\/\/www.europesays.com\/es\/wp-json\/wp\/v2\/media?parent=115036"}],"wp:term":[{"taxonomy":"category","embeddable":true,"href":"https:\/\/www.europesays.com\/es\/wp-json\/wp\/v2\/categories?post=115036"},{"taxonomy":"post_tag","embeddable":true,"href":"https:\/\/www.europesays.com\/es\/wp-json\/wp\/v2\/tags?post=115036"}],"curies":[{"name":"wp","href":"https:\/\/api.w.org\/{rel}","templated":true}]}}