{"id":115047,"date":"2025-09-14T19:41:09","date_gmt":"2025-09-14T19:41:09","guid":{"rendered":"https:\/\/www.europesays.com\/es\/115047\/"},"modified":"2025-09-14T19:41:09","modified_gmt":"2025-09-14T19:41:09","slug":"el-cantante-de-saxon-biff-byford-habla-de-su-estado-de-salud-reediciones-de-hypocrisy-video-de-clawfinger","status":"publish","type":"post","link":"https:\/\/www.europesays.com\/es\/115047\/","title":{"rendered":"El cantante de SAXON Biff Byford habla de su estado de salud. Reediciones de HYPOCRISY. V\u00eddeo de CLAWFINGER."},"content":{"rendered":"<p>\u00a0<\/p>\n<p style=\"text-align: center;\"><strong><a href=\"#SAXON\">El cantante de SAXON Biff Byford habla de su estado de salud<\/a> \u2013 <a href=\"#HYPOCRISY\">Reediciones de HYPOCRISY<\/a> \u2013 <a href=\"#CLAWFINGER\">V\u00eddeo de CLAWFINGER<\/a>.<\/strong><\/p>\n<p>El cantante de <a href=\"https:\/\/www.saxon747.com\/\" target=\"_blank\" rel=\"noopener nofollow\"><strong>SAXON<\/strong><\/a> ha publicado un breve mensaje sobre su estado de salud.<\/p>\n<p>\u00abSaludos de Biff, solo comentaros como van las cosas. He pasado por la primera ronda de quimio. Estoy bastante bien, la verdad. Un poco brutal en ocasiones, pero he tenido una semana de descanso, as\u00ed que ahora estoy bien.<\/p>\n<p>Belfast est\u00e1 agotado, as\u00ed que comprad vuestras entradas para los pr\u00f3ximos conciertos. Todo est\u00e1 yendo bien, as\u00ed que voy a salir a ponerme en forma y a hacer ejercicio en un par de semanas. En este momento estoy componiendo el <a href=\"https:\/\/www.rafabasa.com\/2025\/07\/18\/saxon-anthrax-fit-for-a-king\/#SAXON\" rel=\"nofollow noopener\" target=\"_blank\">pr\u00f3ximo disco<\/a> de SAXON, de hecho hay un tema sonando de fondo. Escuchadlo si prest\u00e1is atenci\u00f3n.<\/p>\n<p>Os veo a todos en noviembre. Os informar\u00e9 m\u00e1s adelante, el mes que viene, para contaros como va todo. Mantened la fe. Os veo pronto.\u201d<\/p>\n<p><img fetchpriority=\"high\" decoding=\"async\" src=\"https:\/\/www.europesays.com\/es\/wp-content\/uploads\/2025\/09\/biff-byford-2020_2.jpg\" alt=\"SAXON\" width=\"400\" height=\"400\"\/><\/p>\n<p>La salud de su vocalista Biff hace que los conciertos se hayan aplazado. Estas son las nuevas fechas:<\/p>\n<ul>\n<li><strong>D\u00eda 24 de abril \u2013 BARCELONA \u2013 Razz 1<\/strong><\/li>\n<li><strong>D\u00eda 25 de abril \u2013 BILBAO \u2013 Santana 27<\/strong><\/li>\n<li><strong>D\u00eda 26 de abril \u2013 MADRID \u2013 La Riviera<\/strong><\/li>\n<\/ul>\n<p>El cantante fue operado el mes pasado por un peque\u00f1o <a href=\"https:\/\/www.rafabasa.com\/2025\/08\/16\/saxon-vicious-rumors-rosebad\/#SAXON\" rel=\"nofollow noopener\" target=\"_blank\">tumor en la pr\u00f3stata<\/a>, pero luego revel\u00f3 que ten\u00eda un <a href=\"https:\/\/www.rafabasa.com\/2025\/08\/19\/glenn-hughes-saxon-black-veil-brides\/#SAXON\" rel=\"nofollow noopener\" target=\"_blank\">c\u00e1ncer en el intestino<\/a>.<\/p>\n<p>En este <a href=\"https:\/\/www.rafabasa.com\/2025\/06\/16\/saxon-sacred-reich-wings-of-steel\/#SAXON2\" rel=\"nofollow noopener\" target=\"_blank\">bloque<\/a> pod\u00e9is escuchar \u00edntegro el nuevo directo de <a href=\"https:\/\/www.saxon747.com\/\" target=\"_blank\" rel=\"noopener nofollow\"><strong>SAXON<\/strong><\/a> \u201cEagles Over Hellfest\u201d que sali\u00f3 el 13 de junio a trav\u00e9s de Silver Lining Music.<\/p>\n<p>\u00a0<\/p>\n<p>\u00a0<\/p>\n<p>El pr\u00f3ximo 7 de noviembre Nuclear Blast reeditar\u00e1 los discos de <a href=\"https:\/\/www.facebook.com\/hypocrisy\/\" target=\"_blank\" rel=\"noopener nofollow\"><strong>HYPOCRISY<\/strong><\/a> \u201cVirus\u201d y \u201cA Taste Of Extreme Divinity\u201d.<\/p>\n<p>Los dos han sido remasterizados e incluyen maquetas in\u00e9ditas a modo de extras.<\/p>\n<p>Ya est\u00e1n disponibles en formato digital y en la citada fecha ver\u00e1n la luz\u00a0 en CD y vinilo.<\/p>\n<p>El 26 de noviembre de 2021 vio la luz a trav\u00e9s de Nuclear Blast el \u00faltimo disco de <a href=\"https:\/\/www.facebook.com\/hypocrisy\/\" target=\"_blank\" rel=\"noopener nofollow\"><strong>HYPOCRISY<\/strong><\/a> \u201cWorship\u201d.<\/p>\n<p>Todos los detalles en esta <a href=\"https:\/\/www.rafabasa.com\/2021\/09\/10\/sabaton-obituary-hypocrisy\/#HYPOCRISY\" target=\"_blank\" rel=\"noopener nofollow\">noticia<\/a> y sus \u00faltimos v\u00eddeos en <a href=\"https:\/\/www.rafabasa.com\/2021\/11\/28\/kreator-hypocrisy-midnight\/#HYPOCRISY\" target=\"_blank\" rel=\"noopener nofollow\">esta<\/a>.<\/p>\n<p>Otras informaciones sobre el grupo en este <a href=\"https:\/\/www.rafabasa.com\/2024\/10\/20\/videos-de-la-ceremonia-de-investidura-de-ozzy-osbourne-en-el-salon-de-la-fama-sabaton-ya-trabajan-en-material-nuevo-reediciones-de-hypocrisy\/#HYPOCRISY\" target=\"_blank\" rel=\"noopener nofollow\">bloque<\/a>.<\/p>\n<p>\u00a0<\/p>\n<p>\u00a0<\/p>\n<p><strong>CLAWFINGER<\/strong> han estrenado un nuevo single y v\u00eddeo titulado \u201cBall &amp; Chain\u201d.<\/p>\n<p><strong>CLAWFINGER <\/strong>editar\u00e1n el 20 de febrero a trav\u00e9s de Perception un nuevo disco titulado \u201cBefore We All Die\u201d.<\/p>\n<p>M\u00e1s detalles y los singles anteriores en esta <a href=\"https:\/\/www.rafabasa.com\/2025\/07\/18\/five-finger-death-punch-avatar-clawfinger\/#CLAWFINGER\" rel=\"nofollow noopener\" target=\"_blank\">noticia<\/a>.<\/p>\n<p>\u00a0<\/p>\n<p align=\"center\"><strong>Sigue el\u00a0<a href=\"https:\/\/whatsapp.com\/channel\/0029VaCprxVBA1f555USvT2O\" target=\"_blank\" rel=\"nofollow noopener\">Canal de RAFABASA.COM en WhatsApp<\/a>, donde encontrar\u00e1s todas nuestras novedades al instante<\/strong><\/p>\n<p>\u00a0<\/p>\n","protected":false},"excerpt":{"rendered":"\u00a0 El cantante de SAXON Biff Byford habla de su estado de salud \u2013 Reediciones de HYPOCRISY \u2013&hellip;\n","protected":false},"author":2,"featured_media":115048,"comment_status":"","ping_status":"","sticky":false,"template":"","format":"standard","meta":{"footnotes":""},"categories":[170],"tags":[38737,146,147,25,24,38738,184,185,38739,23],"class_list":{"0":"post-115047","1":"post","2":"type-post","3":"status-publish","4":"format-standard","5":"has-post-thumbnail","7":"category-musica","8":"tag-clawfinger","9":"tag-entertainment","10":"tag-entretenimiento","11":"tag-es","12":"tag-espana","13":"tag-hypocrisy","14":"tag-music","15":"tag-musica","16":"tag-saxon","17":"tag-spain"},"share_on_mastodon":{"url":"","error":""},"_links":{"self":[{"href":"https:\/\/www.europesays.com\/es\/wp-json\/wp\/v2\/posts\/115047","targetHints":{"allow":["GET"]}}],"collection":[{"href":"https:\/\/www.europesays.com\/es\/wp-json\/wp\/v2\/posts"}],"about":[{"href":"https:\/\/www.europesays.com\/es\/wp-json\/wp\/v2\/types\/post"}],"author":[{"embeddable":true,"href":"https:\/\/www.europesays.com\/es\/wp-json\/wp\/v2\/users\/2"}],"replies":[{"embeddable":true,"href":"https:\/\/www.europesays.com\/es\/wp-json\/wp\/v2\/comments?post=115047"}],"version-history":[{"count":0,"href":"https:\/\/www.europesays.com\/es\/wp-json\/wp\/v2\/posts\/115047\/revisions"}],"wp:featuredmedia":[{"embeddable":true,"href":"https:\/\/www.europesays.com\/es\/wp-json\/wp\/v2\/media\/115048"}],"wp:attachment":[{"href":"https:\/\/www.europesays.com\/es\/wp-json\/wp\/v2\/media?parent=115047"}],"wp:term":[{"taxonomy":"category","embeddable":true,"href":"https:\/\/www.europesays.com\/es\/wp-json\/wp\/v2\/categories?post=115047"},{"taxonomy":"post_tag","embeddable":true,"href":"https:\/\/www.europesays.com\/es\/wp-json\/wp\/v2\/tags?post=115047"}],"curies":[{"name":"wp","href":"https:\/\/api.w.org\/{rel}","templated":true}]}}