{"id":115055,"date":"2025-09-14T19:45:07","date_gmt":"2025-09-14T19:45:07","guid":{"rendered":"https:\/\/www.europesays.com\/es\/115055\/"},"modified":"2025-09-14T19:45:07","modified_gmt":"2025-09-14T19:45:07","slug":"desafio-torista-en-las-ventas-combate-nulo-cultura","status":"publish","type":"post","link":"https:\/\/www.europesays.com\/es\/115055\/","title":{"rendered":"Desaf\u00edo torista en Las Ventas: Combate nulo | Cultura"},"content":{"rendered":"<p class=\"\">El combate fue nulo no porque las fuerzas de los contendientes estuvieran igualadas. El desaf\u00edo anunciado entre tres toros de Rehuelga y tres de Jos\u00e9 Escolar no fue tal. Vamos, que no hubo pelea. Los toros no salieron a competir -a pelear-, sino a huir de su sombra.<\/p>\n<p class=\"\">De buena planta, eso s\u00ed, los seis; m\u00e1s astifinos los de Rehuelga, pero guapos todos ellos. Y ah\u00ed se acab\u00f3 su hoja de servicios. Los tres primeros acudieron con facilidad a los caballos, pero ninguno hizo una ri\u00f1a medianamente brava, y todos ellos dieron sobradas muestras de una apabullante soser\u00eda que impidi\u00f3 toda clase de lucimiento. Y los Escolar, mansurrones en sus encuentros con los picadores, complicados, mirones y aplomados. El sexto acudi\u00f3 hasta cuatro veces al caballo, siempre con la cara alta y sin emplearse.<\/p>\n<p class=\"\">En fin, que con semejantes contendientes no fue posible un espect\u00e1culo medianamente soportable. No hubo triunfo, claro est\u00e1; ni siquiera un momento para el recuerdo, a pesar de la buena voluntad, no siempre acompa\u00f1ada del oficio, de la terna anunciada.<\/p>\n<p class=\"\">Confirm\u00f3 la alternativa <a href=\"https:\/\/elpais.com\/cultura\/2025-04-06\/miguel-andrades-una-grata-sorpresa.html\" target=\"_blank\" rel=\"noreferrer nofollow noopener\" title=\"https:\/\/elpais.com\/cultura\/2025-04-06\/miguel-andrades-una-grata-sorpresa.html\">Miguel Andrades<\/a>, que el 13 de octubre cumple 30 a\u00f1os, y accedi\u00f3 al escalaf\u00f3n superior el pasado 31 de mayo en una plaza francesa. Si bien, ofreci\u00f3 una grata sorpresa en la novillada del pasado 6 de abril en esta misma plaza, por su valor, soltura y decisi\u00f3n, la de hoy ha sido un borr\u00f3n en la que ojal\u00e1 sea una larga carrera como matador. No ha tenido oponentes para el triunfo, pero al torero jerezano se le ha visto aturrullado, con pocas ideas y escaso oficio. Su primero, muy soso; el segundo, muy complicado; a los dos los banderille\u00f3 con facilidad y los dos lo atropellaron sin m\u00e1s consecuencias que el susto y los golpes. El primero, cuando lo cit\u00f3 por manoletinas, y el otro, al intentar un natural. Y a los dos los mat\u00f3 de mala manera, en especial, al primero, en el que poco le falt\u00f3 para escuchar los tres avisos. Al que abri\u00f3 plaza lo esper\u00f3 de rodillas en los medios, el toro no le hizo caso y volvi\u00f3 a esperarlo del mismo modo en el tercio. Y ah\u00ed acab\u00f3 su presente historia que, con toda seguridad, \u00e9l hab\u00eda so\u00f1ado de forma muy distinta.<\/p>\n<p class=\"\">Sebasti\u00e1n Ritter entr\u00f3 a \u00faltima hora en sustituci\u00f3n del anunciado Dami\u00e1n Casta\u00f1o, herido el d\u00eda anterior en Salamanca. El torero colombiano hace tiempo que no se pone el traje de luces, y eso se nota, sobre todo, ante toros tan complicados y poco colaboradores como los de esta tarde. Ritter no ha dicho nada, algunos muletazos olvidables y poco m\u00e1s.<\/p>\n<p class=\"\">Y estuvo <a href=\"https:\/\/elpais.com\/cultura\/2025-08-31\/el-colombiano-juan-de-castilla-sufre-dos-muy-graves-cornadas-en-bayona.html\" target=\"_blank\" rel=\"nofollow noopener\" title=\"https:\/\/elpais.com\/cultura\/2025-08-31\/el-colombiano-juan-de-castilla-sufre-dos-muy-graves-cornadas-en-bayona.html\">Juan de Castilla<\/a>, que sufri\u00f3 dos graves cornadas el pasado 30 de agosto en Bayona, y el s\u00e1bado volv\u00eda a los ruedos en el vecino pa\u00eds. Por tal motivo, fue recibido con una cari\u00f1osa ovaci\u00f3n al finalizar el pase\u00edllo. Pero tampoco tuvo mimbres para el triunfo a pesar de su compromiso demostrado toda la tarde. Confiado y seguro se mostr\u00f3 ante el de Rehuelga, que embest\u00eda con la cara alta, y alg\u00fan estimable muletazo rob\u00f3 al quinto, complicado y deslucido.<\/p>\n<p>Rehuelga, Escolar\/Ritter, De Castilla, Andrades<\/p>\n<p>Tres toros de <strong>Rehuelga<\/strong>\u00a0-primero, segundo y tercero-, bien presentados, astifinos, que acudieron con presteza al caballo, pero sin emplearse, muy sosos y descastados; protestado por invalidez el tercero. Y tres de <strong>Jos\u00e9 Escolar<\/strong>, bien presentados, mansurrones, descastados y deslucidos.<\/p>\n<p><strong>Sebasti\u00e1n Ritter<\/strong>: casi entera atravesada (silencio); bajonazo (silencio).<\/p>\n<p><strong>Juan de Castilla<\/strong>: pinchazo y estocada (ovaci\u00f3n); dos pinchazos y cuatro descabellos (silencio).<\/p>\n<p><strong>Miguel Andrades<\/strong>, que confirm\u00f3 la alternativa: dos pinchazos -aviso- pinchazo -segundo aviso- y seis descabellos (pitos); dos pinchazos y estocada trasera (silencio).<\/p>\n<p><strong>Plaza de toros de Las Ventas<\/strong>. Desaf\u00edo ganadero. Domingo 14 de septiembre. Menos de un tercio de entrada (8.166 espectadores, seg\u00fan la empresa).<\/p>\n","protected":false},"excerpt":{"rendered":"El combate fue nulo no porque las fuerzas de los contendientes estuvieran igualadas. El desaf\u00edo anunciado entre tres&hellip;\n","protected":false},"author":2,"featured_media":115056,"comment_status":"","ping_status":"","sticky":false,"template":"","format":"standard","meta":{"footnotes":""},"categories":[91],"tags":[2598,209,146,147,25,24,8456,3728,23,2487,444],"class_list":{"0":"post-115055","1":"post","2":"type-post","3":"status-publish","4":"format-standard","5":"has-post-thumbnail","7":"category-entretenimiento","8":"tag-corridas-toros","9":"tag-cultura","10":"tag-entertainment","11":"tag-entretenimiento","12":"tag-es","13":"tag-espana","14":"tag-ganaderias-toros","15":"tag-las-ventas","16":"tag-spain","17":"tag-toreros","18":"tag-toros"},"share_on_mastodon":{"url":"","error":""},"_links":{"self":[{"href":"https:\/\/www.europesays.com\/es\/wp-json\/wp\/v2\/posts\/115055","targetHints":{"allow":["GET"]}}],"collection":[{"href":"https:\/\/www.europesays.com\/es\/wp-json\/wp\/v2\/posts"}],"about":[{"href":"https:\/\/www.europesays.com\/es\/wp-json\/wp\/v2\/types\/post"}],"author":[{"embeddable":true,"href":"https:\/\/www.europesays.com\/es\/wp-json\/wp\/v2\/users\/2"}],"replies":[{"embeddable":true,"href":"https:\/\/www.europesays.com\/es\/wp-json\/wp\/v2\/comments?post=115055"}],"version-history":[{"count":0,"href":"https:\/\/www.europesays.com\/es\/wp-json\/wp\/v2\/posts\/115055\/revisions"}],"wp:featuredmedia":[{"embeddable":true,"href":"https:\/\/www.europesays.com\/es\/wp-json\/wp\/v2\/media\/115056"}],"wp:attachment":[{"href":"https:\/\/www.europesays.com\/es\/wp-json\/wp\/v2\/media?parent=115055"}],"wp:term":[{"taxonomy":"category","embeddable":true,"href":"https:\/\/www.europesays.com\/es\/wp-json\/wp\/v2\/categories?post=115055"},{"taxonomy":"post_tag","embeddable":true,"href":"https:\/\/www.europesays.com\/es\/wp-json\/wp\/v2\/tags?post=115055"}],"curies":[{"name":"wp","href":"https:\/\/api.w.org\/{rel}","templated":true}]}}