{"id":115061,"date":"2025-09-14T19:48:07","date_gmt":"2025-09-14T19:48:07","guid":{"rendered":"https:\/\/www.europesays.com\/es\/115061\/"},"modified":"2025-09-14T19:48:07","modified_gmt":"2025-09-14T19:48:07","slug":"ee-uu-blinda-a-netanyahu-ante-las-criticas-internacionales-con-la-visita-de-rubio-a-israel","status":"publish","type":"post","link":"https:\/\/www.europesays.com\/es\/115061\/","title":{"rendered":"EE.UU. blinda a Netanyahu ante las cr\u00edticas internacionales con la visita de Rubio a Israel"},"content":{"rendered":"<p style=\"\">Cuanto m\u00e1s fuerte es la presi\u00f3n internacional, mayor es el respaldo de Estados Unidos al Gobierno de <strong>Benjam\u00edn Netanyahu<\/strong>. Tras al <a href=\"https:\/\/www.abc.es\/internacional\/asamblea-general-onu-aprueba-amplia-mayoria-texto-20250912173122-nt.html\" title=\"www.abc.es\" data-voc-vtm-id=\"in-text-traffic\" data-mrf-link=\"www.abc.es\" rel=\"nofollow noopener\" target=\"_blank\">apoyo abrumador de la Asamblea General de la ONU<\/a> a la creaci\u00f3n del Estado palestino y mientras Doha acog\u00eda la primera jornada  &#8230; de la cumbre \u00e1rabe-isl\u00e1mica para buscar una respuesta conjunta frente a Israel, <strong>Marco Rubio<\/strong> aterriz\u00f3 este domingo en Tel Aviv en su primer viaje oficial como secretario de Estado. Rubio acompa\u00f1\u00f3 a Netanyahu en una visita al Muro de las Lamentaciones de Jerusal\u00e9n y el primer ministro declar\u00f3 al mundo que la relaciones entre los dos pa\u00edses son \u00abtan fuertes y duraderas como las piedras del Muro que acabamos de tocar\u00bb. <\/p>\n<p class=\"voc-p\" style=\"\">Rubio paseaba por la Ciudad Vieja, en la parte ocupada de Jerusal\u00e9n, mientras a menos de 80 kil\u00f3metros el Ej\u00e9rcito israel\u00ed prosegu\u00eda un d\u00eda m\u00e1s con sus ataques en Ciudad de Gaza. Unas 300.000 personas ya han salido de la ciudad con direcci\u00f3n al sur de la Franja, pero quedan unas 700.000 a las puertas de la invasi\u00f3n terrestre. El Canal 12 de la televisi\u00f3n israel\u00ed inform\u00f3 de que <a href=\"https:\/\/www.abc.es\/internacional\/israel-abre-puertas-infierno-ciudad-gaza-20250905194515-nt.html\" title=\"www.abc.es\" data-voc-vtm-id=\"in-text-traffic\" data-mrf-link=\"www.abc.es\" rel=\"nofollow noopener\" target=\"_blank\">el Ej\u00e9rcito ya est\u00e1 listo para el asalto por tierra <\/a>a gran escala y recogi\u00f3 la advertencia de los mandos militares sobre un asalto que no supondr\u00e1 la derrota total de Ham\u00e1s y que conllevar\u00e1 una operaci\u00f3n de al menos seis meses. <\/p>\n<p class=\"voc-p\" style=\"\">Los medios israel\u00edes recogieron que la expulsi\u00f3n de los dos millones de gazat\u00edes es uno de los temas clave del viaje de Rubio, quien sabe que <strong>Donald Trump <\/strong>quiere levantar sobre las ruinas de Gaza la \u00abRiviera de Oriente Pr\u00f3ximo\u00bb. El segundo punto de la agenda es la anexi\u00f3n de Cisjordania, un sue\u00f1o de Netanyahu que aliados regionales como Emiratos \u00c1rabes Unidos han definido como una \u00abl\u00ednea roja\u00bb. <\/p>\n<p class=\"voc-p\" style=\"\">Adem\u00e1s de Netanyahu, Rubio tambi\u00e9n se reunir\u00e1 con <a href=\"https:\/\/www.abc.es\/internacional\/starmer-transmite-presidente-israeli-condena-ataque-doha-20250910205250-nt.html\" title=\"www.abc.es\" data-voc-vtm-id=\"in-text-traffic\" data-mrf-link=\"www.abc.es\" rel=\"nofollow noopener\" target=\"_blank\">el presidente Isaac Herzog<\/a> y el ministro de Exteriores, <strong>Gideon Saar<\/strong>. Es un viaje de 48 horas y en las primeras 24 no se produjeron filtraciones sobre las conversaciones, pero el apoyo de Rubio puede ser la luz verde definitiva que espera Netanyahu para mover ficha en Ciudad de Gaza. <\/p>\n<p>\nCumbre contra Israel\n<\/p>\n<p class=\"voc-p\" style=\"\">Antes de viajar a Israel, Trump y Rubio recibieron en Washington al primer ministro de Qatar,<strong> Mohamed al Thani<\/strong>, para abordar las consecuencias del bombardeo israel\u00ed en Doha contra la c\u00fapula de Ham\u00e1s. El enfado es grande en el Golfo y los qatar\u00edes convocaron <a href=\"https:\/\/www.abc.es\/internacional\/qatar-replantea-papel-mediador-israel-hamas-tiempo-20250911125014-nt.html\" title=\"www.abc.es\" data-voc-vtm-id=\"in-text-traffic\" data-mrf-link=\"www.abc.es\" rel=\"nofollow noopener\" target=\"_blank\">una cumbre \u00e1rabe isl\u00e1mica de urgencia para acordar una \u00abrespuesta unida\u00bb a Israel<\/a>. Una de las consecuencias del fallido ataque contra Ham\u00e1s es que ahora los pa\u00edses \u00e1rabes ven a Israel como enemigo y van a sentarse con los iran\u00edes en la misma mesa para consensuar medidas de castigo. <\/p>\n<p class=\"voc-p\" style=\"\">En la jornada preparatoria de la cumbre, Al Thani calific\u00f3 el ataque israel\u00ed de \u00abterrorismo de estado\u00bb y lament\u00f3 la \u00abausencia total de l\u00edneas rojas\u00bb para el Estado jud\u00edo. El dirigente qatar\u00ed se\u00f1al\u00f3 que el bombardeo contra la c\u00fapula islamista cuando discut\u00edan la \u00faltima propuesta de Trump fue \u00abun golpe directo al principio de mediaci\u00f3n\u00bb. Pese a ello, Al Thani anunci\u00f3 que van a seguir adelante como mediadores para tratar de que las armas callen en Gaza. En Doha se escuchar\u00e1n duras cr\u00edticas contra los israel\u00edes, pero <strong>no ser\u00e1 sencillo que se adopten medidas concretas <\/strong>de represalia, ni siquiera entre los pa\u00edses \u00e1rabes que han normalizado relaciones con ellos. <\/p>\n<p class=\"voc-p\" style=\"\">El secretario General de la Liga \u00c1rabe, <strong>Ahmed Aboul Gheit<\/strong>, tom\u00f3 la palabra en la ronda preparatoria y declar\u00f3 que esta cumbre \u00abdeber\u00eda enviar un mensaje claro de solidaridad \u00e1rabe-isl\u00e1mica con Qatar tras el acto de beligerancia de Israel y la violaci\u00f3n de su soberan\u00eda. El silencio y la inacci\u00f3n de la comunidad internacional han alentado a Israel a continuar con sus cr\u00edmenes, creyendo que podr\u00e1 llevarlos a cabo con impunidad\u00bb. <\/p>\n<p class=\"voc-p\" style=\"\">Ir\u00e1n ha confirmado la asistencia del presidente<strong> Masoud Pezeshkian<\/strong>, mientras que el primer ministro iraqu\u00ed, <strong>Mohamed Shia al Sudani<\/strong>, y el presidente turco, <strong>Recep Tayyip Erdogan<\/strong>, tambi\u00e9n tienen previsto acudir a Doha. Los turcos, que tambi\u00e9n acogen con asiduidad a l\u00edderes de Ham\u00e1s en su territorio, est\u00e1n en alerta por la posibilidad de ataques israel\u00edes con ellos. <\/p>\n","protected":false},"excerpt":{"rendered":"Cuanto m\u00e1s fuerte es la presi\u00f3n internacional, mayor es el respaldo de Estados Unidos al Gobierno de Benjam\u00edn&hellip;\n","protected":false},"author":2,"featured_media":115062,"comment_status":"","ping_status":"","sticky":false,"template":"","format":"standard","meta":{"footnotes":""},"categories":[42],"tags":[6635,1422,17,18,115,13,14,11,61,62,63,64,74,19,20,9,10,15,16,5007,20989,38740,14346,12,21,22,938,65,66,67],"class_list":{"0":"post-115061","1":"post","2":"type-post","3":"status-publish","4":"format-standard","5":"has-post-thumbnail","7":"category-internacional","8":"tag-apoyo","9":"tag-ataque","10":"tag-breaking-news","11":"tag-breakingnews","12":"tag-eeuu","13":"tag-featured-news","14":"tag-featurednews","15":"tag-headlines","16":"tag-internacional","17":"tag-international","18":"tag-international-news","19":"tag-internationalnews","20":"tag-israel","21":"tag-latest-news","22":"tag-latestnews","23":"tag-news","24":"tag-noticias","25":"tag-noticias-destacadas","26":"tag-noticiasdestacadas","27":"tag-pese","28":"tag-qatar","29":"tag-reiterar","30":"tag-rubio","31":"tag-titulares","32":"tag-ultimas-noticias","33":"tag-ultimasnoticias","34":"tag-visita","35":"tag-world","36":"tag-world-news","37":"tag-worldnews"},"share_on_mastodon":{"url":"","error":""},"_links":{"self":[{"href":"https:\/\/www.europesays.com\/es\/wp-json\/wp\/v2\/posts\/115061","targetHints":{"allow":["GET"]}}],"collection":[{"href":"https:\/\/www.europesays.com\/es\/wp-json\/wp\/v2\/posts"}],"about":[{"href":"https:\/\/www.europesays.com\/es\/wp-json\/wp\/v2\/types\/post"}],"author":[{"embeddable":true,"href":"https:\/\/www.europesays.com\/es\/wp-json\/wp\/v2\/users\/2"}],"replies":[{"embeddable":true,"href":"https:\/\/www.europesays.com\/es\/wp-json\/wp\/v2\/comments?post=115061"}],"version-history":[{"count":0,"href":"https:\/\/www.europesays.com\/es\/wp-json\/wp\/v2\/posts\/115061\/revisions"}],"wp:featuredmedia":[{"embeddable":true,"href":"https:\/\/www.europesays.com\/es\/wp-json\/wp\/v2\/media\/115062"}],"wp:attachment":[{"href":"https:\/\/www.europesays.com\/es\/wp-json\/wp\/v2\/media?parent=115061"}],"wp:term":[{"taxonomy":"category","embeddable":true,"href":"https:\/\/www.europesays.com\/es\/wp-json\/wp\/v2\/categories?post=115061"},{"taxonomy":"post_tag","embeddable":true,"href":"https:\/\/www.europesays.com\/es\/wp-json\/wp\/v2\/tags?post=115061"}],"curies":[{"name":"wp","href":"https:\/\/api.w.org\/{rel}","templated":true}]}}