{"id":115081,"date":"2025-09-14T20:03:10","date_gmt":"2025-09-14T20:03:10","guid":{"rendered":"https:\/\/www.europesays.com\/es\/115081\/"},"modified":"2025-09-14T20:03:10","modified_gmt":"2025-09-14T20:03:10","slug":"acaba-de-llegar-a-netflix-la-nueva-temporada-de-la-serie-de-epoca-espanola-mas-exitosa-de-los-ultimos-tiempos-con-una-trama-mas-adictiva-que-la-de-la-promesa","status":"publish","type":"post","link":"https:\/\/www.europesays.com\/es\/115081\/","title":{"rendered":"Acaba de llegar a Netflix la nueva temporada de la serie de \u00e9poca espa\u00f1ola m\u00e1s exitosa de los \u00faltimos tiempos con una trama m\u00e1s adictiva que la de \u2018La promesa\u2019"},"content":{"rendered":"<p data-journey-content=\"true\" data-node-id=\"3\" class=\"body-dropcap css-1ogdqci emevuu60\">En los \u00faltimos a\u00f1os ha habido una apuesta firme de las plataformas de &#8216;streaming&#8217; y las cadenas generalistas por los <a href=\"https:\/\/www.cosmopolitan.com\/es\/entretenimiento-cultura\/g39501955\/mejores-series-epoca\/\" data-vars-ga-outbound-link=\"https:\/\/www.cosmopolitan.com\/es\/entretenimiento-cultura\/g39501955\/mejores-series-epoca\/\" data-vars-ga-ux-element=\"Hyperlink\" data-vars-ga-call-to-action=\"dramas de \u00e9poca.\" data-node-id=\"3.1\" class=\"body-link css-103hk4r emevuu60\" rel=\"nofollow noopener\" target=\"_blank\">dramas de \u00e9poca.<\/a> &#8216;Los Bridgerton&#8217; tuvieron bastante peso en esta fascinaci\u00f3n que no ha deca\u00eddo con el paso del tiempo. Netflix, por ejemplo, ha seguido apostando por t\u00edtulos de este tipo como &#8216;El Gatopardo&#8217;, mientras que HBO triunfa con &#8216;La edad dorada&#8217;; Apple TV+ arrasa con &#8216;The Buccaneers&#8217; y Movistar Plus+ logr\u00f3 divertirnos con la alocada historia de &#8216;La vida breve&#8217;. Estos son s\u00f3lo algunos ejemplos, pero tenemos alguno m\u00e1s como la ficci\u00f3n de la que vamos a hablarte y que est\u00e1 en el &#8216;top&#8217; de las favoritas de la audiencia de nuestro pa\u00eds.<\/p>\n<p data-journey-content=\"true\" data-node-id=\"6\" class=\"css-i9p093 emevuu60\">Y es que acaba de llegar a <a href=\"https:\/\/www.cosmopolitan.com\/es\/netflix-series-peliculas-documentales\/\" data-vars-ga-outbound-link=\"https:\/\/www.cosmopolitan.com\/es\/netflix-series-peliculas-documentales\/\" data-vars-ga-ux-element=\"Hyperlink\" data-vars-ga-call-to-action=\"Netflix\" data-node-id=\"6.1\" class=\"body-link css-103hk4r emevuu60\" rel=\"nofollow noopener\" target=\"_blank\">Netflix<\/a> la nueva temporada de la serie de \u00e9poca espa\u00f1ola m\u00e1s exitosa de los \u00faltimos tiempos con una trama m\u00e1s adictiva que la de \u2018La promesa\u2019. Tras su paso por la p\u00fablica, los que dispongan de la plataforma de la &#8216;N&#8217; roja puede ir viendo los cap\u00edtulos nuevos que se ir\u00e1n a\u00f1adiendo de manera progresiva, como ya ocurri\u00f3 en tandas anteriores. De hecho, en cuanto se han estrenado estos episodios, directamente, se ha colado entre los contenidos m\u00e1s vistos.<\/p>\n<p><img draggable=\"true\" alt=\"valle salvaje\" title=\"Valle salvaje\" loading=\"lazy\" width=\"2500\" height=\"1666\" decoding=\"async\" data-nimg=\"1\" style=\"color:transparent;width:100%;height:auto;\"   src=\"https:\/\/www.europesays.com\/es\/wp-content\/uploads\/2025\/09\/valle-salvaje-68c3bb2f9881d.jpg\" class=\"css-0 e1g79fud0\"\/><\/p>\n<p>Add RTVE<\/p>\n<p data-journey-content=\"true\" data-node-id=\"9\" class=\"css-i9p093 emevuu60\">Tras el \u00faltimo acontecimiento que dej\u00f3 conmocionados tanto a los personajes como a los fans de la ficci\u00f3n, la trama avanza llena de novedades. &#8216;Valle salvaje&#8217; sigue su camino con una aut\u00e9ntica revoluci\u00f3n en Casa Grande que cambiar\u00e1 para siempre los destinos de los G\u00e1lvez de Aguirre. Esta nueva entrega, que arranc\u00f3 ya hace unas semanas en RTVE, nos dej\u00f3 sin palabras con un suceso traum\u00e1tico que afect\u00f3 a Adriana, Rafael, Julio y \u00darsula. Adem\u00e1s, seg\u00fan la informaci\u00f3n oficial de la cadena, en las nuevas tramas tendr\u00e1n que mantenerse a flote sin perder de vista el pasado, ese que uni\u00f3 el padre de Adriana con los G\u00e1lvez de Aguirre y sabremos m\u00e1s sobre el aut\u00e9ntico motivo por el que estay sus hermanos llegaron all\u00ed. <\/p>\n<p><img draggable=\"true\" alt=\"valle salvaje\" title=\"Valle salvaje\" loading=\"lazy\" width=\"2500\" height=\"1631\" decoding=\"async\" data-nimg=\"1\" style=\"color:transparent;width:100%;height:auto;\"   src=\"https:\/\/www.europesays.com\/es\/wp-content\/uploads\/2025\/09\/valle-salvaje-protas-68c3bb5f349ad.jpg\" class=\"css-0 e1g79fud0\"\/><\/p>\n<p>Add RTVE<\/p>\n<p data-journey-content=\"true\" data-node-id=\"14\" class=\"css-i9p093 emevuu60\">Por otro lado, la llegada de un nuevo personaje y el regreso de otro pondr\u00e1 entre las cuerdas a uno de los protagonistas. Este desmontar\u00e1 las relaciones entre ambas casas sembrando el caos a su paso. La serie tambi\u00e9n ha modificado algunos de sus escenarios. Por ejemplo, Alejo y Luisa seguir\u00e1n montando su nuevo hogar en el desv\u00e1n y veremos un nuevo granero que ser\u00e1 centro de negocios. <\/p>\n<p data-journey-content=\"true\" data-node-id=\"16\" class=\"css-i9p093 emevuu60\">&#8216;Valle Salvaje&#8217; sigue cuidando con mimo esa fant\u00e1stica ambientaci\u00f3n que nos hace viajar hasta el siglo XVIII, gracias a la innovaci\u00f3n en sus decorados de los que acabamos de hablar y a su vestuario. A pesar de todos estos cambios, la intriga, las rivalidades y, por supuesto, el amor sigue articulando esta<a href=\"https:\/\/www.cosmopolitan.com\/es\/entretenimiento-cultura\/g39964779\/series-adictivas\/\" data-vars-ga-outbound-link=\"https:\/\/www.cosmopolitan.com\/es\/entretenimiento-cultura\/g39964779\/series-adictivas\/\" data-vars-ga-ux-element=\"Hyperlink\" data-vars-ga-call-to-action=\" adictiva serie \" data-node-id=\"16.1\" class=\"body-link css-103hk4r emevuu60\" rel=\"nofollow noopener\" target=\"_blank\"> adictiva serie <\/a>que promete seguir atrap\u00e1ndonos durante una buena temporada.<\/p>\n<p>M\u00e1s recomendaciones<img src=\"https:\/\/www.europesays.com\/es\/wp-content\/uploads\/2025\/09\/e1694454-d386-417e-a277-82b27730d178_1561538111.jpg\" alt=\"Headshot of Marieta Taibo\" title=\"Headshot of Marieta Taibo\" width=\"100%\" height=\"100%\" decoding=\"async\" loading=\"lazy\" class=\"css-o0wq4v ev8dhu53\"\/><\/p>\n<p><a href=\"https:\/\/www.linkedin.com\/in\/marieta-taibo-gonz%C3%A1lez-88563485\/?originalSubdomain=es\" rel=\"nofollow noopener\" target=\"_blank\">Marieta Taib\u00f3 <\/a>es editora de actualidad y cultura en Cosmopolitan y experta cine y series de televisi\u00f3n desde hace m\u00e1s de una d\u00e9cada. Cuando no est\u00e1 escribiendo, la encontrar\u00e1s delante de la pantalla analizando los \u00faltimos estrenos de Netflix, Prime Video, HBO Max, Disney+ y el resto de plataformas en \u2018streaming\u2019 para recomendar aquellos t\u00edtulos interesantes o que lo van a petar. Entre cr\u00edtica y noticias de ficci\u00f3n televisiva, entrevista a actores. En su grabadora encontrar\u00e1s charlas de sus entrevistas con Blanca Su\u00e1rez, Mario Casas, \u00darsula Corber\u00f3, Ana de Armas, Miguel \u00c1ngel Silvestre, Leonardo Sbaraglia, Lily Collins, s\u00ed, \u2018Emily in Paris\u2019 o Christina Hendricks, la pelirroja de \u2018Mad Men\u2019, por citar algunos nombres. Fuera de la pantalla, adem\u00e1s, te recomendar\u00e1 los mejores planes de ocio y gastro. En otras etapas profesionales, tambi\u00e9n ha escrito de moda y belleza. De hecho, es autora del ensayo \u2018La cara secreta del negocio de la belleza\u2019, de la editorial Almuzara. Marieta Taibo es Licenciada en periodismo por la Universidad Complutense de Madrid y cuenta con el Curso Superior de Marketing y Comunicaci\u00f3n de Moda y Lujo de la revista Elle y la Universidad Complutense. Sus primeros pasos como redactora fueron en la secci\u00f3n de econom\u00eda de La revista de actualidad La Clave hasta que dio el salto a la de sociedad y cultura, su verdadera pasi\u00f3n. Posteriormente, trabaj\u00f3 en El Confidencial, y luego en la revista femenina AR como coordinadora de la agenda cultural y cabeza de la secci\u00f3n de cine. De ah\u00ed, dio el salto a las revistas Supertele y TP y en ellas estuvo diez a\u00f1os escribiendo de pel\u00edculas y series, labor que compaginaba como colaboradora de la revista Babylon Magazine haciendo reportajes en profundidad sobre cultura, hasta que lleg\u00f3 a Cosmopolitan hace seis a\u00f1os.<\/p>\n","protected":false},"excerpt":{"rendered":"En los \u00faltimos a\u00f1os ha habido una apuesta firme de las plataformas de &#8216;streaming&#8217; y las cadenas generalistas&hellip;\n","protected":false},"author":2,"featured_media":115082,"comment_status":"","ping_status":"","sticky":false,"template":"","format":"standard","meta":{"footnotes":""},"categories":[171],"tags":[253,146,147,25,24,23,214],"class_list":{"0":"post-115081","1":"post","2":"type-post","3":"status-publish","4":"format-standard","5":"has-post-thumbnail","7":"category-tv","8":"tag-discover","9":"tag-entertainment","10":"tag-entretenimiento","11":"tag-es","12":"tag-espana","13":"tag-spain","14":"tag-tv"},"share_on_mastodon":{"url":"","error":""},"_links":{"self":[{"href":"https:\/\/www.europesays.com\/es\/wp-json\/wp\/v2\/posts\/115081","targetHints":{"allow":["GET"]}}],"collection":[{"href":"https:\/\/www.europesays.com\/es\/wp-json\/wp\/v2\/posts"}],"about":[{"href":"https:\/\/www.europesays.com\/es\/wp-json\/wp\/v2\/types\/post"}],"author":[{"embeddable":true,"href":"https:\/\/www.europesays.com\/es\/wp-json\/wp\/v2\/users\/2"}],"replies":[{"embeddable":true,"href":"https:\/\/www.europesays.com\/es\/wp-json\/wp\/v2\/comments?post=115081"}],"version-history":[{"count":0,"href":"https:\/\/www.europesays.com\/es\/wp-json\/wp\/v2\/posts\/115081\/revisions"}],"wp:featuredmedia":[{"embeddable":true,"href":"https:\/\/www.europesays.com\/es\/wp-json\/wp\/v2\/media\/115082"}],"wp:attachment":[{"href":"https:\/\/www.europesays.com\/es\/wp-json\/wp\/v2\/media?parent=115081"}],"wp:term":[{"taxonomy":"category","embeddable":true,"href":"https:\/\/www.europesays.com\/es\/wp-json\/wp\/v2\/categories?post=115081"},{"taxonomy":"post_tag","embeddable":true,"href":"https:\/\/www.europesays.com\/es\/wp-json\/wp\/v2\/tags?post=115081"}],"curies":[{"name":"wp","href":"https:\/\/api.w.org\/{rel}","templated":true}]}}