{"id":115101,"date":"2025-09-14T20:18:17","date_gmt":"2025-09-14T20:18:17","guid":{"rendered":"https:\/\/www.europesays.com\/es\/115101\/"},"modified":"2025-09-14T20:18:17","modified_gmt":"2025-09-14T20:18:17","slug":"esto-dijo-rune-tras-perder-ante-martinez-en-la-copa-davis","status":"publish","type":"post","link":"https:\/\/www.europesays.com\/es\/115101\/","title":{"rendered":"Esto dijo Rune tras perder ante Mart\u00ednez en la Copa Davis"},"content":{"rendered":"<p class=\"quota-display text-align-center\">\n        <a href=\"https:\/\/www.puntodebreak.com\/MDBA-B3-PDB-QUOTA-25\" rel=\"sponsored nofollow noopener\" title=\"Apuesta en bet365\" target=\"_blank\"><\/p>\n<p>            <img decoding=\"async\" alt=\"Bet365\" class=\"bet-logo lazyload\" loading=\"lazy\" src=\"https:\/\/www.europesays.com\/es\/wp-content\/uploads\/2025\/09\/1757835430_701_b365.jpg\"\/>Streaming Davis Cup en directo<\/p>\n<p> \ud83c\udfbe Cristian Garin vs Alex Knaff<\/p>\n<ol class=\"stream-card__steps\">\n<li>Entra aqu\u00ed y reg\u00edstrate en Bet365<\/li>\n<li>Haz tu primer dep\u00f3sito de m\u00ednimo 5\u00a0\u20ac<\/li>\n<li>Entra en la secci\u00f3n \u00abDirecto\u00bb y ve todos los partidos<\/li>\n<\/ol>\n<p>\n                                Ver partido en Bet365\n                            <\/p>\n<p>        <\/a>\n      <\/p>\n<p class=\"text-align-justify\"><a href=\"https:\/\/www.puntodebreak.com\/tenis\/holger-vitus-nodskor-rune\" rel=\"nofollow noopener\" target=\"_blank\"><strong>Holger Rune<\/strong><\/a> volvi\u00f3 a mostrar su mejor y peor versi\u00f3n. El dan\u00e9s encontr\u00f3 su tenis cuando m\u00e1s dif\u00edcil lo ten\u00eda en su duelo ante <a href=\"https:\/\/www.puntodebreak.com\/tag\/pedro-martinez-portero\" rel=\"nofollow noopener\" target=\"_blank\"><strong>Pedro Mart\u00ednez<\/strong><\/a>, aunque las energ\u00edas lo abandonaron y los calambres hicieron acto de presencia cuando ten\u00eda el partido en su mano, cuando dispon\u00eda de una bola de partido, y ca\u00eda en el tie break del tercer set<a href=\"https:\/\/www.puntodebreak.com\/2025\/09\/14\/epica-martinez-iguala-milagro-espanol-queda-manos-carreno\" rel=\"nofollow noopener\" target=\"_blank\"><strong> (1-6, 6-4, 6-7(3))<\/strong><\/a>. Pero tambi\u00e9n, durante todo el duelo tuvo constantes gestos con la grada del <strong>Puente Romano de Marbella<\/strong>. Consciente de que se trataba de una eliminatoria de <a href=\"https:\/\/www.puntodebreak.com\/tenis\/copa-davis-2025\" rel=\"nofollow noopener\" target=\"_blank\"><strong>Copa Davis<\/strong><\/a>, intent\u00f3 jugar la baza mental con el p\u00fablico espa\u00f1ol, y a la vez con el dan\u00e9s.\u00a0<\/p>\n<p class=\"text-align-justify\">Sin embargo, la jugada le sali\u00f3 cara porque en momento en el que se le cruzaron los cables, mandaba no solo una pelota, sino dos, fuera de las gradas tras ceder su servicio en el segundo set. Este feo gesto qued\u00f3 en un solo warning, para enfado de <strong>David Ferrer<\/strong> que no entend\u00eda como el hecho de lanzar dos bolas fuera de la pista tuvo tan poco castigo.<\/p>\n<p class=\"text-align-justify\">Pero ese no fue el \u00fanico gesto pol\u00e9mico del n\u00famero once del mundo, en otro momento del partido devolvi\u00f3 al cuerpo de Mart\u00ednez un servicio que se hab\u00eda ido. Obviamente, el gesto no fue intencionado y pidi\u00f3 perd\u00f3n al momento, pero parte del equipo espa\u00f1ol pidi\u00f3 un segundo <strong>warning <\/strong>que le hubiera costado un punto. Y Tambi\u00e9n se las tuvo con un aficionado en el momento clave del partido.<\/p>\n<p class=\"text-align-justify\"><img decoding=\"async\" alt=\".\" data-entity-type=\"file\" data-entity-uuid=\"929dbda5-b79c-45f2-867e-a7036d9f91ab\" width=\"612\" height=\"408\" loading=\"lazy\" class=\"lazyload\" src=\"https:\/\/www.europesays.com\/es\/wp-content\/uploads\/2025\/09\/Comportamiento-Rune-Davis.jpg\"\/><\/p>\n<p class=\"text-align-justify\"><strong>Se rindi\u00f3 al tenis defensivo de Mart\u00ednez<\/strong><\/p>\n<p class=\"text-align-justify\">En algunos momentos del partido, sobre todo en el primer set, Rune parec\u00eda m\u00e1s centrado en v\u00e9rselas con la grada que luchar en la pista con Mart\u00ednez. Sin embargo, en la rueda de prensa posterior al duelo, el dan\u00e9s lo desminti\u00f3: <strong>\u00abLa grada no ha tenido ning\u00fan impacto en mi tenis\u00bb.<\/strong><\/p>\n<p class=\"text-align-justify\">Adem\u00e1s, tambi\u00e9n aprovech\u00f3 la breve rueda de prensa para confirmar que le sorprendi\u00f3 el cambio de \u00faltima hora de Pedro Mart\u00ednez por <strong>Jaume Munar<\/strong>: \u00abMe sorprendi\u00f3, pero no me perturb\u00f3 a la hora de prepararme el partido\u00bb.<\/p>\n<p class=\"text-align-justify\">Adem\u00e1s, elogi\u00f3 el tenis del valenciano, aunque tuvieron varios encontronazos durante el duelo: <strong>\u00abMart\u00ednez defendi\u00f3 muy bien, lo hizo muy bien y jug\u00f3 mejor que yo en el tramo final del partido\u00bb<\/strong>, sentencia un Holger Rune que estuvo a un punto de mandar a su pa\u00eds a las finales de la Copa Davis y que vuelve a estar en el ojo del hurac\u00e1n por su comportamiento.<br \/>\u00a0<\/p>\n","protected":false},"excerpt":{"rendered":"Streaming Davis Cup en directo \ud83c\udfbe Cristian Garin vs Alex Knaff Entra aqu\u00ed y reg\u00edstrate en Bet365 Haz&hellip;\n","protected":false},"author":2,"featured_media":115102,"comment_status":"","ping_status":"","sticky":false,"template":"","format":"standard","meta":{"footnotes":""},"categories":[274],"tags":[168,25,24,23,167,327,326],"class_list":{"0":"post-115101","1":"post","2":"type-post","3":"status-publish","4":"format-standard","5":"has-post-thumbnail","7":"category-tenis","8":"tag-deportes","9":"tag-es","10":"tag-espana","11":"tag-spain","12":"tag-sports","13":"tag-tenis","14":"tag-tennis"},"share_on_mastodon":{"url":"","error":""},"_links":{"self":[{"href":"https:\/\/www.europesays.com\/es\/wp-json\/wp\/v2\/posts\/115101","targetHints":{"allow":["GET"]}}],"collection":[{"href":"https:\/\/www.europesays.com\/es\/wp-json\/wp\/v2\/posts"}],"about":[{"href":"https:\/\/www.europesays.com\/es\/wp-json\/wp\/v2\/types\/post"}],"author":[{"embeddable":true,"href":"https:\/\/www.europesays.com\/es\/wp-json\/wp\/v2\/users\/2"}],"replies":[{"embeddable":true,"href":"https:\/\/www.europesays.com\/es\/wp-json\/wp\/v2\/comments?post=115101"}],"version-history":[{"count":0,"href":"https:\/\/www.europesays.com\/es\/wp-json\/wp\/v2\/posts\/115101\/revisions"}],"wp:featuredmedia":[{"embeddable":true,"href":"https:\/\/www.europesays.com\/es\/wp-json\/wp\/v2\/media\/115102"}],"wp:attachment":[{"href":"https:\/\/www.europesays.com\/es\/wp-json\/wp\/v2\/media?parent=115101"}],"wp:term":[{"taxonomy":"category","embeddable":true,"href":"https:\/\/www.europesays.com\/es\/wp-json\/wp\/v2\/categories?post=115101"},{"taxonomy":"post_tag","embeddable":true,"href":"https:\/\/www.europesays.com\/es\/wp-json\/wp\/v2\/tags?post=115101"}],"curies":[{"name":"wp","href":"https:\/\/api.w.org\/{rel}","templated":true}]}}