{"id":115116,"date":"2025-09-14T20:27:10","date_gmt":"2025-09-14T20:27:10","guid":{"rendered":"https:\/\/www.europesays.com\/es\/115116\/"},"modified":"2025-09-14T20:27:10","modified_gmt":"2025-09-14T20:27:10","slug":"koba-live-entrevista","status":"publish","type":"post","link":"https:\/\/www.europesays.com\/es\/115116\/","title":{"rendered":"KOBA LIVE \u2013 Entrevista"},"content":{"rendered":"<p>\u00a0<\/p>\n<p>\u00a0<\/p>\n<p><strong>KOBA LIVE \u2013 Entrevista<\/strong><br \/>\n<img fetchpriority=\"high\" decoding=\"async\" src=\"https:\/\/www.europesays.com\/es\/wp-content\/uploads\/2025\/09\/koba500x267.jpg\" alt=\"KOBA LIVE\" width=\"500\" height=\"267\"\/><br \/>\n<strong><a href=\"https:\/\/koba-live.com\/\" target=\"_blank\" rel=\"noopener nofollow\">KOBA LIVE<\/a> est\u00e1 a la vuelta de la esquina, por ello, hablamos con Sergio, como portavoz de Sugaar Musika Elkartea \u00a0una \u00a0asociaci\u00f3n cultural, responsable del festival. <\/strong><\/p>\n<p><strong>\u2013 Es un placer conversar con vosotros. <\/strong><\/p>\n<p>Hola, el placer es nuestro Rafa, encantados de atenderos.<\/p>\n<p><strong>\u2013 Por lo que tengo entendido, el festival <a href=\"https:\/\/koba-live.com\/\" target=\"_blank\" rel=\"noopener nofollow\">KOBA LIVE<\/a> es responsabilidad de Sugaar Musika Elkartea \u00a0una \u00a0asociaci\u00f3n cultural. \u00bfes que consiste la asociaci\u00f3n, y como surgi\u00f3 la idea del festival?<\/strong><\/p>\n<p>S\u00ed, somos una asociaci\u00f3n cultural sin \u00e1nimo de lucro que se fund\u00f3 all\u00e1 por el 2021 con el \u00fanico objetivo de poder organizar eventos en la zona del\u00a0 Durangaldea y as\u00ed de esta forma seguir promoviendo y agrandando la escena metalera en Euskadi.<\/p>\n<p>Aunque la asociaci\u00f3n y el arranque del festival fue en el 2022, la idea y el proyecto se forj\u00f3 en el 2016 por 4 personas que distan de las que estamos ahora. En 2016 y hasta 2021 entre pandemias y negativas por parte del ayuntamiento ( a\u00f1o tras a\u00f1o) no conseguimos darle forma, hasta que en 2021, un cambio de legislatura y en el departamento de cultura del ayuntamiento de Abadi\u00f1o , la nueva responsable\u00a0 Argi nos brind\u00f3 la oportunidad de hacer realidad nuestro proyecto. Aquel fue nuestro pistoletazo de salida y hasta hoy.<\/p>\n<p><img loading=\"lazy\" decoding=\"async\" src=\"https:\/\/www.europesays.com\/es\/wp-content\/uploads\/2025\/09\/Sugaar-Musika-Elkartea-10.2023_01-1024x768.jpg\" alt=\"KOBA LIVE\" width=\"500\" height=\"375\"\/><\/p>\n<p>\u2013 <strong>Vosotros mismos cont\u00e1is que \u201cLa esencia del <a href=\"https:\/\/koba-live.com\/\" target=\"_blank\" rel=\"noopener nofollow\">KOBA LIVE<\/a> es el crester\u00edo del Anboto y, m\u00e1s concretamente, la cueva de Mari. En esa cueva habitaron Mari y Sugaar, un drag\u00f3n serpiente cambiante a persona humana y consorte de Mari, diosa de la mitolog\u00eda vasca.\u201d \u00bfC\u00f3mo se explica esto?<\/strong><\/p>\n<p>Nuestra idea siempre fue, incluso el primer proyecto, basar el festival en una imagen muy territorial. Abadi\u00f1o y la zona del Durangaldea tiene mucha historia que contar y es algo que quer\u00edamos expandir con la imagen del festival. Expusimos varias ideas, la primera como bien digo en 2016, una idea m\u00e1s \u00a8rural\u00a8 fue el proyecto que defendimos durante esos largos 6 a\u00f1os hasta el 2021. A partir de ah\u00ed los integrantes nuevos que se unieron al proyecto y yo que era el que me mantuve desde el principio, decidimos darle otra imagen y otra cara.<\/p>\n<p>En Euskadi como en muchos territorios est\u00e1 muy arraigada la mitolog\u00eda y el sentimiento de pertenencia. Nosotros vivimos en las laderas de una cordillera que es preciosa y que casualidad desde el recinto y con un d\u00eda despejado parece que nos comen por la cercan\u00eda de ella. All\u00ed hay una cueva visitada a diario por monta\u00f1eros, la cu\u00e1l tiene una historia y esa historia es la que cuentas. Lo vimos como algo carism\u00e1tico y emblem\u00e1tico que da una imagen al festival aun m\u00e1s curiosa, ofreciendo incluso la posibilidad de aquellos que nos visitan poder dar una vuelta por esos parajes tan bonitos y conocer la historia que nos envuelve.<\/p>\n<p>De esta forma, todo lo que rodea la organizaci\u00f3n con el nombre Sugaar, el <strong><a href=\"https:\/\/koba-live.com\/\" target=\"_blank\" rel=\"noopener nofollow\">KOBA LIVE<\/a><\/strong> , por la cueva de Mari y la imagen que proyectamos est\u00e1 totalmente ligada a esa historia.<\/p>\n<p><strong>\u2013 El festival ha ido creciendo a\u00f1o a a\u00f1o. \u00bfQu\u00e9 record\u00e1is de la primera edici\u00f3n? <\/strong><\/p>\n<p>Perfectamente. Nos acordamos de todas y cada una de ellas. Nos acordamos, de hecho, con una sonrisa de oreja a oreja, aunque somos conscientes que llevarlas a cabo nos ha costado un a\u00f1o entero de trabajo en cada edici\u00f3n, muchos problemas, pero muchas satisfacciones con las que nos quedamos.<\/p>\n<p>No nos podemos olvidar de aquella edici\u00f3n, sobre todo por el respeto que les debemos, a las bandas que participaron, que en todo momento lo hicieron por y para remar, a la Koba Crew que nos ayud\u00f3 desinteresadamente y que desde entonces una gran parte sigue con nosotros y la gente asistente que nos acompa\u00f1\u00f3 en un mal d\u00eda climatol\u00f3gicamente hablando.<\/p>\n<p>As\u00ed como a las empresas que estructuralmente nos apoyaron desinteresadamente y sin saber donde estaban hipotecando parte de su material para hacer realidad un proyecto de unos \u00a8taraos\u00a8. Gracias al quien sea la cosa arranc\u00f3 y hoy a\u00fan estamos aqu\u00ed.<\/p>\n<p><strong>\u2013 Y el a\u00f1o que toc\u00f3 PRIMAL FEAR \u00bfc\u00f3mo fue? <\/strong><\/p>\n<p>Siempre decimos que aquello fue un antes y un despu\u00e9s. Fue un \u00e9xito rotundo, sobre todo porque \u00a0llevar una banda tan legendaria como PRIMAL a un pueblo como Abadi\u00f1o, que no es grande, era una ilusi\u00f3n grand\u00edsima. Era nuestro segundo a\u00f1o y trajimos a una banda internacional y una banda como PRIMAL FEAR. Adem\u00e1s con la idea de que fuera fecha \u00fanica y con el aliciente que llevaban 2 a\u00f1os sin aparecer por la enfermedad de Mat.<\/p>\n<p>Fue una locura, nos abri\u00f3 much\u00edsimas puertas y sobre todo nos ense\u00f1\u00f3 a trabajar de una forma a\u00fan m\u00e1s profesional. Las exigencias organizativas eran mayores y para nosotros supon\u00eda un reto darle una forma \u00f3ptima. Lo conseguimos y tuvimos un cartel variado, Primal estaba super arropado por las dem\u00e1s bandas y para nosotros como digo fue un antes y un despu\u00e9s.<\/p>\n<p>Estas dos ediciones fueron gratuitas porque era una carta de presentaci\u00f3n, pero ten\u00edamos claro que, si quer\u00edamos dar un paso m\u00e1s y seguir creciendo, ten\u00edamos que cobrar una entrada. Esos dos a\u00f1os econ\u00f3micamente nos cost\u00f3 mucho sacarlos adelante y necesit\u00e1bamos crecer con la ayuda del asistente. Por eso decidimos dar un paso m\u00e1s y cobrar una entrada, totalmente necesario para la supervivencia del festival. A\u00fan as\u00ed seguimos con la idea de no abusar y sobre todo ofrecer un espect\u00e1culo que re\u00fana calidad \u2013 precio y sea c\u00f3modo y muy familiar para el que nos visita.<\/p>\n<p><strong>\u2013 De cara a la edici\u00f3n 2025 de <a href=\"https:\/\/koba-live.com\/\" target=\"_blank\" rel=\"noopener nofollow\">KOBA LIVE<\/a>, \u00bfQu\u00e9 mejoras hay?<\/strong><\/p>\n<p>Pues creemos que la primera mejora es haberlo cambiado de fecha. Junio como bien sabes est\u00e1 plagado y somos conscientes que mucha gente no ven\u00eda porque le cuadraban con otros \u00a8Monstruos\u00a8 nacionales, monstruos me refiero a festivales. Septiembre creemos a priori que no es mal mes para el asistente, y creemos que si lo afianzamos puede tener continuidad.<\/p>\n<p>Nosotros organizativamente pagamos varios peajes en este mes ( septiembre), pero ese es otro tema y con el que tenemos que lidiar nosotros.<\/p>\n<p>Otro cambio es que giramos el festival 180 grados. El escenario lo ubicaremos justo en frente de donde ven\u00eda estando y en esta ocasi\u00f3n las bandas \u00a8ver\u00e1n\u00a8 de frente Anboto , la Mari y nuestro amigo Sugaar, creemos que un cambio obligatorio y muy positivo.<\/p>\n<p>Una de las mejoras importantes que tuvo el festival lo implantamos el a\u00f1o pasado con el servicio Cashless de pulseras y con el que este a\u00f1o continuamos.<\/p>\n<p>No mejora como tal, pero si matiz es que en barra continuamos con precios muy populares y por \u00faltimo al ser un d\u00eda quisimos dar a la edici\u00f3n 2025 la esencia de dos d\u00edas, comenzando en la hora del Vermouth y organizando una comida popular para aquel que se haya apuntado, pero sin olvidarnos del resto que tendr\u00e1n opciones para\u00a0 comer tambi\u00e9n dentro del recinto.<\/p>\n<p>Casi todos lo a\u00f1os tenemos novedades y este a\u00f1o al cambiarlo de fecha creemos que es casi empezar otra vez y pensamos que mejor un d\u00eda a tope, que dos.<\/p>\n<p><img loading=\"lazy\" decoding=\"async\" src=\"https:\/\/www.europesays.com\/es\/wp-content\/uploads\/2025\/09\/plano.jpg\" alt=\"KOBA LIVE\" width=\"500\" height=\"625\"\/><\/p>\n<p>\u2013 <strong>Este a\u00f1o os enfrent\u00e1is a un cartel con bandas muy buenas. ECLIPSE, WOLFHEART, ONSLAUGHT\u2026 Para todos los gustos\u2026 \u00bfCu\u00e1les son las previsiones?<\/strong><\/p>\n<p>Somos muy optimistas siempre y suponemos que bien. No obstante, y como somos un festival peque\u00f1o nuestras premisas y objetivos siempre son el cubrir gastos y todo lo que nos venga de m\u00e1s que sea para poder ser m\u00e1s solventes y poder ofrecer m\u00e1s cosas el a\u00f1o siguiente. Como bien te digo somos una asociaci\u00f3n sin \u00e1nimo de lucro y todos los ingresos que llegan son exclusivamente para el festival. A m\u00e1s ingresos m\u00e1s inversi\u00f3n el pr\u00f3ximo a\u00f1o en mejoras , bandas etc.<\/p>\n<p>Nosotros somos asistentes desde hace muchos a\u00f1os a diferentes festivales nacionales y a giras en salas\u2026sabemos y conocemos los pros y los contras de los festivales de primera mano y queremos o intentamos ser originales y no caer en los errores que podemos observar, pero muchas veces es inevitable cuando presupuestariamente cuentas con menos recursos que el resto.<\/p>\n<p>Este a\u00f1o tenemos un cartel variado, creemos que con mucha calidad y con varias exclusividades como primeras fechas nacionales de bandas como WOLFHEART y BEFORE THE DAWN con todo su set y \u00a0encima en\u00a0 festival que siempre es m\u00e1s divertido. Primera fecha de ONSLAUGHT antes de la presentaci\u00f3n de su disco, EHUN KILO despu\u00e9s de dos a\u00f1os sin tocar, Eclipse que desde el a\u00f1o pasado no han venido tampoco\u2026Estamos muy contentos con lo que tenemos y lo que hemos conseguido, si la respuesta es buena, pelearemo, seg\u00fan acabe el 2025 por una edici\u00f3n en 2026 a\u00fan mejor y con muchas m\u00e1s cosas interesantes.<\/p>\n<p><img loading=\"lazy\" decoding=\"async\" src=\"https:\/\/www.europesays.com\/es\/wp-content\/uploads\/2025\/09\/1757881630_206_cartel2025.jpg\" alt=\"KOBA LIVE\" width=\"500\" height=\"625\"\/><\/p>\n<p><strong>\u2013 Abadi\u00f1o est\u00e1 en Vizcaya, muy cerca de Durango. \u00bfC\u00f3mo es el recinto?<\/strong><\/p>\n<p>El recinto es id\u00f3neo para un evento de estas caracter\u00edsticas.\u00a0 Muy c\u00f3modo, al lado de parada de autob\u00fas, colindante a la estaci\u00f3n de tren Bilbao \u2013 Donosti,<\/p>\n<p>Contamos con suelo\u00a0 r\u00edgido donde no hay barro ni incomodidades y muy abierto.<\/p>\n<p>Abadi\u00f1o y el barrio de Matiena que es donde se celebra est\u00e1 a 15-20 min andando de Durango. En donde tambi\u00e9n hay much\u00edsimos servicios, (hoteles- restaurantes\u2026) y contamos con varios pueblos alrededor que tambi\u00e9n nos dan la posibilidad de hospedaje, como son Ermua, Eibar, Amorebieta, Galdakao, con f\u00e1ciles combinaciones de tren, autob\u00fas etc. para que no se mueva el coche desde que llegas.<\/p>\n<p>Y cabe destacar que estamos a 25 min del aeropuerto y a 25 min tambi\u00e9n de la propia ciudad de Bilbao.<\/p>\n<p>Repito que tiene todos los alicientes para que el asistente est\u00e9 c\u00f3modo y no \u00a8sufra \u00a8en exceso a la hora de organizar la log\u00edstica.<\/p>\n<p><strong>\u2013 E imagino que la mayor\u00eda de los asistentes son el pa\u00eds vasco, \u00bfverdad? <\/strong><\/p>\n<p>Pues evidentemente una gran parte de la asistencia es del Pais Vasco pero bajo nuestro asombro cada vez son m\u00e1s los que vienen de fuera. En pasadas ediciones hemos tenido Alemanes, Italianos y hasta un Uruguayo.<\/p>\n<p>El a\u00f1o pasado se uni\u00f3 a la familia Kobazale una china y repiti\u00f3 gente de fuera y este a\u00f1o nos asombra que tenemos gente de Suecia, Alemanes, y de varios pa\u00edses de Europa.<\/p>\n<p>A nivel nacional contamos con gente de pr\u00e1cticamente todas las comunidades aut\u00f3nomas, siendo alg\u00fan grupo grande como por ejemplo nuestros amigos del Atalaya y su crew desde Valladolid. Pero por ponerte ejemplo tenemos gente de Segovia, Barcelona, Madrid, Galicia, Valencia, Las Islas de Gran Canaria y etc\u2026<\/p>\n<p>Para nosotros es bueno los que vienen de aqu\u00ed y muy importante la gente que nos visita de fuera de Euskadi. Queremos que la gente visite Abadi\u00f1o y el Durangaldea porque lo defendemos a capa y espada por sus parajes y por la vida que tienen los pueblos de aqu\u00ed, por eso estamos orgullosos de todos los que nos visitan de aqu\u00ed y de all\u00e1. Sois todos bienvenidos y hac\u00e9is grande al Koba.<\/p>\n<p><strong>\u2013 Adem\u00e1s del cartel, del festival, hab\u00e9is anunciado una comida popular, como dicen mis colegas de Euskadi, \u201cuna jamada\u201d\u2026<\/strong><\/p>\n<p>Una Jamada si, jajajajajaj all\u00ed compartiremos risas, charlas y uniremos un poco m\u00e1s esos lazos entre asistente-Koba Crew- organizadores\u2026. Creemos que es una buena forma de hacer familia y por eso lo hemos organizado. Es la primera vez que lo hacemos y esperemos que sea del agrado de todos los que han cogido entrada paras asistir.<\/p>\n<p>Por 20 \u20ac tendremos Marmitako- pollo guisado y Pantxineta. Es buena forma de no tener que pensar ni buscar, si quieres tienes todo lo que necesitas dentro del recinto.<\/p>\n<p>No obstante el resto que no haya cogido entrada para la comida, podr\u00e1 comer tambi\u00e9n dentro sin problemas al igual que cenar \u00a0con bastante variedad de bocadillos para incluso los intolerantes , veganos, vegetarianos etc.<\/p>\n<p>Esperamos que la jamada como bien dices venga para quedarse y cada a\u00f1o se apunte m\u00e1s gente. La familia se agrandar\u00e1 y ser\u00e1 buena noticia.<\/p>\n<p><img loading=\"lazy\" decoding=\"async\" src=\"https:\/\/www.europesays.com\/es\/wp-content\/uploads\/2025\/09\/comida.jpg\" alt=\"KOBA LIVE\" width=\"400\" height=\"500\"\/><\/p>\n<p><strong>\u2013 \u00bfC\u00f3mo quer\u00e9is despedir esta entrevista\/charla? <\/strong><\/p>\n<p>Primeramente, agradeci\u00e9ndote a ti la labor que haces por mantener viva la esencia nacional metalera.<\/p>\n<p>Segundo nos gustar\u00eda agradecer al Ayuntamiento de Abadi\u00f1o, a las empresas que nos ayudan estructuralmente para el evento, a La Salve, nuestra rica cerveza por el apoyo incondicional y a esa Koba Crew que est\u00e1 por detr\u00e1s nuestro, somos 3 cabezas visibles pero la labor que hay detr\u00e1s con esas 30-40 personas al pie del ca\u00f1\u00f3n es impresionante y esperemos que siga siendo por tiempo.<\/p>\n<p>Os invitamos a acudir porque el <strong><a href=\"https:\/\/koba-live.com\/\" target=\"_blank\" rel=\"noopener nofollow\">KOBA LIVE<\/a><\/strong> tiene todos los ingredientes suficientes como para disfrutar al 100\u00d7100 de lo que todo amante a este g\u00e9nero y cultura busca en un festival.<\/p>\n<p>Milesker benetan Rafa!<\/p>\n<p><strong>Rafa Basa<\/strong><\/p>\n<p>\u00a0<\/p>\n<p><img loading=\"lazy\" decoding=\"async\" src=\"https:\/\/www.europesays.com\/es\/wp-content\/uploads\/2025\/09\/KobaHorarios2025.jpg\" alt=\"Dino\" width=\"500\" height=\"625\"\/><\/p>\n<p>\u00a0<\/p>\n<p style=\"text-align: center;\"><strong><a href=\"https:\/\/www.facebook.com\/kobalive.metal\" target=\"_blank\" rel=\"noopener nofollow\">KOBA LIVE ABADI\u00d1O<\/a>\u00a0se celebrar\u00e1 el 20 de septiembre de 2025 en Abadi\u00f1o, Vizcaya, a poco m\u00e1s de 3 kil\u00f3metros y medio de Durango.<\/strong><\/p>\n<p style=\"text-align: center;\"><strong>Se puede acceder a la compra de abonos y a los tickets de la comida <a href=\"https:\/\/www.enterticket.es\/eventos\/koba-live-2025-876751\" target=\"_blank\" rel=\"noopener nofollow\">aqui<\/a> y <a href=\"https:\/\/koba-live.com\/entradas\" target=\"_blank\" rel=\"noopener nofollow\">aqui<\/a> .<\/strong><\/p>\n<p><a href=\"https:\/\/www.rafabasa.com\/2024\/07\/02\/cronica-y-fotos-del-koba-live-con-dark-tranquillity-crisix-rise-to-fall-skeletoon-sugoi-alerta-bloodred-hourglass-metalium-dark-embrace-ad-eternum\/\" target=\"_blank\" rel=\"noopener nofollow\" aria-label=\"\u00abCr\u00f3nica y Fotos del KOBA LIVE con DARK TRANQUILLITY + CRISIX+ RISE TO FALL + SKELETOON + SUGOI + ALERTA + BLOODRED HOURGLASS + METALIUM+ DARK EMBRACE + AD ETERNUM\u00bb (Editar)\">Recordamos la cr\u00f3nica y Fotos del KOBA LIVE 2024 con DARK TRANQUILLITY + CRISIX+ RISE TO FALL + SKELETOON + SUGOI + ALERTA + BLOODRED HOURGLASS + METALIUM+ DARK EMBRACE + AD ETERNUM<\/a><\/p>\n<p><a href=\"https:\/\/www.rafabasa.com\/2025\/08\/13\/entrevista-con-el-guitarrista-y-fundador-de-onslaught-nige-rockett-previa-a-su-concierto-en-koba-live\/\" target=\"_blank\" rel=\"noopener nofollow\" aria-label=\"\u00abEntrevista con el guitarrista y fundador de ONSLAUGHT Nige Rockett, previa a su concierto en KOBA LIVE\u00bb (Editar)\"><strong>Entrevista con el guitarrista y fundador de ONSLAUGHT Nige Rockett, previa a su concierto en KOBA LIVE<\/strong><\/a><\/p>\n<p><a href=\"https:\/\/www.rafabasa.com\/2025\/09\/14\/koba-live-entrevista\/v\" target=\"_blank\" rel=\"noopener nofollow\" aria-label=\"\u00abECLIPSE \u2013 Entrevista con Victor Crusner\u00a0y Erik Martensson, antes de su concierto en el KOBA LIVE\u00bb (Editar)\"><strong>ECLIPSE \u2013 Entrevista con Victor Crusner\u00a0y Erik Martensson, antes de su concierto en el KOBA LIVE<\/strong><\/a><\/p>\n<p>\u00a0<\/p>\n<p>\u00a0<\/p>\n","protected":false},"excerpt":{"rendered":"\u00a0 \u00a0 KOBA LIVE \u2013 Entrevista KOBA LIVE est\u00e1 a la vuelta de la esquina, por ello, hablamos&hellip;\n","protected":false},"author":2,"featured_media":115117,"comment_status":"","ping_status":"","sticky":false,"template":"","format":"standard","meta":{"footnotes":""},"categories":[170],"tags":[146,147,25,24,38752,184,185,23],"class_list":{"0":"post-115116","1":"post","2":"type-post","3":"status-publish","4":"format-standard","5":"has-post-thumbnail","7":"category-musica","8":"tag-entertainment","9":"tag-entretenimiento","10":"tag-es","11":"tag-espana","12":"tag-koba-live","13":"tag-music","14":"tag-musica","15":"tag-spain"},"share_on_mastodon":{"url":"","error":""},"_links":{"self":[{"href":"https:\/\/www.europesays.com\/es\/wp-json\/wp\/v2\/posts\/115116","targetHints":{"allow":["GET"]}}],"collection":[{"href":"https:\/\/www.europesays.com\/es\/wp-json\/wp\/v2\/posts"}],"about":[{"href":"https:\/\/www.europesays.com\/es\/wp-json\/wp\/v2\/types\/post"}],"author":[{"embeddable":true,"href":"https:\/\/www.europesays.com\/es\/wp-json\/wp\/v2\/users\/2"}],"replies":[{"embeddable":true,"href":"https:\/\/www.europesays.com\/es\/wp-json\/wp\/v2\/comments?post=115116"}],"version-history":[{"count":0,"href":"https:\/\/www.europesays.com\/es\/wp-json\/wp\/v2\/posts\/115116\/revisions"}],"wp:featuredmedia":[{"embeddable":true,"href":"https:\/\/www.europesays.com\/es\/wp-json\/wp\/v2\/media\/115117"}],"wp:attachment":[{"href":"https:\/\/www.europesays.com\/es\/wp-json\/wp\/v2\/media?parent=115116"}],"wp:term":[{"taxonomy":"category","embeddable":true,"href":"https:\/\/www.europesays.com\/es\/wp-json\/wp\/v2\/categories?post=115116"},{"taxonomy":"post_tag","embeddable":true,"href":"https:\/\/www.europesays.com\/es\/wp-json\/wp\/v2\/tags?post=115116"}],"curies":[{"name":"wp","href":"https:\/\/api.w.org\/{rel}","templated":true}]}}