{"id":115139,"date":"2025-09-14T20:41:07","date_gmt":"2025-09-14T20:41:07","guid":{"rendered":"https:\/\/www.europesays.com\/es\/115139\/"},"modified":"2025-09-14T20:41:07","modified_gmt":"2025-09-14T20:41:07","slug":"espana-obra-el-milagro-y-se-clasifica-a-la-fase-final-de-la-copa-davis-tras-remontar-la-eliminatoria-a-dinamarca","status":"publish","type":"post","link":"https:\/\/www.europesays.com\/es\/115139\/","title":{"rendered":"Espa\u00f1a obra el milagro y se clasifica a la fase final de la Copa Davis tras remontar la eliminatoria a Dinamarca"},"content":{"rendered":"<p class=\"paragraph\" id=\"paragraph_1\">Espa\u00f1a ha hecho historia y estar\u00e1 en Bolonia para <strong>disputar las finales de la Copa Davis tras conseguir remontar un 0-2 inicial a Dinamarca.<\/strong> Si la jornada del s\u00e1bado fue muy gris para el equipo de David Ferrer, el domingo dio la vuelta a la tortilla y gan\u00f3 los tres partidos que disputaron.<\/p>\n<p class=\"paragraph\" id=\"paragraph_2\">La victoria de <strong>Jaume Munar<\/strong> y <strong>Pedro Mart\u00ednez<\/strong> sobre <strong>Ingildsen<\/strong> y <strong>Holgrem<\/strong> (1-6, 6-3, 6-2) y <strong>el triunfo de Pedro Mart\u00ednez sobre Holger Rune<\/strong> (6-1, 4-6, 7-6(3)) manten\u00edan vivas las opciones del combinado liderado por David Ferrer. y <strong>Pablo Carre\u00f1o no decepcion\u00f3 ante Elmer Moeller (6-2, 6-3).<\/strong><\/p>\n<p class=\"paragraph\" id=\"paragraph_3\">Ning\u00fan equipo espa\u00f1ol hab\u00eda sido capaz de dar la vuelta a un 0-2 desde su debut en la Copa Davis, en 1921.\u00a0Tan s\u00f3lo en 66 ocasiones, una selecci\u00f3n nacional hab\u00eda levantado un marcador tan adverso. Y el \u00faltimo de ellos hab\u00eda sido Dinamarca con Serbia.<\/p>\n<p class=\"paragraph\" id=\"paragraph_4\">Espa\u00f1a sabr\u00e1 este mi\u00e9rcoles su cuadro en las Finales a 8, empezando por su rival en los cuartos. Ferrer tiene la tranquilidad que para la cita (19 al 23 de noviembre) recuperar\u00e1 a Carlos Alcaraz y Marcel Granollers, flamantes campeones del US Open.<\/p>\n<p class=\"paragraph\" id=\"paragraph_5\">Pablo Carre\u00f1o, que el s\u00e1bado no hizo en absoluto una mala actuaci\u00f3n ante Rune, domin\u00f3 a Elmer Moeller, bastante lejos de la excelsa versi\u00f3n que tuvo 24 horas antes para dar la sorpresa ante Munar.<\/p>\n<p class=\"paragraph\" id=\"paragraph_6\">El joven dan\u00e9s, de 22 a\u00f1os y 113\u00ba del ranking, fall\u00f3 todo lo que no hab\u00eda fallado en el d\u00eda previo, y le dio numerosas facilidades a un Carre\u00f1o bastante inspirado, que mand\u00f3 desde el inicio del encuentro.<\/p>\n<p class=\"paragraph\" id=\"paragraph_7\">Se not\u00f3 la veteran\u00eda de Pablo, ganador de la Davis de 2019, en esos momentos, mientras que Moeller, que tambi\u00e9n se las tuvo con la grada y con el juez de silla, como Rune, volvi\u00f3 a ser ese jugador terrenal que este a\u00f1o suma un balance de 1-7 en ATP.<\/p>\n<p>La gran remontada<\/p>\n<p class=\"paragraph\" id=\"paragraph_8\">Anteriormente, Pedro Mart\u00ednez pudo recomponerse al cansancio f\u00edsico del partido que disput\u00f3 en la ma\u00f1ana y a pesar de que Holger Rune le llev\u00f3 al l\u00edmite, al final fue el tenista dan\u00e9s quien termin\u00f3 hincando la rodilla.<\/p>\n<p class=\"paragraph\" id=\"paragraph_9\">La exigencia del partido fue m\u00e1xima para los dos jugadores en un partido cargado de tensi\u00f3n y cuya <strong>nota disonante fue la actuaci\u00f3n del juez de silla,<\/strong> quien provoc\u00f3 la indignaci\u00f3n de los dos equipos con algunas de sus decisiones: no llam\u00f3 la atenci\u00f3n a Rune por excederse en un saque en el tercer set y sancion\u00f3 a los dos tenistas con dos golpes a la bola cuando no se hab\u00edan producido.<\/p>\n<p class=\"paragraph\" id=\"paragraph_10\">Pedro sac\u00f3 de quicio al n\u00famero 11 del ranking <strong>al convertirse en una aut\u00e9ntica pared, justo lo que m\u00e1s incomoda al tenista dan\u00e9s.<\/strong> Holger termin\u00f3 enviando un par de pelotas por encima del cielo marbell\u00ed despu\u00e9s de sufrir el primer quiebre en el segundo set. Protest\u00f3 constantemente y trat\u00f3 de justificar su malestar con excusas infundadas.<\/p>\n<p class=\"paragraph\" id=\"paragraph_11\">El marcador era de 2-1 para Mart\u00ednez, pero \u00e9l ya se ve\u00eda derrotado. Su lenguaje corporal fue malo desde el principio, como si el partido que pod\u00eda decidir el pase de su pa\u00eds a las finales no fuera con \u00e9l.<\/p>\n<p class=\"paragraph\" id=\"paragraph_12\">En el set decisivo, con Holger adelante 3-2, solicit\u00f3 la asistencia de su fisioterapeuta para recibir un masaje en el muslo derecho. <strong>Los calambres empezaban a pasarle factura<\/strong>, algo que Munar ya hab\u00eda notado desde el banquillo de la Armada.<\/p>\n<p class=\"paragraph\" id=\"paragraph_13\">Cuando sac\u00f3 para cerrar el partido en el noveno juego, fall\u00f3: su pierna derecha apenas respond\u00eda. Despu\u00e9s, con 5-4 y opci\u00f3n de restar para ganar, tampoco pudo aprovecharlo porque m\u00e1s caminaba que corr\u00eda. Ya con 5-5, recurri\u00f3 al saque bajo y logr\u00f3 llevarse el punto. El desenlace termin\u00f3 resolvi\u00e9ndose <strong>en el super tie break donde el espa\u00f1ol arroll\u00f3 al tenista dan\u00e9s.<\/strong><\/p>\n<p class=\"paragraph\" id=\"paragraph_14\"><strong>La primera victoria espa\u00f1ola<\/strong><\/p>\n<p class=\"paragraph\" id=\"paragraph_15\">Un encuentro vibrante en el que la dupla espa\u00f1ola se vio obligada a remontar despu\u00e9s de perder el primer set por 1-6. Estaban muy tocados, impotentes ante la inspiraci\u00f3n de los escandinavos, pero reaccionaron a tiempo y le dieron la vuelta a la tortilla para mantener vivo el sue\u00f1o.<\/p>\n<p class=\"paragraph\" id=\"paragraph_16\">Ahora es turno de <strong>Pedro Mart\u00ednez<\/strong>. El valenciano deber\u00e1 ganar a <strong>Holger Rune<\/strong> para mandar la eliminatoria al quinto partido, algo que ya logr\u00f3 este mismo a\u00f1o en el<strong> ATP500 de R\u00f3terdam<\/strong>.<\/p>\n<p class=\"paragraph\" id=\"paragraph_17\">La misi\u00f3n no ser\u00e1 f\u00e1cil. El n\u00famero 11 del mundo, que no atraviesa su mejor momento tras la debacle en el <strong>US Open<\/strong>, s\u00ed que ha demostrado ser un jugador mucho m\u00e1s fiable en tierra batida. La presi\u00f3n es m\u00e1xima, pero la esperanza espa\u00f1ola sigue creciendo.<\/p>\n<p>De menos a m\u00e1s<\/p>\n<p class=\"paragraph\" id=\"paragraph_18\">El primer set fue un querer y no poder. La actitud de Munar y Mart\u00ednez fue buena, pero poco pudieron hacer ante la inspiraci\u00f3n de sus rivales. Voleas, paralelos, cruzados, globos&#8230; los daneses se sacaron todo tipo de recursos para precintar la primera manga en apenas 26 minutos.<\/p>\n<p class=\"paragraph\" id=\"paragraph_19\">Fue un 1-6 en el que la dupla espa\u00f1ola perdi\u00f3 todos sus servicios. Se vieron 0-2 abajo y obligados a remar a contracorriente desde el inicio. Firmaron un break para poner el 1-2, pero volvieron a ceder su saque y dejaron v\u00eda libre a Ingildsen y Holgrem.<\/p>\n<p class=\"paragraph\" id=\"paragraph_20\">Los escandinavos no dejaron ni una grieta abierta en su juego. Cada vez con m\u00e1s confianza minimizaron al m\u00e1ximo a Munar y Mart\u00ednez y a un p\u00fablico que ve\u00eda cada vez m\u00e1s complicada la proeza. Hab\u00eda que remontar el set de desventaja y ganar despu\u00e9s los otros dos partidos del d\u00eda.<\/p>\n<p class=\"paragraph\" id=\"paragraph_21\">Lleg\u00f3 entonces, quiz\u00e1 de forma inesperada, la reacci\u00f3n de &#8216;La Armada&#8217;. Pedro Mart\u00ednez empez\u00f3 a coger confianza, Munar comenz\u00f3 a fallar menos bolas y la dupla espa\u00f1ola increment\u00f3 el nivel para avivar las esperanzas.<\/p>\n<p class=\"paragraph\" id=\"paragraph_22\">Tan solo les bast\u00f3 un break con 4-3 en el luminoso y cerraron sin complicaciones al servicio. Ni siquiera dieron a sus contrincantes una bola de rotura que podr\u00eda haberles hecho entrar en dudas.<\/p>\n<p class=\"paragraph\" id=\"paragraph_23\">Lleg\u00f3 la hora de la verdad, donde era vivir o morir, y fue ah\u00ed donde emergi\u00f3 la figura de Jaume Munar. El mallorqu\u00edn, bastante inc\u00f3modo a lo largo de todo el fin de semana, sac\u00f3 a relucir su mejor tenis en el juego m\u00e1s importante del partido y comenz\u00f3 a ser amo y se\u00f1or de todo lo que ocurr\u00eda sobre la arcilla marbell\u00ed.<\/p>\n<p class=\"paragraph\" id=\"paragraph_24\">Junto a Pedro Mart\u00ednez remontaron un 40-0 al resto, firmaron el break para ponerse 2-1 y ya viajaron con m\u00e1s confianza hacia la victoria. Hicieron lo propio con 4-2 y sellaron sin complicaciones el primero de los tres partidos necesarios para llegar a la final a ocho.<\/p>\n","protected":false},"excerpt":{"rendered":"Espa\u00f1a ha hecho historia y estar\u00e1 en Bolonia para disputar las finales de la Copa Davis tras conseguir&hellip;\n","protected":false},"author":2,"featured_media":115140,"comment_status":"","ping_status":"","sticky":false,"template":"","format":"standard","meta":{"footnotes":""},"categories":[274],"tags":[13877,168,25,24,9582,23,167,327,326],"class_list":{"0":"post-115139","1":"post","2":"type-post","3":"status-publish","4":"format-standard","5":"has-post-thumbnail","7":"category-tenis","8":"tag-copa-davis","9":"tag-deportes","10":"tag-es","11":"tag-espana","12":"tag-pablo-carreno","13":"tag-spain","14":"tag-sports","15":"tag-tenis","16":"tag-tennis"},"share_on_mastodon":{"url":"","error":""},"_links":{"self":[{"href":"https:\/\/www.europesays.com\/es\/wp-json\/wp\/v2\/posts\/115139","targetHints":{"allow":["GET"]}}],"collection":[{"href":"https:\/\/www.europesays.com\/es\/wp-json\/wp\/v2\/posts"}],"about":[{"href":"https:\/\/www.europesays.com\/es\/wp-json\/wp\/v2\/types\/post"}],"author":[{"embeddable":true,"href":"https:\/\/www.europesays.com\/es\/wp-json\/wp\/v2\/users\/2"}],"replies":[{"embeddable":true,"href":"https:\/\/www.europesays.com\/es\/wp-json\/wp\/v2\/comments?post=115139"}],"version-history":[{"count":0,"href":"https:\/\/www.europesays.com\/es\/wp-json\/wp\/v2\/posts\/115139\/revisions"}],"wp:featuredmedia":[{"embeddable":true,"href":"https:\/\/www.europesays.com\/es\/wp-json\/wp\/v2\/media\/115140"}],"wp:attachment":[{"href":"https:\/\/www.europesays.com\/es\/wp-json\/wp\/v2\/media?parent=115139"}],"wp:term":[{"taxonomy":"category","embeddable":true,"href":"https:\/\/www.europesays.com\/es\/wp-json\/wp\/v2\/categories?post=115139"},{"taxonomy":"post_tag","embeddable":true,"href":"https:\/\/www.europesays.com\/es\/wp-json\/wp\/v2\/tags?post=115139"}],"curies":[{"name":"wp","href":"https:\/\/api.w.org\/{rel}","templated":true}]}}