{"id":115156,"date":"2025-09-14T20:51:15","date_gmt":"2025-09-14T20:51:15","guid":{"rendered":"https:\/\/www.europesays.com\/es\/115156\/"},"modified":"2025-09-14T20:51:15","modified_gmt":"2025-09-14T20:51:15","slug":"a-proposito-de-romeria-10-peliculas-espanolas-dirigidas-por-mujeres","status":"publish","type":"post","link":"https:\/\/www.europesays.com\/es\/115156\/","title":{"rendered":"A prop\u00f3sito de &#8216;Romer\u00eda&#8217;: 10 pel\u00edculas espa\u00f1olas dirigidas por mujeres"},"content":{"rendered":"<p>El estreno de &#8216;<a href=\"https:\/\/www.ecartelera.com\/peliculas\/romeria\/\" rel=\"nofollow noopener\" target=\"_blank\">Romer\u00eda<\/a>&#8216; confirma a <a href=\"https:\/\/www.ecartelera.com\/personas\/carla-simon\/\" rel=\"nofollow noopener\" target=\"_blank\">Carla Sim\u00f3n<\/a> <b>como una de las voces m\u00e1s fascinantes y personales del cine espa\u00f1ol<\/b>. La catalana representa nuestra cultura all\u00e1 donde van sus obras: Ganadora del Le\u00f3n de Oro en Berl\u00edn por &#8216;<a href=\"https:\/\/www.ecartelera.com\/peliculas\/alcarras\/\" rel=\"nofollow noopener\" target=\"_blank\">Alcarr\u00e0s<\/a>&#8216; y seleccionada en competici\u00f3n oficial por el Festival de Cannes con su \u00faltimo filme.<\/p>\n<p>Teaser tr\u00e1iler &#8216;Romer\u00eda&#8217;<\/p>\n<p><video id=\"vid-35337\" class=\"video-js vjs-default-skin\" data-title=\"Teaser tr\u00e1iler 'Romer\u00eda'\" poster=\"https:\/\/www.ecartelera.com\/images\/videos\/35300\/f35337.jpg\" controls=\"\" preload=\"auto\" width=\"640\" height=\"360\" playsinline=\"\" data-vtt=\"\/\/v1.ecartelera.com\/video\/35300\/35337_sprite.vtt\" data-stream=\"1\">El navegador no soporta el tag de v\u00eddeo.<\/video><\/p>\n<p>X<\/p>\n<p>Con motivo del estreno de &#8216;Romer\u00eda&#8217;, <b>os traemos 10 pel\u00edculas dirigidas por mujeres<\/b> de una \u00faltima d\u00e9cada donde el cine independiente ha sido abanderado, en l\u00edneas generales, por voces femeninas que arrebatan con <b>una visi\u00f3n del mundo tan particular como rica en sus diferencias<\/b>, as\u00ed como los lugares donde ocurren: Galicia, Catalu\u00f1a, Murcia, M\u00e9xico&#8230;<\/p>\n<p>En esta selecci\u00f3n de pel\u00edculas, las obras van ordenadas <b>desde el naturalismo<\/b>, que busca representar la cotidianeidad con un estilo que asemeje las formas documentales, <b>hasta el realismo m\u00e1gico<\/b>, que busca inducir en las formas del naturalismo el cine fant\u00e1stico sin hacer evidente que este no forma parte de la verdad narrada, una forma de cuestionar c\u00f3mo se construye el concepto de realidad. <\/p>\n<p>\t\t\t\t\t\t\t<img decoding=\"async\" loading=\"lazy\" src=\"https:\/\/www.europesays.com\/es\/wp-content\/uploads\/2025\/09\/134890_creatura.jpg\" alt=\"Plano de 'Creatura'\" width=\"1200\" height=\"675\"\/>\t<\/p>\n<p>\t\t\t\t\t\tPlano de &#8216;Creatura&#8217; (Elastica Films)<\/p>\n<p><b>Reflejando la variedad de miradas e historias<\/b>, encontramos desde relatos familiares a retratos de la maternidad, historias sobre el trauma y la p\u00e9rdida y otros sobre la celebraci\u00f3n de la vida. Pasando por documentales o pel\u00edculas de ficci\u00f3n, desde filmes mitol\u00f3gicos a otros que proponen miradas naturalistas, esta variedad es <b>un testamento de la diversidad que encontramos en estas cintas<\/b>.<\/p>\n","protected":false},"excerpt":{"rendered":"El estreno de &#8216;Romer\u00eda&#8216; confirma a Carla Sim\u00f3n como una de las voces m\u00e1s fascinantes y personales del&hellip;\n","protected":false},"author":2,"featured_media":115157,"comment_status":"","ping_status":"","sticky":false,"template":"","format":"standard","meta":{"footnotes":""},"categories":[169],"tags":[1014,1015,1013,177,1011,146,147,25,24,782,176,1019,1016,175,753,1012,23,1017,1018],"class_list":{"0":"post-115156","1":"post","2":"type-post","3":"status-publish","4":"format-standard","5":"has-post-thumbnail","7":"category-cine","8":"tag-actores","9":"tag-actrices","10":"tag-cartelera","11":"tag-cine","12":"tag-ecartelera","13":"tag-entertainment","14":"tag-entretenimiento","15":"tag-es","16":"tag-espana","17":"tag-estrellas","18":"tag-film","19":"tag-fotogramas","20":"tag-fotos","21":"tag-movies","22":"tag-peliculas","23":"tag-pelis","24":"tag-spain","25":"tag-trailers","26":"tag-videos"},"share_on_mastodon":{"url":"","error":""},"_links":{"self":[{"href":"https:\/\/www.europesays.com\/es\/wp-json\/wp\/v2\/posts\/115156","targetHints":{"allow":["GET"]}}],"collection":[{"href":"https:\/\/www.europesays.com\/es\/wp-json\/wp\/v2\/posts"}],"about":[{"href":"https:\/\/www.europesays.com\/es\/wp-json\/wp\/v2\/types\/post"}],"author":[{"embeddable":true,"href":"https:\/\/www.europesays.com\/es\/wp-json\/wp\/v2\/users\/2"}],"replies":[{"embeddable":true,"href":"https:\/\/www.europesays.com\/es\/wp-json\/wp\/v2\/comments?post=115156"}],"version-history":[{"count":0,"href":"https:\/\/www.europesays.com\/es\/wp-json\/wp\/v2\/posts\/115156\/revisions"}],"wp:featuredmedia":[{"embeddable":true,"href":"https:\/\/www.europesays.com\/es\/wp-json\/wp\/v2\/media\/115157"}],"wp:attachment":[{"href":"https:\/\/www.europesays.com\/es\/wp-json\/wp\/v2\/media?parent=115156"}],"wp:term":[{"taxonomy":"category","embeddable":true,"href":"https:\/\/www.europesays.com\/es\/wp-json\/wp\/v2\/categories?post=115156"},{"taxonomy":"post_tag","embeddable":true,"href":"https:\/\/www.europesays.com\/es\/wp-json\/wp\/v2\/tags?post=115156"}],"curies":[{"name":"wp","href":"https:\/\/api.w.org\/{rel}","templated":true}]}}