{"id":115168,"date":"2025-09-14T20:58:13","date_gmt":"2025-09-14T20:58:13","guid":{"rendered":"https:\/\/www.europesays.com\/es\/115168\/"},"modified":"2025-09-14T20:58:13","modified_gmt":"2025-09-14T20:58:13","slug":"un-pase-para-graficos-de-17-minutos-justifica-el-viaje-de-sanchez-a-malaga-en-falcon","status":"publish","type":"post","link":"https:\/\/www.europesays.com\/es\/115168\/","title":{"rendered":"Un pase para gr\u00e1ficos de 17 minutos justifica el viaje de S\u00e1nchez a M\u00e1laga en Falcon"},"content":{"rendered":"<p style=\"\"><strong>Diecisiete minutos cronometrados<\/strong> han bastado para que el presidente del Gobierno, Pedro S\u00e1nchez, con parte de su gabinete, convierta en \u00ab<strong>acto instituciona<\/strong><strong>l<\/strong>\u00bb su paso por M\u00e1laga antes de un <strong>compromiso de partido<\/strong> en Andaluc\u00eda. La agenda fijaba la llegada del l\u00edder del  &#8230; PSOE a las 10.45; S\u00e1nchez se ha bajado del coche oficial a las 11.05 y se ha marchado a las 11.22, tras un recorrido de cortes\u00eda por las obras de una promoci\u00f3n de 530 viviendas de protecci\u00f3n oficial en alquiler en el sector Universidad (Teatinos). Le han acompa\u00f1ado la vicepresidenta primera y ministra de Hacienda, Mar\u00eda Jes\u00fas <strong>Montero<\/strong>; la ministra de Vivienda y Agenda Urbana, <strong>Isabel Rodr\u00edguez<\/strong>; el delegado del Gobierno en Andaluc\u00eda, <strong>Pedro Fern\u00e1ndez<\/strong>; y el alcalde de M\u00e1laga, Francisco <strong>de la Torre<\/strong>.<\/p>\n<p class=\"voc-p\" style=\"\">El per\u00edmetro estaba blindado: controles de acceso, polic\u00edas en una rotonda pr\u00f3xima y un cord\u00f3n que hac\u00eda <strong>imposible que los ciudadanos <\/strong><strong>pudiesen ver al presidente<\/strong> ni siquiera con prism\u00e1ticos. Los cortes de seguridad dejaron el estacionamiento m\u00e1s cercano a un kil\u00f3metro, de modo que el vecindario qued\u00f3 apartado de la visita. A este blindaje se sum\u00f3 una restricci\u00f3n in\u00e9dita: <strong>solo se permiti\u00f3 la entrada<\/strong> al recinto a <strong>fot\u00f3grafos<\/strong> y c\u00e1maras de televisi\u00f3n, mientras que se prohibi\u00f3 expresamente el acceso a periodistas de prensa escrita y otros medios no gr\u00e1ficos. <\/p>\n<p><img decoding=\"async\" loading=\"lazy\" src=\"https:\/\/www.europesays.com\/es\/wp-content\/uploads\/2025\/09\/WhatsAppImage2025-09-14at14.48.47-U13315662753buC-760x427@diario_abc.jpeg\" class=\"voc-img\" width=\"760\" height=\"427\" alt=\"El Falc\u00f3n de S\u00e1nchez en el Aeropuerto de M\u00e1laga-Costa del Sol\" data-voc-vtm-id=\"in-text-traffic\"\/><\/p>\n<p>El Falc\u00f3n de S\u00e1nchez en el Aeropuerto de M\u00e1laga-Costa del Sol<\/p>\n<p>Francis Silva<\/p>\n<p class=\"voc-p\" style=\"\">El resultado fue una visita dise\u00f1ada para la foto, no para el contraste de informaci\u00f3n <strong>ni las preguntas<\/strong>. Con tanto blindaje y <strong>secretismo<\/strong>, se ha desincentivado que los malague\u00f1os pudiesen presenciar al presidente en esta visita institucional, hasta el punto de que no acudi\u00f3 ni un solo ciudadano a la zona.<\/p>\n<p class=\"voc-p\" style=\"\">La escenificaci\u00f3n ha obligado, adem\u00e1s, a movilizar a operarios un domingo, d\u00eda no laborable en el sector, con el consiguiente <strong>pago de horas extra<\/strong> para que hubiera presencia de actividad en el recinto en el momento de la comitiva.<\/p>\n<p class=\"voc-p\" style=\"\">Los representantes pol\u00edticos han visitado  la promoci\u00f3n de Lagoom Living en la confluencia de C\/ Ingeniero Agust\u00edn Escolano con C\/ Ingeniero L\u00f3pez Pel\u00e1ez. Son <strong>530 VPO<\/strong> de uno a cuatro dormitorios, con garaje y trastero y zonas comunes, huerto urbano, parque infantil, gimnasio exterior y piscina. El Ayuntamiento ha otorgado un derecho de superficie por 75 a\u00f1os a canon 0 sobre cuatro parcelas (R3, R11, R12 y R15), y la renta media prevista ronda los 600\u20ac\/mes.<\/p>\n<p class=\"voc-p\" style=\"\">Las obras se desarrollan seg\u00fan lo previsto: colocaron la primera piedra en septiembre de 2024 y conservan la entrega <strong>prevista para diciembre de 2026<\/strong>, a 15 meses vista. La comitiva ha entrado en una de las viviendas piloto y los encargados les han explicado el nivel de avance y la planificaci\u00f3n de los pr\u00f3ximos hitos.<\/p>\n<p class=\"voc-p\" style=\"\">El presupuesto del proyecto asciende a <strong>77,6 millones de <\/strong><strong>euros<\/strong>, con un reparto que habla por s\u00ed solo: <strong>43,6<\/strong> millones del <strong>Ayuntamiento<\/strong>; <strong>22,1<\/strong> millones procedentes de <strong>fondos Next Generation<\/strong>; <strong>10,2 millones<\/strong> del Plan Estatal de Vivienda del <strong>Gobierno<\/strong> y <strong>1,7<\/strong> millones de la <strong>Junta<\/strong> de Andaluc\u00eda. Es decir, el peso inversor es mayoritariamente municipal y europeo, con la <strong>aportaci\u00f3n estatal muy por detr\u00e1s<\/strong>. Pese a ello, la convocatoria ha partido del Ministerio de Vivienda, cuya titular ha amparado el desplazamiento institucional que permite cargar al erario el desembarco del presidente en M\u00e1laga para una <strong>visita<\/strong> \u00e9xpres y <strong>restringida<\/strong> de diecisiete minutos.<\/p>\n<p><img decoding=\"async\" loading=\"lazy\" src=\"https:\/\/www.europesays.com\/es\/wp-content\/uploads\/2025\/09\/WhatsAppImage2025-09-14at11.43.03-U11378575468GiB-760x427@diario_abc.jpeg\" class=\"voc-img\" width=\"760\" height=\"427\" alt=\"El presidente del Gobierno, Pedro S\u00e1nchez, observa los planos del proyecto de 530 VPO en Teatinos\" data-voc-vtm-id=\"in-text-traffic\"\/><\/p>\n<p>El presidente del Gobierno, Pedro S\u00e1nchez, observa los planos del proyecto de 530 VPO en Teatinos<\/p>\n<p>Francis Silva<\/p>\n<p class=\"voc-p\" style=\"\">No es la primera vez que S\u00e1nchez aprovecha su condici\u00f3n de presidente para desplazamientos de car\u00e1cter partidista. Ya ocurri\u00f3 en 2023, tras la gala de los Goya en Sevilla, cuando el <strong>Falcon vol\u00f3<\/strong> apenas <strong>25 minutos<\/strong> a M\u00e1laga para una visita expr\u00e9s y un mitin, en un desplazamiento cuyo gasto en combustible se estim\u00f3 en <strong>600 veces m\u00e1s que hacerlo por carretera<\/strong>. Al viajar como presidente, S\u00e1nchez se permite licencias y despliegues de seguridad que no tendr\u00eda como simple secretario general del PSOE, lo que reabre el debate sobre el uso de recursos p\u00fablicos para agendas pol\u00edticas.<\/p>\n<p class=\"voc-p\" style=\"\">La secuencia de la jornada es elocuente: una visita institucional m\u00ednima en Teatinos, inmediatamente antes del acto en el que S\u00e1nchez ha apoyado a Mar\u00eda Jes\u00fas Montero como futura candidata socialista en Andaluc\u00eda frente a la mayor\u00eda absoluta de Juanma Moreno. El solapamiento entre agenda gubernamental y agenda de partido ha reavivado las cr\u00edticas sobre el <strong>uso partidista de los recursos p\u00fablicos<\/strong>, m\u00e1s a\u00fan cuando la obra exhibida se sostiene principalmente con fondos municipales y europeos.<\/p>\n<p class=\"voc-p\" style=\"\">El balance de la visita, para el ciudadano, es n\u00edtido: <strong>blindaje, distancia<\/strong> y una puesta en escena burocr\u00e1tica que no ha permitido ver al presidente ni de lejos. Para Moncloa, en cambio, s\u00ed ha habido <strong>acto institucional<\/strong> con el que <strong>justificar un viaje p\u00fablico<\/strong> en v\u00edsperas de la ofensiva pol\u00edtica socialista en Andaluc\u00eda. Diecisiete minutos han sido suficientes para la foto; insuficientes para despejar la impresi\u00f3n de que M\u00e1laga ha servido de tel\u00f3n de fondo a una <strong>estrategia de partido<\/strong>.<\/p>\n","protected":false},"excerpt":{"rendered":"Diecisiete minutos cronometrados han bastado para que el presidente del Gobierno, Pedro S\u00e1nchez, con parte de su gabinete,&hellip;\n","protected":false},"author":2,"featured_media":115169,"comment_status":"","ping_status":"","sticky":false,"template":"","format":"standard","meta":{"footnotes":""},"categories":[8],"tags":[11650,17,18,25,24,13,14,11,19,20,9,10,15,16,23,12,21,22],"class_list":{"0":"post-115168","1":"post","2":"type-post","3":"status-publish","4":"format-standard","5":"has-post-thumbnail","7":"category-espana","8":"tag-b","9":"tag-breaking-news","10":"tag-breakingnews","11":"tag-es","12":"tag-espana","13":"tag-featured-news","14":"tag-featurednews","15":"tag-headlines","16":"tag-latest-news","17":"tag-latestnews","18":"tag-news","19":"tag-noticias","20":"tag-noticias-destacadas","21":"tag-noticiasdestacadas","22":"tag-spain","23":"tag-titulares","24":"tag-ultimas-noticias","25":"tag-ultimasnoticias"},"share_on_mastodon":{"url":"","error":""},"_links":{"self":[{"href":"https:\/\/www.europesays.com\/es\/wp-json\/wp\/v2\/posts\/115168","targetHints":{"allow":["GET"]}}],"collection":[{"href":"https:\/\/www.europesays.com\/es\/wp-json\/wp\/v2\/posts"}],"about":[{"href":"https:\/\/www.europesays.com\/es\/wp-json\/wp\/v2\/types\/post"}],"author":[{"embeddable":true,"href":"https:\/\/www.europesays.com\/es\/wp-json\/wp\/v2\/users\/2"}],"replies":[{"embeddable":true,"href":"https:\/\/www.europesays.com\/es\/wp-json\/wp\/v2\/comments?post=115168"}],"version-history":[{"count":0,"href":"https:\/\/www.europesays.com\/es\/wp-json\/wp\/v2\/posts\/115168\/revisions"}],"wp:featuredmedia":[{"embeddable":true,"href":"https:\/\/www.europesays.com\/es\/wp-json\/wp\/v2\/media\/115169"}],"wp:attachment":[{"href":"https:\/\/www.europesays.com\/es\/wp-json\/wp\/v2\/media?parent=115168"}],"wp:term":[{"taxonomy":"category","embeddable":true,"href":"https:\/\/www.europesays.com\/es\/wp-json\/wp\/v2\/categories?post=115168"},{"taxonomy":"post_tag","embeddable":true,"href":"https:\/\/www.europesays.com\/es\/wp-json\/wp\/v2\/tags?post=115168"}],"curies":[{"name":"wp","href":"https:\/\/api.w.org\/{rel}","templated":true}]}}