{"id":115206,"date":"2025-09-14T21:19:15","date_gmt":"2025-09-14T21:19:15","guid":{"rendered":"https:\/\/www.europesays.com\/es\/115206\/"},"modified":"2025-09-14T21:19:15","modified_gmt":"2025-09-14T21:19:15","slug":"caracteristicas-precios-y-mas-detalles-3","status":"publish","type":"post","link":"https:\/\/www.europesays.com\/es\/115206\/","title":{"rendered":"Caracter\u00edsticas, precios y m\u00e1s detalles"},"content":{"rendered":"<p data-journey-content=\"true\" data-node-id=\"3\" class=\"css-i9p093 emevuu60\">Parece mentira, pero <strong data-node-id=\"3.1\">fue hace 12 a\u00f1os cuando Lexus estren\u00f3 su tercera generaci\u00f3n del IS, su <a href=\"https:\/\/www.caranddriver.com\/es\/coches-berlinas\" target=\"_blank\" data-vars-ga-outbound-link=\"https:\/\/www.caranddriver.com\/es\/coches-berlinas\" data-vars-ga-ux-element=\"Hyperlink\" data-vars-ga-call-to-action=\"berlina\" data-node-id=\"3.1.1\" class=\"body-link css-168zq96 emevuu60\" rel=\"nofollow noopener\">berlina<\/a> compacta rival de los <a href=\"https:\/\/www.caranddriver.com\/es\/coches\/novedades\/a37091408\/bmw-serie-3-2023\/\" target=\"_blank\" data-vars-ga-outbound-link=\"https:\/\/www.caranddriver.com\/es\/coches\/novedades\/a37091408\/bmw-serie-3-2023\/\" data-vars-ga-ux-element=\"Hyperlink\" data-vars-ga-call-to-action=\"BMW Serie 3\" data-node-id=\"3.1.3\" class=\"body-link css-168zq96 emevuu60\" rel=\"nofollow noopener\">BMW Serie 3<\/a>, <a href=\"https:\/\/www.caranddriver.com\/es\/coches\/novedades\/a61579715\/audi-a5-2025\/\" target=\"_blank\" data-vars-ga-outbound-link=\"https:\/\/www.caranddriver.com\/es\/coches\/novedades\/a61579715\/audi-a5-2025\/\" data-vars-ga-ux-element=\"Hyperlink\" data-vars-ga-call-to-action=\"Audi A5\" data-node-id=\"3.1.5\" class=\"body-link css-168zq96 emevuu60\" rel=\"nofollow noopener\">Audi A5<\/a> y <a href=\"https:\/\/www.caranddriver.com\/es\/coches\/novedades\/a56566\/mercedes-clase-c-2020\/\" target=\"_blank\" data-vars-ga-outbound-link=\"https:\/\/www.caranddriver.com\/es\/coches\/novedades\/a56566\/mercedes-clase-c-2020\/\" data-vars-ga-ux-element=\"Hyperlink\" data-vars-ga-call-to-action=\"Mercedes Clase C\" data-node-id=\"3.1.7\" class=\"body-link css-168zq96 emevuu60\" rel=\"nofollow noopener\">Mercedes Clase C<\/a>. Sin embargo a lo largo de estos a\u00f1os ha recibido dos actualizaciones a fondo<\/strong>, la \u00faltima hasta ahora el <a href=\"https:\/\/www.caranddriver.com\/es\/coches\/novedades\/a32876235\/lexus-is-2021\" target=\"_blank\" data-vars-ga-outbound-link=\"https:\/\/www.caranddriver.com\/es\/coches\/novedades\/a32876235\/lexus-is-2021\" data-vars-ga-ux-element=\"Hyperlink\" data-vars-ga-call-to-action=\"Lexus IS 2021\" data-node-id=\"3.3\" class=\"body-link css-168zq96 emevuu60\" rel=\"nofollow noopener\">Lexus IS 2021<\/a>, que bien podr\u00eda considerarse como una nueva generaci\u00f3n. <\/p>\n<p data-journey-content=\"true\" data-node-id=\"6\" class=\"css-i9p093 emevuu60\"><strong data-node-id=\"6.0\">Ahora llega la tercera, con este Lexus IS 2026 con un afilado y deportivo dise\u00f1o exterior, y un interior completamente nuevo que solo tiene un pero: como en el caso de su predecesor, su presencia en Europa no est\u00e1 confirmada<\/strong>, aunque la firma premium nipona ha dejado caer que en esta ocasi\u00f3n podr\u00edan volver a extender su presencia a otros mercados del mundo.<\/p>\n<p><img draggable=\"true\" alt=\"lexus is 2026\" title=\"Lexus IS 2026\" loading=\"lazy\" width=\"2048\" height=\"965\" decoding=\"async\" data-nimg=\"1\" style=\"color:transparent;width:100%;height:auto;\"   src=\"https:\/\/www.europesays.com\/es\/wp-content\/uploads\/2025\/09\/lexus-is-2026-5-68c16916b0914.jpg\" class=\"css-0 e1g79fud0\"\/><\/p>\n<p>Lexus\/\/Car and Driver<\/p>\n<p><img draggable=\"true\" alt=\"lexus is 2026\" title=\"Lexus IS 2026\" loading=\"lazy\" width=\"2048\" height=\"965\" decoding=\"async\" data-nimg=\"1\" style=\"color:transparent;width:100%;height:auto;\"   src=\"https:\/\/www.europesays.com\/es\/wp-content\/uploads\/2025\/09\/lexus-is-2026-1-68c1691730184.jpg\" class=\"css-0 e1g79fud0\"\/><\/p>\n<p>Lexus\/\/Car and Driver<\/p>\n<p>Caracter\u00edsticas del Lexus IS 2026<\/p>\n<p data-journey-content=\"true\" data-node-id=\"10\" class=\"css-i9p093 emevuu60\"><strong data-node-id=\"10.0\">El nuevo Lexus IS mantiene la mirada afilada o la musculada carrocer\u00eda de los anteriores IS, pero ahora con ciertos cambios importantes como la desaparici\u00f3n de la famosa parrilla de doble punta de flecha<\/strong> que marc\u00f3 la identidad de los modelos japonesas durante al menos la \u00faltima d\u00e9cada. En vez de eso ahora contamos con una parrilla algo m\u00e1s convencional pero igualmente masiva en tama\u00f1o, lo que junto a las piezas aerodin\u00e1micas laterales y dem\u00e1s entradas de aire le dan un aspecto muy deportivo, sobre todo en este acabado F, en el que destacan tambi\u00e9n sus llantas de 19 pulgadas de aluminio ultraligero, acabadas en negro brillante. <\/p>\n<p data-journey-content=\"true\" data-node-id=\"14\" class=\"css-i9p093 emevuu60\"><strong data-node-id=\"14.0\">La trasera se mantiene sin menos cambios aunque s\u00ed estrena el nuevo logo de Lexus en letras sobre el spoiler del port\u00f3n trasero, ahora acentuado con un ap\u00e9ndice a\u00fan m\u00e1s grande en acabado de fibra de carbono<\/strong>. Bien acompa\u00f1ado de un gran difusor paragolpes difusor con doble salida de escape.<\/p>\n<p><img draggable=\"true\" alt=\"lexus is 2026\" title=\"Lexus IS 2026\" loading=\"lazy\" width=\"2048\" height=\"965\" decoding=\"async\" data-nimg=\"1\" style=\"color:transparent;width:100%;height:auto;\"   src=\"https:\/\/www.europesays.com\/es\/wp-content\/uploads\/2025\/09\/isp1401-68c0650f07f01.jpg\" class=\"css-0 e1g79fud0\"\/><a target=\"_blank\" rel=\"noopener nofollow\" data-theme-key=\"base-link\" href=\"https:\/\/pinterest.com\/pin\/create\/button\/?url=https:\/\/www.caranddriver.com\/es\/coches\/novedades\/a66035417\/lexus-is-2026\/&amp;description=&amp;media=https:\/\/hips.hearstapps.com\/hmg-prod\/images\/isp1401-68c0650f07f01.jpg?resize=1600:*\" class=\"pinterest css-on9hn5 e1c1bym14\"><img decoding=\"async\" data-dynamic-svg=\"true\" src=\"https:\/\/www.caranddriver.com\/_assets\/design-tokens\/fre\/static\/icons\/social\/pinterest.e8cf655.svg?primary=%2523ffffff\" loading=\"lazy\" data-testid=\"dynamic-svg-base\" height=\"auto\" width=\"auto\" alt=\"pinterest\" class=\"css-4lml0h e1mlxuuw1\"\/><\/a><\/p>\n<p>Lexus\/\/Car and Driver<\/p>\n<p>El interior del Lexus IS 2026: Masterclass en ergonom\u00eda como en los coches de antes<\/p>\n<p data-journey-content=\"true\" data-node-id=\"18\" class=\"css-i9p093 emevuu60\"><strong data-node-id=\"18.0\">El interior por su parte luce m\u00e1s cambios, con un aspecto m\u00e1s moderno de la mano de un nuevo puesto de conducci\u00f3n que estrena volante, salpicadero y una nueva pantalla t\u00e1ctil<\/strong> central m\u00e1s grande, de 12,3 pulgadas y con el nuevo sistema multimedia de Lexus, mismo tama\u00f1o que el de la instrumentaci\u00f3n digital. Aqu\u00ed por suerte Lexus no ha llegado al nivel de minimalismo y modernidad del reciente <a href=\"https:\/\/www.caranddriver.com\/es\/coches\/novedades\/a64563204\/lexus-es-2026\/\" target=\"_blank\" data-vars-ga-outbound-link=\"https:\/\/www.caranddriver.com\/es\/coches\/novedades\/a64563204\/lexus-es-2026\/\" data-vars-ga-ux-element=\"Hyperlink\" data-vars-ga-call-to-action=\"Lexus ES\" data-node-id=\"18.2\" class=\"body-link css-168zq96 emevuu60\" rel=\"nofollow noopener\">Lexus ES<\/a>, <strong data-node-id=\"18.4\">manteniendo botones f\u00edsicos en todas las zonas y haciendo desaparecer el trackpad de anta\u00f1o. Incluso sigue contando con una palanca tradicional para el cambio autom\u00e1tico, aunque por otro lado el cl\u00e1sico reloj anal\u00f3gico ya no est\u00e1.<\/strong><\/p>\n<p><img draggable=\"true\" alt=\"lexus is 2026\" title=\"Lexus IS 2026\" loading=\"lazy\" width=\"2048\" height=\"1448\" decoding=\"async\" data-nimg=\"1\" style=\"color:transparent;width:100%;height:auto;\"   src=\"https:\/\/www.europesays.com\/es\/wp-content\/uploads\/2025\/09\/isp2001-68c06511ea97d.jpg\" class=\"css-0 e1g79fud0\"\/><\/p>\n<p>Lexus<\/p>\n<p data-journey-content=\"true\" data-node-id=\"21\" class=\"css-i9p093 emevuu60\">Pero<strong data-node-id=\"21.1\"> como modelo Lexus tambi\u00e9n se ha prestado mucha atenci\u00f3n a los materiales. Una de las grandes novedades llega con el Forged Bamboo, basado en fibras de bamb\u00fa recicladas<\/strong> que aportan una mayor textura y profundidad al interior, luciendo en la consola superior y el bisel del bot\u00f3n de arranque. <strong data-node-id=\"21.3\">El ambiente se refuerza adem\u00e1s con una iluminaci\u00f3n ambiental con 14 temas distintos<\/strong> inspirados en fen\u00f3menos naturales y 50 opciones personalizables para crear una atm\u00f3sfera interior a la carta. Tambi\u00e9n cuenta ahora con una base de carga inal\u00e1mbrica, puertos USB-C, y molduras de las puertas redise\u00f1adas.<\/p>\n<p><img draggable=\"true\" alt=\"lexus is 2026\" title=\"Lexus IS 2026\" loading=\"lazy\" width=\"2048\" height=\"1443\" decoding=\"async\" data-nimg=\"1\" style=\"color:transparent;width:100%;height:auto;\"   src=\"https:\/\/www.europesays.com\/es\/wp-content\/uploads\/2025\/09\/lexus-is-2026-3-68c169175ff79.jpg\" class=\"css-0 e1g79fud0\"\/><a target=\"_blank\" rel=\"noopener nofollow\" data-theme-key=\"base-link\" href=\"https:\/\/pinterest.com\/pin\/create\/button\/?url=https:\/\/www.caranddriver.com\/es\/coches\/novedades\/a66035417\/lexus-is-2026\/&amp;description=&amp;media=https:\/\/hips.hearstapps.com\/hmg-prod\/images\/lexus-is-2026-3-68c169175ff79.jpg?resize=1600:*\" class=\"pinterest css-on9hn5 e1c1bym14\"><img decoding=\"async\" data-dynamic-svg=\"true\" src=\"https:\/\/www.caranddriver.com\/_assets\/design-tokens\/fre\/static\/icons\/social\/pinterest.e8cf655.svg?primary=%2523ffffff\" loading=\"lazy\" data-testid=\"dynamic-svg-base\" height=\"auto\" width=\"auto\" alt=\"pinterest\" class=\"css-4lml0h e1mlxuuw1\"\/><\/a><\/p>\n<p>Lexus\/\/Car and Driver<\/p>\n<p>Ficha t\u00e9cnica del Lexus IS 2026<\/p>\n<ul data-node-id=\"24\" class=\"css-nqorpf emevuu60\">\n<li data-node-id=\"24.0\">Largo: 4,72 metros<\/li>\n<li data-node-id=\"24.1\">Ancho: 1,84 metros<\/li>\n<li data-node-id=\"24.2\">Alto: 1,43 metros<\/li>\n<li data-node-id=\"24.3\">Batalla: 2,80 metros<\/li>\n<li data-node-id=\"24.4\">Peso: N.D.<\/li>\n<li data-node-id=\"24.5\">Motores: H\u00edbrido IS 300h de 223 CV con gasolina 4 cilindros y 2.5 litros de 182 CV m\u00e1s motor el\u00e9ctrico de 143 CV, y gasolina 350h<\/li>\n<li data-node-id=\"24.6\">Transmisi\u00f3n: CVT (IS 300h) o Autom\u00e1tica de 8 o 6 velocidades y tracci\u00f3n trasera o total (IS 350).<\/li>\n<li data-node-id=\"24.7\">Consumo: N.D.<\/li>\n<li data-node-id=\"24.8\">Emisiones: N.D.<\/li>\n<li data-node-id=\"24.9\">Precio: N.D.<\/li>\n<\/ul>\n<p>Qu\u00e9 motor lleva el Lexus IS 2026<\/p>\n<p data-journey-content=\"true\" data-node-id=\"27\" class=\"css-i9p093 emevuu60\"><strong data-node-id=\"27.0\">A nivel mec\u00e1nico la oferta del nuevo Lexus IS mantiene sus mec\u00e1nicas gasolina IS 350, en opciones de tracci\u00f3n trasera o total y con cambio autom\u00e1tico de 8 y 6 velocidades, y el IS 300h h\u00edbrido con tracci\u00f3n trasera y cambio CVT, este \u00faltimo la \u00fanica opci\u00f3n ofrecida en su momento en territorio europeo<\/strong>. No se dice nada del IS500 con motor V8 5.0 atmosf\u00e9rico que se ofrec\u00eda en mercados como el norteamericano y el japon\u00e9s, y que parece haber desaparecido en esta renovaci\u00f3n.<\/p>\n<p data-journey-content=\"true\" data-node-id=\"29\" class=\"css-i9p093 emevuu60\"><strong data-node-id=\"29.0\">A nivel de chasis la berlina japonesa se beneficia en esta renovaci\u00f3n de una direcci\u00f3n asistida el\u00e9ctrica paralela a la cremallera para ofrecer una mejor maniobrabilidad, y de una suspensi\u00f3n adaptativa lineal de tipo solenoide para mejorar la comodidad de conducci\u00f3n en carreteras bacheadas<\/strong>.<\/p>\n<p data-journey-content=\"true\" data-node-id=\"31\" class=\"css-i9p093 emevuu60\">Adem\u00e1s <strong data-node-id=\"31.1\">a nivel de ADAS tambi\u00e9n recibe una nueva evoluci\u00f3n del Lexus Safety System+<\/strong>, que incorpora la Asistencia Proactiva de Conducci\u00f3n (PDA) o una versi\u00f3n mejorada del Sistema Pre-Colisi\u00f3n (PCS), ahora capaz de reconocer bicicletas en condiciones nocturnas y motos de d\u00eda. Adem\u00e1s tambi\u00e9n incluye ahora actualizaciones OTA, para estar siempre al d\u00eda de mejoras sin tener que pasar por el taller o el concesionario.<\/p>\n<p><img draggable=\"true\" alt=\"lexus is 2026\" title=\"Lexus IS 2026\" loading=\"lazy\" width=\"2048\" height=\"1256\" decoding=\"async\" data-nimg=\"1\" style=\"color:transparent;width:100%;height:auto;\"   src=\"https:\/\/www.europesays.com\/es\/wp-content\/uploads\/2025\/09\/lexus-is-2026-4-68c1691ad7ea4.jpg\" class=\"css-0 e1g79fud0\"\/><\/p>\n<p>Lexus\/\/Car and Driver<\/p>\n<p><img draggable=\"true\" alt=\"lexus is 2026\" title=\"Lexus IS 2026\" loading=\"lazy\" width=\"2048\" height=\"1453\" decoding=\"async\" data-nimg=\"1\" style=\"color:transparent;width:100%;height:auto;\"   src=\"https:\/\/www.europesays.com\/es\/wp-content\/uploads\/2025\/09\/lexus-is-2026-2-68c1691698f3c.jpg\" class=\"css-0 e1g79fud0\"\/><\/p>\n<p>Lexus\/\/Car and Driver<\/p>\n<p>Gama, precios y lanzamiento del Lexus IS 2026<\/p>\n<ul data-node-id=\"34\" class=\"css-nqorpf emevuu60\">\n<li data-node-id=\"34.0\">IS 300h: N.D.<\/li>\n<li data-node-id=\"34.1\">IS 350: N.D.<\/li>\n<\/ul>\n<p>Contenidos relacionados<img src=\"https:\/\/www.europesays.com\/es\/wp-content\/uploads\/2025\/09\/1757884755_411_9c0669bc-c282-4add-8b76-fade7a264928_1656062983.file\" alt=\"Headshot of Antonio Ramos Ochoa\" title=\"Headshot of Antonio Ramos Ochoa\" width=\"100%\" height=\"100%\" decoding=\"async\" loading=\"lazy\" class=\"css-o0wq4v ev8dhu53\"\/><\/p>\n<p>Especializado en el mundo del motor, la competici\u00f3n y la tecnolog\u00eda, Antonio Ramos Ochoa es redactor de Car and Driver. Se comenta que antes de bajarse del carro ya iba diciendo el nombre de los coches que iba viendo por la calle. Unos cuantos a\u00f1os despu\u00e9s sigue hablando de una de sus pasiones aqu\u00ed. Aficionado al Motorsport, el cine, videojuegos y la historia, incluso se desfoga de vez en cuando al volante de un kart o un simulador. \u00a0<\/p>\n","protected":false},"excerpt":{"rendered":"Parece mentira, pero fue hace 12 a\u00f1os cuando Lexus estren\u00f3 su tercera generaci\u00f3n del IS, su berlina compacta&hellip;\n","protected":false},"author":2,"featured_media":115207,"comment_status":"","ping_status":"","sticky":false,"template":"","format":"standard","meta":{"footnotes":""},"categories":[80],"tags":[82,95,94,25,24,975,23],"class_list":{"0":"post-115206","1":"post","2":"type-post","3":"status-publish","4":"format-standard","5":"has-post-thumbnail","7":"category-economia","8":"tag-business","9":"tag-economia","10":"tag-economy","11":"tag-es","12":"tag-espana","13":"tag-seo","14":"tag-spain"},"share_on_mastodon":{"url":"","error":""},"_links":{"self":[{"href":"https:\/\/www.europesays.com\/es\/wp-json\/wp\/v2\/posts\/115206","targetHints":{"allow":["GET"]}}],"collection":[{"href":"https:\/\/www.europesays.com\/es\/wp-json\/wp\/v2\/posts"}],"about":[{"href":"https:\/\/www.europesays.com\/es\/wp-json\/wp\/v2\/types\/post"}],"author":[{"embeddable":true,"href":"https:\/\/www.europesays.com\/es\/wp-json\/wp\/v2\/users\/2"}],"replies":[{"embeddable":true,"href":"https:\/\/www.europesays.com\/es\/wp-json\/wp\/v2\/comments?post=115206"}],"version-history":[{"count":0,"href":"https:\/\/www.europesays.com\/es\/wp-json\/wp\/v2\/posts\/115206\/revisions"}],"wp:featuredmedia":[{"embeddable":true,"href":"https:\/\/www.europesays.com\/es\/wp-json\/wp\/v2\/media\/115207"}],"wp:attachment":[{"href":"https:\/\/www.europesays.com\/es\/wp-json\/wp\/v2\/media?parent=115206"}],"wp:term":[{"taxonomy":"category","embeddable":true,"href":"https:\/\/www.europesays.com\/es\/wp-json\/wp\/v2\/categories?post=115206"},{"taxonomy":"post_tag","embeddable":true,"href":"https:\/\/www.europesays.com\/es\/wp-json\/wp\/v2\/tags?post=115206"}],"curies":[{"name":"wp","href":"https:\/\/api.w.org\/{rel}","templated":true}]}}