{"id":115210,"date":"2025-09-14T21:21:10","date_gmt":"2025-09-14T21:21:10","guid":{"rendered":"https:\/\/www.europesays.com\/es\/115210\/"},"modified":"2025-09-14T21:21:10","modified_gmt":"2025-09-14T21:21:10","slug":"miembros-del-gobierno-y-sus-socios-celebran-los-disturbios-en-madrid-que-obligan-a-cancelar-la-ultima-etapa-de-la-vuelta","status":"publish","type":"post","link":"https:\/\/www.europesays.com\/es\/115210\/","title":{"rendered":"Miembros del Gobierno y sus socios celebran los disturbios en Madrid que obligan a cancelar la \u00faltima etapa de La Vuelta"},"content":{"rendered":"<p>Feij\u00f3o, Ayuso y Almeida se\u00f1alan a S\u00e1nchez como responsable de lo ocurrido en Madrid\n<\/p>\n<p><img fetchpriority=\"high\" class=\"voc-img\" src=\"https:\/\/www.europesays.com\/es\/wp-content\/uploads\/2025\/09\/1500777777-RgdcT9duiJ5xUM6riW8cPuK-1200x840@diario_abc.JPG\" loading=\"eager\" decoding=\"async\" alt=\"Irene Montero encar\u00e1ndose a la Polic\u00eda en el Paseo del Prado\" width=\"1200\" height=\"840\"\/><\/p>\n<p>Irene Montero encar\u00e1ndose a la Polic\u00eda en el Paseo del Prado    EFE  <\/p>\n<p><img decoding=\"async\" class=\"voc-author__img\" src=\"https:\/\/www.europesays.com\/es\/wp-content\/uploads\/2025\/09\/autor-7304-foto-15.jpeg\" alt=\"Joan Guirado\"\/><\/p>\n<p>14\/09\/2025<br \/>\n<br \/><strong><br \/>\nActualizado a las 23:13h.<br \/>\n<\/strong><\/p>\n<p class=\"voc-p\" style=\"\">Las<a href=\"https:\/\/www.abc.es\/espana\/andalucia\/malaga\/pedro-sanchez-muestra-admiracion-boicotean-vuelta-espana-20250914135212-nts.html\" title=\"www.abc.es\" data-voc-vtm-id=\"in-text-traffic\" data-mrf-link=\"www.abc.es\" rel=\"nofollow noopener\" target=\"_blank\"> protestas alentadas por el presidente del Gobierno<\/a>, Pedro S\u00e1nchez, de las que dijo sentir \u00abadmiraci\u00f3n\u00bb, y en las que participaron varios dirigentes pol\u00edticos de la izquierda, en la etapa final de La Vuelta en Madrid, acabaron este domingo en disturbios que obligaron a cancelar parte del recorrido, dando por finalizada la prueba antes de la llegada de los ciclistas a la meta final, situada en la plaza de Cibeles.<\/p>\n<p class=\"voc-p\" style=\"\">En un acto del PSOE que tuvo lugar por la ma\u00f1ana en la ciudad de M\u00e1laga para lanzar a <strong>Mar\u00eda Jes\u00fas Montero <\/strong>como candidata a la presidencia de la Junta de Andaluc\u00eda, el jefe del Ejecutivo declar\u00f3 <strong>\u00aborgullo\u00bb por las acciones en favor \u00abde causas justas como la de Palestina\u00bb<\/strong> que se han desarrollado durante los \u00faltimos d\u00edas. <\/p>\n<p class=\"voc-p\" style=\"\">El secretario general del PSOE, que abandera la causa en favor del Estado palestino a nivel internacional, celebr\u00f3 ver un pa\u00eds \u00abtan plural como el nuestro\u00bb ponerse de acuerdo para defender \u00ablos derechos humanos\u00bb. Ante una militancia entregada, que le respondi\u00f3 ondeando banderas palestinas, S\u00e1nchez grit\u00f3 que \u00abque vivan los derechos humanos y viva el pueblo espa\u00f1ol\u00bb.<\/p>\n<p class=\"voc-p\" style=\"\">Por la tarde, ya con las im\u00e1genes de los manifestantes lanzando vallas en el centro de la capital dando la vuelta al mundo, el ministro para la Transformaci\u00f3n Digital y Funci\u00f3n P\u00fablica y l\u00edder del PSM, <strong>\u00d3scar L\u00f3pez<\/strong>, asegur\u00f3 que <strong>lo ocurrido \u00abhabla muy bien del pueblo de Madrid\u00bb<\/strong>. En opini\u00f3n de L\u00f3pez, \u00abque el pueblo de Madrid se manifieste contra un genocidio no perjudica la imagen de Espa\u00f1a, al rev\u00e9s\u00bb. <\/p>\n<p class=\"voc-p\" style=\"\">El ministro, en una publicaci\u00f3n en la red social X, manifest\u00f3 que \u00ablo siento por La Vuelta, pero lo siento mucho m\u00e1s por cientos de miles de palestinos que est\u00e1n siendo masacrados\u00bb. La vicepresidenta segunda, Yolanda D\u00edaz, sentenci\u00f3 que \u00abnuestra ciudadan\u00eda es un ejemplo de dignidad\u00bb. Mientras, junto a los centenares de personas con la bandera de Palestina en la mano que han boicoteado la etapa final de la competici\u00f3n deportiva, se manifestaron partidos como Izquierda Unida, con miembros en el Consejo de Ministros. <\/p>\n<p><a class=\"voc-img-link\" href=\"https:\/\/www.abc.es\/deportes\/protestas-etapa-final-vuelta-imagenes-20250914182915-ga.html\" data-voc-vtm-id=\"in-text-traffic\" title=\"\u00abSe busca\u00bb, reza una pancarta con una imagen de Netanyahu entre otros carteles que piden el fin de la guerra en Gaza este domingo en Madrid.\" rel=\"nofollow noopener\" target=\"_blank\"><\/p>\n<p><img decoding=\"async\" loading=\"lazy\" src=\"https:\/\/s3.abcstatics.com\/abc\/www\/multimedia\/espana\/2025\/09\/14\/1500779871-U701071135344r8G--760x427@diario_abc.jpg\" class=\"voc-img\" width=\"760\" height=\"427\" alt=\"\u00abSe busca\u00bb, reza una pancarta con una imagen de Netanyahu entre otros carteles que piden el fin de la guerra en Gaza este domingo en Madrid.\" data-voc-vtm-id=\"in-text-traffic\"\/><\/p>\n<p><\/a><\/p>\n<p>Galer\u00eda.<\/p>\n<p>\u00abSe busca\u00bb, reza una pancarta con una imagen de Netanyahu entre otros carteles que piden el fin de la guerra en Gaza este domingo en Madrid.<\/p>\n<p>Oscar DEL POZO \/ AFP<\/p>\n<p class=\"voc-p\" style=\"\">Tambi\u00e9n la exministra de Igualdad, eurodiputada y candidata de Podemos a la presidencia del Gobierno, Irene Montero, se dej\u00f3 ver de nuevo en las protestas. La dirigente morada acudi\u00f3 al Paseo del Prado, acompa\u00f1ada de personal de seguridad y un fot\u00f3grafo del partido, y se lleg\u00f3 a encarar a agentes de la Polic\u00eda que participaban en un dispositivo sin precedentes para garantizar la seguridad de los participantes. <\/p>\n<p class=\"voc-p\" style=\"\">Por su parte, el delegado del Gobierno en Madrid, <strong>Francisco Mart\u00edn<\/strong>, ofreci\u00f3 una declaraci\u00f3n institucional para informar de la detenci\u00f3n de dos personas y poner en valor el \u00abextraordinario\u00bb dispositivo de seguridad que ha permitido que la jornada de protestas en la capital se haya resuelto \u00absin incidentes graves\u00bb y que los manifestantes han dado un \u00abejemplo de dignidad\u00bb.<\/p>\n<p class=\"voc-p\" style=\"\">Mart\u00edn ha contextualizado lo ocurrido y ha incidido en que en Madrid \u00abse ha interrumpido una carrera f\u00edsica\u00bb para dar un mensaje de \u00absolidaridad, humanidad y empat\u00eda con el sufrimiento del pueblo palestino\u00bb. \u00abEn Madrid no se han asesinado a 65.000 personas, nos se han bombardeado hospitales (&#8230;) en Madrid no se mata a la gente de hambre. Donde todo esto est\u00e1 pasando es en Palestina\u00bb, ha dijo.<\/p>\n<p>\nFeij\u00f3o culpa a S\u00e1nchez\n<\/p>\n<p class=\"voc-p\" style=\"\">El l\u00edder de la oposici\u00f3n, Alberto N\u00fa\u00f1ez Feij\u00f3o, public\u00f3 una carta en su perfil de la red social para <strong>\u00abdefender la postura mayoritaria de una naci\u00f3n civilizada y democr\u00e1tica como es Espa\u00f1a\u00bb<\/strong>. Feij\u00f3o acus\u00f3 a S\u00e1nchez de \u00abestar orgulloso del comportamiento de unos pocos que para manifestar su apoyo a Gaza han lanzado vallas a la Polic\u00eda Nacional, sin garantizar la seguridad del personal de organizaci\u00f3n, corredores y periodistas\u00bb. Seg\u00fan el presidente del PP \u00abel Gobierno ha permitido e inducido la no finalizaci\u00f3n de La Vuelta y, de ese modo, un rid\u00edculo internacional televisado en todo el mundo\u00bb.<\/p>\n<p>\nAyuso ir\u00e1 a los tribunales\n<\/p>\n<p class=\"voc-p\" style=\"\">La presidenta de la Comunidad de Madrid, Isabel D\u00edaz Ayuso, denunci\u00f3 que las imagenes vistas en Madrid es \u00ablo que consigui\u00f3 la kale borroka alentada por Pedro S\u00e1nchez y sus ministros\u00bb. La mandataria regional considera \u00abintolerable\u00bb que el presidente del Gobierno \u00ablance fuego\u00bb con la situaci\u00f3n de La Vuelta. En su opini\u00f3n \u00abhay que protestar libremente pero no coaccionar a los ciclistas\u00bb. <\/p>\n<p class=\"voc-p\" style=\"\">La tambi\u00e9n l\u00edder del PP de Madrid se\u00f1ala a S\u00e1nchez como \u00abel responsable directo\u00bb. La Comunidad de Madrid ir\u00e1 a los tribunales, emprendiendo acciones legales para \u00abque actos violentos como los que se han producido no vuelvan a repetirse y que sus autores puedan ser castigados y todas las responsabilidades depuradas\u00bb.<\/p>\n<p class=\"voc-p\" style=\"\">El alcalde de la capital, Jos\u00e9 Luis Mart\u00ednez Almeida, tambi\u00e9n culp\u00f3 a S\u00e1nchez de lo ocurrido y lament\u00f3 que \u00abla violencia ha vencido al deporte\u00bb.<\/p>\n<p>Reportar un error<\/p>\n","protected":false},"excerpt":{"rendered":"Feij\u00f3o, Ayuso y Almeida se\u00f1alan a S\u00e1nchez como responsable de lo ocurrido en Madrid Irene Montero encar\u00e1ndose a&hellip;\n","protected":false},"author":2,"featured_media":115211,"comment_status":"","ping_status":"","sticky":false,"template":"","format":"standard","meta":{"footnotes":""},"categories":[8],"tags":[17,18,35691,5187,36738,25,24,314,13,14,582,11,19,20,205,22224,9,10,15,16,18113,5028,23,12,1885,21,22,1357],"class_list":{"0":"post-115210","1":"post","2":"type-post","3":"status-publish","4":"format-standard","5":"has-post-thumbnail","7":"category-espana","8":"tag-breaking-news","9":"tag-breakingnews","10":"tag-cancelar","11":"tag-celebran","12":"tag-disturbios","13":"tag-es","14":"tag-espana","15":"tag-etapa","16":"tag-featured-news","17":"tag-featurednews","18":"tag-gobierno","19":"tag-headlines","20":"tag-latest-news","21":"tag-latestnews","22":"tag-madrid","23":"tag-miembros","24":"tag-news","25":"tag-noticias","26":"tag-noticias-destacadas","27":"tag-noticiasdestacadas","28":"tag-obligan","29":"tag-socios","30":"tag-spain","31":"tag-titulares","32":"tag-ultima","33":"tag-ultimas-noticias","34":"tag-ultimasnoticias","35":"tag-vuelta"},"share_on_mastodon":{"url":"","error":""},"_links":{"self":[{"href":"https:\/\/www.europesays.com\/es\/wp-json\/wp\/v2\/posts\/115210","targetHints":{"allow":["GET"]}}],"collection":[{"href":"https:\/\/www.europesays.com\/es\/wp-json\/wp\/v2\/posts"}],"about":[{"href":"https:\/\/www.europesays.com\/es\/wp-json\/wp\/v2\/types\/post"}],"author":[{"embeddable":true,"href":"https:\/\/www.europesays.com\/es\/wp-json\/wp\/v2\/users\/2"}],"replies":[{"embeddable":true,"href":"https:\/\/www.europesays.com\/es\/wp-json\/wp\/v2\/comments?post=115210"}],"version-history":[{"count":0,"href":"https:\/\/www.europesays.com\/es\/wp-json\/wp\/v2\/posts\/115210\/revisions"}],"wp:featuredmedia":[{"embeddable":true,"href":"https:\/\/www.europesays.com\/es\/wp-json\/wp\/v2\/media\/115211"}],"wp:attachment":[{"href":"https:\/\/www.europesays.com\/es\/wp-json\/wp\/v2\/media?parent=115210"}],"wp:term":[{"taxonomy":"category","embeddable":true,"href":"https:\/\/www.europesays.com\/es\/wp-json\/wp\/v2\/categories?post=115210"},{"taxonomy":"post_tag","embeddable":true,"href":"https:\/\/www.europesays.com\/es\/wp-json\/wp\/v2\/tags?post=115210"}],"curies":[{"name":"wp","href":"https:\/\/api.w.org\/{rel}","templated":true}]}}