{"id":115212,"date":"2025-09-14T21:22:14","date_gmt":"2025-09-14T21:22:14","guid":{"rendered":"https:\/\/www.europesays.com\/es\/115212\/"},"modified":"2025-09-14T21:22:14","modified_gmt":"2025-09-14T21:22:14","slug":"rumania-alerta-de-que-la-intrusion-de-un-dron-ruso-plantea-un-nuevo-desafio-de-seguridad","status":"publish","type":"post","link":"https:\/\/www.europesays.com\/es\/115212\/","title":{"rendered":"Rumania alerta de que la intrusi\u00f3n de un dron ruso plantea un \u00abnuevo desaf\u00edo\u00bb de seguridad"},"content":{"rendered":"<p>    <img src=\"https:\/\/www.europesays.com\/es\/wp-content\/uploads\/2025\/09\/2025-09-14T163A233A08Z-90002394.jpg\" width=\"1024\" height=\"682\" alt=\"\" loading=\"eager\" decoding=\"sync\" fetchpriority=\"high\"\/><\/p>\n<p>            afp_tickers        <\/p>\n<p>        Este contenido fue publicado en    <\/p>\n<p>        14 septiembre 2025 &#8211; 18:23\n<\/p>\n<p>Rumania, pa\u00eds miembro de la OTAN, conden\u00f3 este domingo la intrusi\u00f3n de un dron ruso en su espacio a\u00e9reo durante un ataque en Ucrania y alert\u00f3 de que las acciones de Mosc\u00fa suponen un \u00abnuevo desaf\u00edo\u00bb para la seguridad en el mar Negro.<\/p>\n<p>La incursi\u00f3n del s\u00e1bado por la noche en Rumania se produce cuatro d\u00edas despu\u00e9s de que Polonia denunciara la entrada en su territorio de 19 aparatos rusos, que fueron derribados con ayuda de la OTAN.<\/p>\n<p>Rumania \u00abcondena firmemente las acciones irresponsables de la Federaci\u00f3n de Rusia y subraya que representan un nuevo desaf\u00edo para la seguridad y la estabilidad regional en la zona del mar Negro\u00bb, declar\u00f3 su Ministerio de Defensa en un comunicado.<\/p>\n<p>\u00abEste tipo de incidentes demuestran la falta de respeto de la Federaci\u00f3n de Rusia por el derecho internacional\u00bb, a\u00f1adi\u00f3.<\/p>\n<p>La ministra de Relaciones Exteriores rumana, Toiu Oana, inform\u00f3 en la televisi\u00f3n provada Digi 24 que el embajador ruso en Bucarest, Vladimir Lipaev, hab\u00eda sido convocado para \u00abcomunicar claramente la protesta de Rumania\u00bb por la intrusi\u00f3n del dron.<\/p>\n<p>Tanto Rumania como Polonia, que adem\u00e1s de la OTAN forman parte de la Uni\u00f3n Europea (UE), est\u00e1n en estado de alerta.\u00a0<\/p>\n<p>La jefa de la diplomacia de la UE, Kaja Kallas, critic\u00f3 a su vez como \u00abinaceptable\u00bb la incursi\u00f3n de un dron ruso en Rumania.<\/p>\n<p>\u00abLa violaci\u00f3n del espacio a\u00e9reo rumano por parte de drones rusos es otra infracci\u00f3n inaceptable de la soberan\u00eda de un Estado miembro de la UE\u00bb, escribi\u00f3 en X. \u00abEsta continua escalada imprudente amenaza la seguridad regional\u00bb, subray\u00f3.<\/p>\n<p>La intrusi\u00f3n de drones en Polonia fue la primera de este tipo desde el inicio de la invasi\u00f3n rusa de Ucrania en febrero de 2022.<\/p>\n<p>\u2013 Apoyo alem\u00e1n \u2013<\/p>\n<p>Fragmentos de drones ya se estrellaron en Rumania desde el inicio del conflicto.<\/p>\n<p>El artefacto que entr\u00f3 el s\u00e1bado no sobrevol\u00f3 \u00e1reas pobladas y no supuso una amenaza inminente a la poblaci\u00f3n, indic\u00f3 el Ministerio de Defensa rumano en un comunicado.<\/p>\n<p>El aparato sobrevol\u00f3 \u00abdurante unos 50 minutos, desde el noreste de [la poblaci\u00f3n de] Chilia Veche hasta el suroeste de Izmail, y abandon\u00f3 el espacio a\u00e9reo nacional cerca de la localidad de Pardina, en direcci\u00f3n a Ucrania\u00bb, describi\u00f3.<\/p>\n<p>\u00abLos pilotos recibieron autorizaci\u00f3n para derribar el objetivo, pero en el momento en que establecieron contacto directo, evaluaron los riesgos colaterales y decidieron no abrir fuego\u00bb, a\u00f1adi\u00f3.<\/p>\n<p>Los pilotos est\u00e1n autorizados a derribar drones que violen el espacio a\u00e9reo nacional desde la aprobaci\u00f3n en febrero de una ley en ese sentido.<\/p>\n<p>Las aeronaves rumanas recibieron ayuda de sus aliados alemanes con \u00abdos aviones Eurofighter Typhoon\u00bb que vigilaron la zona, detall\u00f3 el ministerio.<\/p>\n<p>La ministra de Relaciones Exteriores rumana, Toiu Oana, declar\u00f3 anoche en X que \u00abplantear\u00eda la cuesti\u00f3n de las acciones de Rusia en la Asamblea General de las Naciones Unidas, instando al estricto cumplimiento de las sanciones internacionales\u00bb.<\/p>\n<p>El presidente estadounidense, Donald Trump, condicion\u00f3 el s\u00e1bado nuevas sanciones a Rusia a que la OTAN deje de comprar petr\u00f3leo ruso.<\/p>\n<p>str-kym-lep\/thm\/sag\/pb<\/p>\n","protected":false},"excerpt":{"rendered":"afp_tickers Este contenido fue publicado en 14 septiembre 2025 &#8211; 18:23 Rumania, pa\u00eds miembro de la OTAN, conden\u00f3&hellip;\n","protected":false},"author":2,"featured_media":115213,"comment_status":"","ping_status":"","sticky":false,"template":"","format":"standard","meta":{"footnotes":""},"categories":[5],"tags":[635,17,18,636,83,25,24,13,14,11,86,19,20,9,10,15,16,88,23,90,12,21,22],"class_list":{"0":"post-115212","1":"post","2":"type-post","3":"status-publish","4":"format-standard","5":"has-post-thumbnail","7":"category-titulares","8":"tag-armed-conflict","9":"tag-breaking-news","10":"tag-breakingnews","11":"tag-conflict","12":"tag-diplomacy","13":"tag-es","14":"tag-espana","15":"tag-featured-news","16":"tag-featurednews","17":"tag-headlines","18":"tag-international-relations","19":"tag-latest-news","20":"tag-latestnews","21":"tag-news","22":"tag-noticias","23":"tag-noticias-destacadas","24":"tag-noticiasdestacadas","25":"tag-politics","26":"tag-spain","27":"tag-ticker","28":"tag-titulares","29":"tag-ultimas-noticias","30":"tag-ultimasnoticias"},"share_on_mastodon":{"url":"","error":""},"_links":{"self":[{"href":"https:\/\/www.europesays.com\/es\/wp-json\/wp\/v2\/posts\/115212","targetHints":{"allow":["GET"]}}],"collection":[{"href":"https:\/\/www.europesays.com\/es\/wp-json\/wp\/v2\/posts"}],"about":[{"href":"https:\/\/www.europesays.com\/es\/wp-json\/wp\/v2\/types\/post"}],"author":[{"embeddable":true,"href":"https:\/\/www.europesays.com\/es\/wp-json\/wp\/v2\/users\/2"}],"replies":[{"embeddable":true,"href":"https:\/\/www.europesays.com\/es\/wp-json\/wp\/v2\/comments?post=115212"}],"version-history":[{"count":0,"href":"https:\/\/www.europesays.com\/es\/wp-json\/wp\/v2\/posts\/115212\/revisions"}],"wp:featuredmedia":[{"embeddable":true,"href":"https:\/\/www.europesays.com\/es\/wp-json\/wp\/v2\/media\/115213"}],"wp:attachment":[{"href":"https:\/\/www.europesays.com\/es\/wp-json\/wp\/v2\/media?parent=115212"}],"wp:term":[{"taxonomy":"category","embeddable":true,"href":"https:\/\/www.europesays.com\/es\/wp-json\/wp\/v2\/categories?post=115212"},{"taxonomy":"post_tag","embeddable":true,"href":"https:\/\/www.europesays.com\/es\/wp-json\/wp\/v2\/tags?post=115212"}],"curies":[{"name":"wp","href":"https:\/\/api.w.org\/{rel}","templated":true}]}}