{"id":115214,"date":"2025-09-14T21:23:13","date_gmt":"2025-09-14T21:23:13","guid":{"rendered":"https:\/\/www.europesays.com\/es\/115214\/"},"modified":"2025-09-14T21:23:13","modified_gmt":"2025-09-14T21:23:13","slug":"el-ubu-san-pablo-burgos-arranca-la-temporada-con-una-exhibicion-ante-el-benidorm","status":"publish","type":"post","link":"https:\/\/www.europesays.com\/es\/115214\/","title":{"rendered":"El UBU San Pablo Burgos arranca la temporada con una exhibici\u00f3n ante el Benidorm"},"content":{"rendered":"<p><a class=\"v-mdl-ath__fig-a\" href=\"https:\/\/www.burgosconecta.es\/autor\/burgosconecta-2120.html\" title=\"BURGOSconecta\" rel=\"nofollow noopener\" target=\"_blank\"><br \/>\n<img decoding=\"async\" class=\"v-mdl-ath__img\" src=\"https:\/\/www.europesays.com\/es\/wp-content\/uploads\/2025\/08\/autor-2120-foto-2.jpeg\" alt=\"BURGOSconecta\"\/><br \/>\n<\/a><\/p>\n<p class=\"v-mdl-ath__p v-mdl-ath__p--6\">\nDomingo, 14 de septiembre 2025, 18:10<\/p>\n<p class=\"v-p\">El UBU San Pablo Burgos 2031 no pudo empezar mejor la temporada 2025\/2026 en la Divisi\u00f3n de Honor Plata. Los cidianos se impusieron este domingo al BM Servigroup Benidorm por un contundente 31-19 en El Plant\u00edo, en un encuentro dominado de principio a fin gracias a una defensa implacable, las intervenciones decisivas de Gerard Forns bajo palos y un reparto ofensivo que encendi\u00f3 a la afici\u00f3n desde el primer minuto.<\/p>\n<p><img decoding=\"async\" loading=\"lazy\" src=\"https:\/\/www.europesays.com\/es\/wp-content\/uploads\/2025\/09\/ubu-kHkF--44x44@Burgosconecta.jpg\" class=\"v-scr__img\" width=\"44\" height=\"44\" alt=\"UBU SAN PABLO BURGOS 2031 \"\/><\/p>\n<p class=\"v-scr__t\">UBU SAN PABLO BURGOS 2031 <\/p>\n<p class=\"v-scr__p v-scr__p--3\">JOAO FURTADO (3), NASSIM BELLAHCENE (4), JAVIER ESPINOSA (5), PABLO G\u00d3MEZ (1), TOM\u00c1S MOREIRA (1), JAIME FERN\u00c1NDEZ (5), MARCOS GARC\u00cdA (3), JAIME GONZ\u00c1LEZ (3), MIGUEL MALO (3), PEDRO MARTINS, GERARD FORNs, DANIEL SANTAMAR\u00cdA, BRIAN EST\u00c9BANEZ, ADRI\u00c1N S\u00c1NCHEZ (1), ASIER PEDROARENA (2), GONZALO ANDINO.<\/p>\n<p class=\"v-scr__n-c v-scr__n-c--1 \">\n 31\n<\/p>\n<p class=\"v-scr__n-c v-scr__n-c--2\">\n&#8211;\n<\/p>\n<p class=\"v-scr__n-c v-scr__n-c--3 \">\n 19\n<\/p>\n<p class=\"v-scr__t\">BM SERVIGROUP BENIDORM <\/p>\n<p><img decoding=\"async\" loading=\"lazy\" src=\"https:\/\/www.europesays.com\/es\/wp-content\/uploads\/2025\/09\/benidorm-kHkF--44x44@Burgosconecta.png\" class=\"v-scr__img\" width=\"44\" height=\"44\" alt=\"BM SERVIGROUP BENIDORM \"\/><\/p>\n<p class=\"v-scr__p v-scr__p--3\">PABLO VAINSTEIN (2), MARC LOPEZ LOZANO (2), POL ROY TRULLOLS (1), DANIIL ZHUKOV, LUCAS MOSCARIELLO (1), MODI ABDOULA (3), CARLOS FERN\u00c1NDEZ (1), DAVID MACH, LEONARDO ALONSO, JUAN CARLOS SEMPERE P\u00c9REZ (4), HUGO VILA L\u00d3PEZ (3), DIEGO P\u00c9REZ M\u00c9NDEZ, AGUSTIN SORIA AIDA, FELICIANO NUNES COUVEIRO (1)<\/p>\n<ul class=\"v-u\">\n<li class=\"v-u__l\">\n<p class=\"v-p\">\n\u00c1RBITROS<br \/>\n\u00d3SCAR GUTI\u00c9RREZ SOBRINO, JORGE MONJO ORTEGA Exclusiones de JOAO FURTADO (Min. 11:04), TOM\u00c1S MOREIRA (Min. 45:59), GONZALO ANDINO (Min. 58:10) por parte de UBU SAN PABLO BURGOS 2031 y de PABLO VAINSTEIN (Min. 32:53), LEONARDO ALONSO SANABRIA (Min. 13:11), FELICIANO NUNES (Min. 35:53) por parte del BM SERVIGROUP BENIDORM.\n<\/p>\n<\/li>\n<li class=\"v-u__l\">\n<p class=\"v-p\">\nPARCIALES<br \/>\n2-0 \/ 3-2 \/ 6-6 \/ 8-6 \/ 11-7 \/ 15-7 \/ 19-7 \/ 22-10 \/ 26-12 \/ 29-15 \/ 30-16 \/ 31-19 \/\n<\/p>\n<\/li>\n<li class=\"v-u__l\">\n<p class=\"v-p\">\nINCIDENCIAS<br \/>\nPartido correspondiente a la jornada 1 en el Polideportivo Municipal de El Plant\u00edo.\n<\/p>\n<\/li>\n<li class=\"v-u__l\">\n<p class=\"v-p\">\nPR\u00d3XIMO PARTIDO<br \/>\nATTICA 21 HOTELS OAR CORU\u00d1A- UBU SAN PABLO BURGOS 2031 (20\/09\/2025) (19:00)\n<\/p>\n<\/li>\n<\/ul>\n<p class=\"v-p\">El encuentro arranc\u00f3 por todo lo alto, y en solo 37 segundos de juego la afici\u00f3n burgalesa ya estaba celebrando el primer gol, de la mano del cidiano Miguel Malo. A partir de ese momento, los de Jorge Berzosa impusieron su ley en defensa, con un Gerard Forns estelar, que frustr\u00f3 varios intentos de sus rivales.<\/p>\n<p class=\"v-p\">Esto permiti\u00f3 a los de Burgos abrir una primera brecha en la moral del adversario, logrando tres goles de ventaja en los primeros 7 minutos de la primera parte. Sin embargo, el conjunto alicantino tampoco quiso quedarse atr\u00e1s, y logr\u00f3 empatar hasta en dos ocasiones.<\/p>\n<p class=\"v-p\">Jugadores como Marcos Garc\u00eda, Jaime Fern\u00e1nez y Jaime Gonz\u00e1lez lideraron entonces un parcial que volvi\u00f3 a situar los cidianos por delante, y a partir de ese momento, el dominio fue absoluto. La defensa local anul\u00f3 por completo el juego de una de las grandes apuestas del Benidorm, Modi Abdoula, que pese a sus intentos apenas pudo desplegar su juego. Las intervenciones de Forns, un robo clave de Pedro Martins y los goles al contragolpe, incluyendo uno de Javier Espinosa desde su propio campo a porter\u00eda vac\u00eda, llevaron al descanso un marcador elocuente: 15-7.<\/p>\n<p class=\"v-p\">La segunda parte permiti\u00f3 confirmar la superioridad local, y los de Burgos, liderados por nombres como Nassim Bellhcene y Javier Espinosa mantuvieron el ritmo de juego, ampliando la renta con el rival y anotando un demoledor 19-7 en los primeros cinco minutos del segundo tiempo. Cabe destacar que Espinosa lleg\u00f3 incluso a marcar hasta cuatro goles a porter\u00eda vac\u00eda, jugadas que enloquecieron a la grada.<\/p>\n<p class=\"v-p\">El Benidorm maquill\u00f3 ligeramente el resultado con varias anotaciones a su nombre en los \u00faltimos minutos, pero la diferencia de juego y efectividad fue evidente. El marcador final, 31-19, fue el reflejo del esfuerzo colectivo y el compromiso con el que el UBU San Pablo Burgos 2031 enfrenta esta nueva temporada.<\/p>\n<p class=\"v-p\">Uno de los datos m\u00e1s impactantes del partido fue el parcial de 11-0 que el conjunto local firm\u00f3 entre el minuto 20 y el 40. El marcador pas\u00f3 de un ajustado 8-7 a un demoledor 19-7, reflejando una fase de absoluta superioridad. Durante esos veinte minutos entre la primera y segunda parte, el Benidorm fue incapaz de anotar un gol, y los de Burgos aprovecharon cada error de su rival para castigar al contragolpe, y marcando definitivamente el futuro del encuentro.<\/p>\n<p class=\"v-p\">Esta victoria supone un chute de energ\u00eda para los de Berzosa, que la pr\u00f3xima semana viajar\u00e1n a tierras gallegas para enfrentarse al Attica 21 Hotels OAR Coru\u00f1a, en un nuevo partido que promete ser de alto voltaje. <\/p>\n<p>Comenta<\/p>\n<p>Reporta un error<\/p>\n","protected":false},"excerpt":{"rendered":"Domingo, 14 de septiembre 2025, 18:10 El UBU San Pablo Burgos 2031 no pudo empezar mejor la temporada&hellip;\n","protected":false},"author":2,"featured_media":115215,"comment_status":"","ping_status":"","sticky":false,"template":"","format":"standard","meta":{"footnotes":""},"categories":[278],"tags":[1575,5881,376,7092,623,168,25,24,608,375,618,2228,23,167,1152,2227],"class_list":{"0":"post-115214","1":"post","2":"type-post","3":"status-publish","4":"format-standard","5":"has-post-thumbnail","7":"category-balonmano","8":"tag-ante","9":"tag-arranca","10":"tag-balonmano","11":"tag-benidorm","12":"tag-burgos","13":"tag-deportes","14":"tag-es","15":"tag-espana","16":"tag-exhibicion","17":"tag-handball","18":"tag-pablo","19":"tag-san","20":"tag-spain","21":"tag-sports","22":"tag-temporada","23":"tag-ubu"},"share_on_mastodon":{"url":"","error":""},"_links":{"self":[{"href":"https:\/\/www.europesays.com\/es\/wp-json\/wp\/v2\/posts\/115214","targetHints":{"allow":["GET"]}}],"collection":[{"href":"https:\/\/www.europesays.com\/es\/wp-json\/wp\/v2\/posts"}],"about":[{"href":"https:\/\/www.europesays.com\/es\/wp-json\/wp\/v2\/types\/post"}],"author":[{"embeddable":true,"href":"https:\/\/www.europesays.com\/es\/wp-json\/wp\/v2\/users\/2"}],"replies":[{"embeddable":true,"href":"https:\/\/www.europesays.com\/es\/wp-json\/wp\/v2\/comments?post=115214"}],"version-history":[{"count":0,"href":"https:\/\/www.europesays.com\/es\/wp-json\/wp\/v2\/posts\/115214\/revisions"}],"wp:featuredmedia":[{"embeddable":true,"href":"https:\/\/www.europesays.com\/es\/wp-json\/wp\/v2\/media\/115215"}],"wp:attachment":[{"href":"https:\/\/www.europesays.com\/es\/wp-json\/wp\/v2\/media?parent=115214"}],"wp:term":[{"taxonomy":"category","embeddable":true,"href":"https:\/\/www.europesays.com\/es\/wp-json\/wp\/v2\/categories?post=115214"},{"taxonomy":"post_tag","embeddable":true,"href":"https:\/\/www.europesays.com\/es\/wp-json\/wp\/v2\/tags?post=115214"}],"curies":[{"name":"wp","href":"https:\/\/api.w.org\/{rel}","templated":true}]}}