{"id":115218,"date":"2025-09-14T21:26:09","date_gmt":"2025-09-14T21:26:09","guid":{"rendered":"https:\/\/www.europesays.com\/es\/115218\/"},"modified":"2025-09-14T21:26:09","modified_gmt":"2025-09-14T21:26:09","slug":"hachazo-de-jon-rahm-en-wentworth-antes-de-la-ryder-cup","status":"publish","type":"post","link":"https:\/\/www.europesays.com\/es\/115218\/","title":{"rendered":"Hachazo de Jon Rahm en Wentworth antes de la Ryder Cup"},"content":{"rendered":"<p data-gtm-element-container=\"modulo-texto-link\" class=\"paragraph\">De menos a m\u00e1s con el paso de los d\u00edas (71-69-69-66),<strong> Jon Rahm<\/strong> ha firmado su mejor recorrido de la semana en la \u00faltima jornada del <strong>BMW PGA Championship <\/strong>(66) para compartir la 13\u00aa plaza en la clasificaci\u00f3n final, a seis golpes del campe\u00f3n, el sueco <strong>Alex Noren<\/strong>, que consigui\u00f3 su segundo t\u00edtulo en <strong>Wentworth<\/strong> (2017, 2025) al superar al franc\u00e9s <strong>Adrien Saddier<\/strong> en el primer hoyo del playoff tras terminar ambos con 269 golpes totales (-19). Ambos acabaron con tres golpes de renta sobre el estadounidense <strong>Patrick Reed<\/strong> (66) y el ingl\u00e9s<strong> Aaron Rai<\/strong> (66).<\/p>\n<p data-gtm-element-container=\"modulo-texto-link\" class=\"paragraph\">El hachazo del golfista vasco fue interesante, con siete birdies y un solo bogey para una vuelta de -6, pero lleg\u00f3 demasiado tarde para meterse en la pelea por la victoria final. De hecho, los ocho golpes de desventaja con los que empez\u00f3 la \u00faltima jornada, en la 31\u00aa posici\u00f3n, ya eran una losa demasiado pesada como para pensar en la remontada porque Rahm ten\u00eda demasiados rivales por delante que tambi\u00e9n ten\u00edan que fallar m\u00e1s all\u00e1 de que \u00e9l hiciese una vuelta de ensue\u00f1o.<\/p>\n<p data-gtm-element-container=\"modulo-texto-link\" class=\"paragraph\">Noren y Saddier empezaron el domingo como col\u00edderes, los dos calcaron resultado el \u00faltimo d\u00eda (68) y, por tanto, se fueron al playoff para dilucidar al vencedor. El sueco, de 43 a\u00f1os, hizo birdie en el primer hoyo del desempate y gan\u00f3 as\u00ed su segundo t\u00edtulo de la temporada en el <strong>DP World Tour<\/strong>, 12\u00ba en total, despu\u00e9s del <strong>Masters Brit\u00e1nico <\/strong>del mes pasado.\u00a0<\/p>\n<p>                <img loading=\"lazy\" decoding=\"async\" data-full-src=\"https:\/\/www.mundodeportivo.com\/uploads\/2025\/09\/14\/68c6e9c2022b1.jpeg\" alt=\"Horizontal\" width=\"449\" height=\"279\" src=\"https:\/\/www.europesays.com\/es\/wp-content\/uploads\/2025\/09\/68c6e9c2022b1.jpeg\" class=\"lazy\"\/><\/p>\n<p class=\"caption-title \">El golfista sueco Alex Noren posa con el trofeo de campe\u00f3n del BMW PGA Championship<\/p>\n<p>                    Warren Little \/ Getty<\/p>\n<p data-gtm-element-container=\"modulo-texto-link\" class=\"paragraph\">Noren estar\u00e1 presente en la inminente\u00a0<strong>Ryder Cup<\/strong>, del 26 al 28 de septiembre en <strong>Bethpage<\/strong>, pero no como jugador sino como vicecapit\u00e1n del equipo europeo asistiendo al capit\u00e1n, el ingl\u00e9s <strong>Luke Donald<\/strong>.\u00a0<\/p>\n<p data-gtm-element-container=\"modulo-texto-link\" class=\"paragraph\">El <strong>BMW PGA Championship <\/strong>era un ensayo para el duelo bienal contra <strong>Estados Unidos<\/strong>, ya que de los 12 elegidos solamente ha faltado a la cita el austr\u00edaco <strong>Sepp Straka<\/strong>, uno de los seis invitados por Donald junto a\u00a0Jon Rahm, Viktor Hovland, Ludvig Aberg, Shane Lowry y Matt Fitzpatrick. Rory McIlroy, Robert McIntyre, Justin Rose, Tommy Fleetwood, Tyrrell Hatton y Rasmus Hojgaard se ganaron su plaza directamente.<\/p>\n<p>    Lee tambi\u00e9n<\/p>\n<p data-gtm-element-container=\"modulo-texto-link\" class=\"paragraph\">Entre los seleccionados para la Ryder Cup, <strong>Hatton<\/strong>, <strong>Hovland <\/strong>y <strong>Fitzpatrick<\/strong>, los tres compartiendo la 5\u00aa plaza, con totales de -15, a cuatro golpes del campe\u00f3n, han sido los mejores clasificados esta semana en Wentworth.<\/p>\n<p data-gtm-element-container=\"modulo-texto-link\" class=\"paragraph\">Rahm (-13), McIlroy (-12), Aberg (-12), Lowry (-8), Fleetwood (-8) y Rose (-6) tambi\u00e9n llegaron al domingo, pero Fitzpatrick y Hojgaard no pasaron el corte.<\/p>\n","protected":false},"excerpt":{"rendered":"De menos a m\u00e1s con el paso de los d\u00edas (71-69-69-66), Jon Rahm ha firmado su mejor recorrido&hellip;\n","protected":false},"author":2,"featured_media":115219,"comment_status":"","ping_status":"","sticky":false,"template":"","format":"standard","meta":{"footnotes":""},"categories":[275],"tags":[168,25,24,329,23,167],"class_list":{"0":"post-115218","1":"post","2":"type-post","3":"status-publish","4":"format-standard","5":"has-post-thumbnail","7":"category-golf","8":"tag-deportes","9":"tag-es","10":"tag-espana","11":"tag-golf","12":"tag-spain","13":"tag-sports"},"share_on_mastodon":{"url":"","error":""},"_links":{"self":[{"href":"https:\/\/www.europesays.com\/es\/wp-json\/wp\/v2\/posts\/115218","targetHints":{"allow":["GET"]}}],"collection":[{"href":"https:\/\/www.europesays.com\/es\/wp-json\/wp\/v2\/posts"}],"about":[{"href":"https:\/\/www.europesays.com\/es\/wp-json\/wp\/v2\/types\/post"}],"author":[{"embeddable":true,"href":"https:\/\/www.europesays.com\/es\/wp-json\/wp\/v2\/users\/2"}],"replies":[{"embeddable":true,"href":"https:\/\/www.europesays.com\/es\/wp-json\/wp\/v2\/comments?post=115218"}],"version-history":[{"count":0,"href":"https:\/\/www.europesays.com\/es\/wp-json\/wp\/v2\/posts\/115218\/revisions"}],"wp:featuredmedia":[{"embeddable":true,"href":"https:\/\/www.europesays.com\/es\/wp-json\/wp\/v2\/media\/115219"}],"wp:attachment":[{"href":"https:\/\/www.europesays.com\/es\/wp-json\/wp\/v2\/media?parent=115218"}],"wp:term":[{"taxonomy":"category","embeddable":true,"href":"https:\/\/www.europesays.com\/es\/wp-json\/wp\/v2\/categories?post=115218"},{"taxonomy":"post_tag","embeddable":true,"href":"https:\/\/www.europesays.com\/es\/wp-json\/wp\/v2\/tags?post=115218"}],"curies":[{"name":"wp","href":"https:\/\/api.w.org\/{rel}","templated":true}]}}