{"id":115222,"date":"2025-09-14T21:28:10","date_gmt":"2025-09-14T21:28:10","guid":{"rendered":"https:\/\/www.europesays.com\/es\/115222\/"},"modified":"2025-09-14T21:28:10","modified_gmt":"2025-09-14T21:28:10","slug":"metrominuto-mapa-rutas-pie-bicicleta","status":"publish","type":"post","link":"https:\/\/www.europesays.com\/es\/115222\/","title":{"rendered":"Metrominuto mapa rutas pie bicicleta"},"content":{"rendered":"<p>\n        Vitoria-Gasteiz refuerza su<strong> compromiso con la movilidad sostenible<\/strong> con la publicaci\u00f3n del <strong>primer \u2018MetroMinuto\u2019 ciclista<\/strong> de la ciudad. La iniciativa, impulsada por el Centro de Estudios Ambientales (CEA) en el marco de la Semana Europea de la Movilidad \u2014que se celebra<strong> del 16 al 22 de septiembre <\/strong>bajo el lema \u201cMovilidad para todas y todos\u201d\u2014, incluye tambi\u00e9n una<strong> actualizaci\u00f3n del conocido \u2018MetroMinuto\u2019 en su versi\u00f3n peatonal.<\/strong>\n<\/p>\n<p>        El \u2018MetroMinuto\u2019 es un mapa sin\u00f3ptico que indica el tiempo aproximado que se tarda en recorrer a pie o en bicicleta diferentes trayectos urbanos<\/p>\n<p class=\"article-body__text \">\n        El \u2018MetroMinuto\u2019 es un mapa sin\u00f3ptico que <strong>indica el tiempo aproximado que se tarda en recorrer a pie o en bicicleta diferentes trayectos <\/strong>urbanos. En su versi\u00f3n <strong>peatonal<\/strong>, calcula las distancias en funci\u00f3n de una <strong>velocidad media de 5 km\/h<\/strong>, mientras que en <strong>bicicleta <\/strong>toma como referencia los <strong>15 km\/h.<\/strong>\n<\/p>\n<p class=\"article-photo__footer\">\n            Metrominuto de desplazamientos peatonales en Vitoria-Gasteiz                    <\/p>\n<p class=\"article-photo__footer\">\n            Metrominuto de desplazamientos en bici en Vitoria-Gasteiz                    <\/p>\n<p>        \u201cEstos mapas ayudan a romper los mapas mentales que nos hacen pensar que moverse a pie o en bici requiere demasiado tiempo\u201d<\/p>\n<p class=\"article-quote__author\">Borja Rodr\u00edguez &#8211; Concejal de Medio Ambiente<\/p>\n<p class=\"article-body__text \">\n        <strong>\u201cEstos mapas ayudan a romper los mapas mentales<\/strong> que nos hacen pensar que moverse a pie o en bici requiere demasiado tiempo\u201d, ha se\u00f1alado el concejal de Medio Ambiente, Borja Rodr\u00edguez.\n<\/p>\n<p class=\"article-body__text \">\n        \u201cEs una <strong>herramienta eficaz para fomentar h\u00e1bitos de movilidad sostenible<\/strong>, como caminar o pedalear, que adem\u00e1s de saludables, son 100% sostenibles\u201d, ha subrayado.\n<\/p>\n<p class=\"article-body__text \">\n        Vitoria-Gasteiz, miembro de la Red de Ciudades que Caminan, contin\u00faa as\u00ed su<strong> apuesta por priorizar al peat\u00f3n y por hacer del espacio p\u00fablico un entorno m\u00e1s accesible y saludable<\/strong>. En lo que respecta a la movilidad ciclista, la capital alavesa cuenta con cerca de <strong>180 kil\u00f3metros de carriles bici, <\/strong>consolidando una de las redes m\u00e1s extensas del Estado.\n<\/p>\n<p class=\"article-body__text \">\n        Tanto el \u2018MetroMinuto\u2019 peatonal como el nuevo ciclista est\u00e1n disponibles desde hoy en la web municipal: <a href=\"https:\/\/blogs.vitoria-gasteiz.org\/medios\/2025\/09\/13\/el-centro-de-estudios-ambientales-lanza-el-primer-metrominuto-ciclista-de-vitoria-gasteiz\/\" title=\"www.vitoria-gasteiz.org.\" rel=\"nofollow noopener\" class=\"link copy\" target=\"_blank\"><strong>www.vitoria-gasteiz.org.<\/strong><\/a><\/p>\n","protected":false},"excerpt":{"rendered":"Vitoria-Gasteiz refuerza su compromiso con la movilidad sostenible con la publicaci\u00f3n del primer \u2018MetroMinuto\u2019 ciclista de la ciudad.&hellip;\n","protected":false},"author":2,"featured_media":115223,"comment_status":"","ping_status":"","sticky":false,"template":"","format":"standard","meta":{"footnotes":""},"categories":[273],"tags":[313,312,168,25,24,38758,38757,23,167],"class_list":{"0":"post-115222","1":"post","2":"type-post","3":"status-publish","4":"format-standard","5":"has-post-thumbnail","7":"category-ciclismo","8":"tag-ciclismo","9":"tag-cycling","10":"tag-deportes","11":"tag-es","12":"tag-espana","13":"tag-mapa-rutas-a-puie-o-en-bici-vitoria-gasteiz","14":"tag-metrominuto","15":"tag-spain","16":"tag-sports"},"share_on_mastodon":{"url":"","error":""},"_links":{"self":[{"href":"https:\/\/www.europesays.com\/es\/wp-json\/wp\/v2\/posts\/115222","targetHints":{"allow":["GET"]}}],"collection":[{"href":"https:\/\/www.europesays.com\/es\/wp-json\/wp\/v2\/posts"}],"about":[{"href":"https:\/\/www.europesays.com\/es\/wp-json\/wp\/v2\/types\/post"}],"author":[{"embeddable":true,"href":"https:\/\/www.europesays.com\/es\/wp-json\/wp\/v2\/users\/2"}],"replies":[{"embeddable":true,"href":"https:\/\/www.europesays.com\/es\/wp-json\/wp\/v2\/comments?post=115222"}],"version-history":[{"count":0,"href":"https:\/\/www.europesays.com\/es\/wp-json\/wp\/v2\/posts\/115222\/revisions"}],"wp:featuredmedia":[{"embeddable":true,"href":"https:\/\/www.europesays.com\/es\/wp-json\/wp\/v2\/media\/115223"}],"wp:attachment":[{"href":"https:\/\/www.europesays.com\/es\/wp-json\/wp\/v2\/media?parent=115222"}],"wp:term":[{"taxonomy":"category","embeddable":true,"href":"https:\/\/www.europesays.com\/es\/wp-json\/wp\/v2\/categories?post=115222"},{"taxonomy":"post_tag","embeddable":true,"href":"https:\/\/www.europesays.com\/es\/wp-json\/wp\/v2\/tags?post=115222"}],"curies":[{"name":"wp","href":"https:\/\/api.w.org\/{rel}","templated":true}]}}