{"id":115316,"date":"2025-09-14T22:27:08","date_gmt":"2025-09-14T22:27:08","guid":{"rendered":"https:\/\/www.europesays.com\/es\/115316\/"},"modified":"2025-09-14T22:27:08","modified_gmt":"2025-09-14T22:27:08","slug":"el-gran-dia-de-las-ondas-gravitacionales-una-decada-escuchando-senales-invisibles-del-universo","status":"publish","type":"post","link":"https:\/\/www.europesays.com\/es\/115316\/","title":{"rendered":"El gran d\u00eda de las ondas gravitacionales: una d\u00e9cada escuchando se\u00f1ales invisibles del universo"},"content":{"rendered":"<p>        Por <a href=\"https:\/\/theconversation.com\/profiles\/alicia-sintes-2449281\" target=\"_blank\" rel=\"noopener nofollow\">Alicia Sintes<\/a>, Catedr\u00e1tica de f\u00edsica te\u00f3rica e investigadora principal, <a href=\"https:\/\/theconversation.com\/institutions\/universitat-de-les-illes-balears-4160\" target=\"_blank\" rel=\"noopener nofollow\">Universitat de les Illes Balears<\/a><\/p>\n<p>El 14 de septiembre de 2015 amaneci\u00f3 como un lunes cualquiera, pero termin\u00f3 cambiando para siempre nuestra manera de observar el universo.<\/p>\n<p>Esa ma\u00f1ana, los dos detectores <a href=\"https:\/\/www.ligo.caltech.edu\/\" target=\"_blank\" rel=\"noopener nofollow\">LIGO (Laser Interferometer Gravitational-Wave Observatory)<\/a>, en Estados Unidos, registraron por primera vez una se\u00f1al inequ\u00edvoca de <a href=\"https:\/\/theconversation.com\/ondas-gravitacionales-el-canto-silencioso-de-los-agujeros-negros-172587\" target=\"_blank\" rel=\"noopener nofollow\">ondas gravitacionales<\/a>, provocada por la colisi\u00f3n de dos agujeros negros. La se\u00f1al, brev\u00edsima y n\u00edtida, fue tan sorprendente como esperada. Tras d\u00e9cadas de b\u00fasqueda, un eco de apenas dos d\u00e9cimas de segundo bast\u00f3 para abrir una nueva era en la astronom\u00eda.<\/p>\n<p><a href=\"https:\/\/grg.uib.es\/index_es.php#:%7E:text=El%20Grupo%20de%20Relatividad%20y,principales%20detectores%20de%20ondas%20gravitacionales.\" target=\"_blank\" rel=\"noopener nofollow\">El Grupo de F\u00edsica Gravitacional<\/a> (GRAVITY) de la Universidad de las Islas Baleares particip\u00f3 en este hist\u00f3rico \u00e9xito para la astrof\u00edsica, del que se cumple una d\u00e9cada. El hallazgo nos sorprendi\u00f3 a todos: esperado, s\u00ed, pero tambi\u00e9n ins\u00f3lito en su contundencia.<\/p>\n<p>La predicci\u00f3n de Einstein<\/p>\n<p>Las semanas que siguieron fueron de intensa emoci\u00f3n y trabajo fren\u00e9tico para quienes participamos en su an\u00e1lisis, conscientes de estar viviendo un momento hist\u00f3rico. M\u00e1s all\u00e1 de confirmar <a href=\"https:\/\/theconversation.com\/de-einstein-a-lisa-la-revolucion-de-las-ondas-gravitacionales-224031\" target=\"_blank\" rel=\"noopener nofollow\">una predicci\u00f3n clave de la teor\u00eda de la relatividad general de Albert Einstein<\/a>, la detecci\u00f3n abri\u00f3 una ventana in\u00e9dita al cosmos: la astronom\u00eda de ondas gravitacionales, que nos permite escuchar fen\u00f3menos invisibles para los telescopios tradicionales. <a href=\"https:\/\/theconversation.com\/las-predicciones-de-einstein-confirmadas-y-las-que-seguimos-explorando-178922\" target=\"_blank\" rel=\"noopener nofollow\">Einstein nunca supo si estas ondas podr\u00edan detectarse alg\u00fan d\u00eda<\/a>, pero su existencia qued\u00f3 confirmada cien a\u00f1os despu\u00e9s de su predicci\u00f3n.<\/p>\n<p>Este avance fue comparable a hitos como la demostraci\u00f3n de la <a href=\"https:\/\/theconversation.com\/y-sin-embargo-el-universo-se-mueve-de-forma-extrana-226277\" target=\"_blank\" rel=\"noopener nofollow\">expansi\u00f3n del universo mediante la astronom\u00eda \u00f3ptica<\/a> o el <a href=\"https:\/\/theconversation.com\/hagase-la-primera-luz-del-universo-la-explicacion-cientifica-del-fondo-cosmico-de-microondas-257489\" target=\"_blank\" rel=\"noopener nofollow\">descubrimiento del fondo c\u00f3smico de microondas<\/a> gracias a la radioastronom\u00eda. En cada caso, una nueva \u201cventana\u201d nos ha permitido descubrir aspectos insospechados del cosmos.<\/p>\n<p>\u00bfQu\u00e9 son las ondas gravitacionales?<\/p>\n<p>Las ondas gravitacionales son diminutas ondulaciones en el tejido del espacio-tiempo, generadas por materia acelerada. Nacen en algunos de los escenarios m\u00e1s extremos del cosmos: fusiones de agujeros negros, colisiones de estrellas de neutrones o explosiones de supernovas. <a href=\"https:\/\/theconversation.com\/a-que-nos-referimos-cuando-hablamos-del-murmullo-del-big-bang-y-por-que-es-tan-importante-208773\" target=\"_blank\" rel=\"noopener nofollow\">Incluso el propio Big Bang<\/a> pudo dejar su eco en forma de estas ondas.<\/p>\n<p>A diferencia de la luz, que puede ser absorbida o bloqueada por el polvo y el gas interestelar, las ondas gravitacionales atraviesan el universo pr\u00e1cticamente sin alterarse. Son mensajeros directos de los fen\u00f3menos que las originan.<\/p>\n<p>Pero captarlas es extraordinariamente dif\u00edcil. Las distorsiones que producen son tan peque\u00f1as que modifican las distancias en menos de una fracci\u00f3n del tama\u00f1o de un prot\u00f3n, incluso despu\u00e9s de viajar durante miles de millones de a\u00f1os.<\/p>\n<p>Para detectarlas se necesitan instrumentos de una precisi\u00f3n sin precedentes: <a href=\"https:\/\/www.ift.uam-csic.es\/es\/news\/la-colaboraci%C3%B3n-ligo-virgo-kagra-lvk-detecta-una-se%C3%B1al-notable-de-ondas-gravitacionales\" target=\"_blank\" rel=\"noopener nofollow\">interfer\u00f3metros l\u00e1ser como LIGO y Virgo<\/a>, capaces de medir variaciones diminutas en la distancia entre espejos separados por varios kil\u00f3metros.<\/p>\n<p>El primer hito: GW150914<\/p>\n<p>Como dec\u00edamos, la primera se\u00f1al, <a href=\"https:\/\/dcc.ligo.org\/ligo-p150914\/public\" target=\"_blank\" rel=\"noopener nofollow\">bautizada como GW150914<\/a>, se detect\u00f3 el 14 de septiembre de 2015. Su origen fue la fusi\u00f3n de dos agujeros negros de unas 30 masas solares cada uno, situados a 1\u00a0300 millones de a\u00f1os luz de la Tierra. En apenas una fracci\u00f3n de segundo liberaron tanta energ\u00eda como la que resultar\u00eda de convertir tres soles en radiaci\u00f3n gravitacional. La se\u00f1al dur\u00f3 0,2 segundos, pero bast\u00f3 para revolucionar la f\u00edsica.<\/p>\n<p>Tras meses de an\u00e1lisis y verificaci\u00f3n rigurosa \u2014en los que participamos desde la Universidad de las Islas Baleares\u2014, el descubrimiento fue anunciado el 11 de febrero de 2016 y ocup\u00f3 portadas en todo el mundo. Fue celebrado como el nacimiento de una nueva disciplina cient\u00edfica: la astronom\u00eda de ondas gravitacionales.<\/p>\n<p>Razones para un premio Nobel<\/p>\n<p>En 2017, el Premio Nobel de F\u00edsica reconoci\u00f3 este logro hist\u00f3rico, <a href=\"https:\/\/www.nobelprize.org\/prizes\/physics\/2017\/summary\/\" target=\"_blank\" rel=\"noopener nofollow\">concedi\u00e9ndolo a Rainer Weiss, Kip Thorne y Barry Barish<\/a>. <a href=\"https:\/\/www.agenciasinc.es\/Noticias\/Muere-Rainer-Weiss-premio-Nobel-de-Fisica-por-la-deteccion-de-ondas-gravitacionales\" target=\"_blank\" rel=\"noopener nofollow\">Weiss, fallecido el pasado mes de agosto<\/a>, fue una figura clave: ide\u00f3 el concepto del interfer\u00f3metro l\u00e1ser que har\u00eda posible la detecci\u00f3n y dedic\u00f3 su vida a convencer a la comunidad cient\u00edfica y a las agencias financiadoras de la importancia de apostar por esta b\u00fasqueda. Su visi\u00f3n y perseverancia fueron decisivas para que el sue\u00f1o de Einstein se hiciera realidad un siglo despu\u00e9s.<\/p>\n<p>El Nobel honr\u00f3 tanto a estos pioneros como al esfuerzo colectivo de centenares de investigadores que durante d\u00e9cadas trabajaron para hacerlo posible. Gracias a ellos, hoy contamos con una herramienta poderosa para explorar el cosmos. El legado de Weiss trasciende los premios: su impulso ha inspirado a nuevas generaciones a interesarse por la f\u00edsica, la astronom\u00eda y la tecnolog\u00eda. Que su fallecimiento coincida con el d\u00e9cimo aniversario de la primera detecci\u00f3n y con la publicaci\u00f3n de nuevos resultados otorga a este momento un simbolismo especial.<\/p>\n<p>Una nueva astronom\u00eda<\/p>\n<p>En menos de una d\u00e9cada hemos pasado de celebrar una primera detecci\u00f3n a registrar centenares de se\u00f1ales. La colaboraci\u00f3n internacional <a href=\"https:\/\/cw.docs.ligo.org\/public\/\" target=\"_blank\" rel=\"noopener nofollow\">LIGO-Virgo-KAGRA<\/a> ha observado sobre todo fusiones de agujeros negros, pero tambi\u00e9n colisiones de estrellas de neutrones.<\/p>\n<p>El caso m\u00e1s c\u00e9lebre es <a href=\"https:\/\/arxiv.org\/abs\/1710.05832\" target=\"_blank\" rel=\"noopener nofollow\">GW170817, detectado en 2017<\/a>: por primera vez, un mismo fen\u00f3meno fue observado simult\u00e1neamente en ondas gravitacionales, luz, rayos gamma y otras se\u00f1ales. Fue de nuevo un momento hist\u00f3rico: el nacimiento de la astronom\u00eda multimensajero, que nos permite mirar y escuchar el cosmos al mismo tiempo, combinando distintas ventanas para comprender un mismo suceso desde perspectivas complementarias.<\/p>\n<p>Cada detecci\u00f3n nos ha acercado un poco m\u00e1s a preguntas fundamentales. Hemos puesto a prueba la relatividad general en los l\u00edmites m\u00e1s extremos, explorado c\u00f3mo nacen y evolucionan los agujeros negros, y hasta nos hemos topado con sorpresas, como los <a href=\"https:\/\/theconversation.com\/hallan-un-agujero-negro-inusual-en-nuestra-galaxia-y-se-han-encontrado-muy-pocos-como-el-en-el-universo-234731\" target=\"_blank\" rel=\"noopener nofollow\">agujeros negros de masas intermedias<\/a>, que desafiaron lo que cre\u00edamos saber sobre la evoluci\u00f3n estelar.<\/p>\n<p>Al mismo tiempo, el campo ha crecido de forma extraordinaria: hoy son miles los investigadores y estudiantes de todo el mundo que trabajan en este \u00e1mbito, atra\u00eddos por la emoci\u00f3n de participar en una ciencia joven que est\u00e1 redefiniendo nuestra manera de explorar el universo.<\/p>\n<p>Este crecimiento ha tra\u00eddo consigo un florecimiento de nuevas ideas. Se han desarrollado t\u00e9cnicas de an\u00e1lisis cada vez m\u00e1s sofisticadas \u2014muchas de ellas basadas en inteligencia artificial\u2014, y la colaboraci\u00f3n internacional se ha convertido en un ejemplo del poder de la ciencia global. No solo hemos abierto una nueva ventana al cosmos: tambi\u00e9n hemos impulsado innovaciones tecnol\u00f3gicas y m\u00e9todos de trabajo que trascienden la propia investigaci\u00f3n fundamental, con beneficios inesperados para la sociedad.<\/p>\n<p>El horizonte es a\u00fan m\u00e1s apasionante<\/p>\n<p>Los detectores terrestres \u2014LIGO, Virgo y KAGRA\u2014 siguen perfeccionando su sensibilidad, lo que permitir\u00e1 captar se\u00f1ales m\u00e1s d\u00e9biles y lejanas. En paralelo, se preparan proyectos de nueva generaci\u00f3n como <a href=\"https:\/\/www.et-gw.eu\/\" target=\"_blank\" rel=\"noopener nofollow\">Einstein Telescope<\/a> y <a href=\"https:\/\/cosmicexplorer.org\/\" target=\"_blank\" rel=\"noopener nofollow\">Cosmic Explorer<\/a>, junto con la misi\u00f3n espacial <a href=\"https:\/\/theconversation.com\/de-einstein-a-lisa-la-revolucion-de-las-ondas-gravitacionales-224031\" rel=\"nofollow noopener\" target=\"_blank\">LISA (Laser Interferometer Space Antenna)<\/a>. Con ellos podremos estudiar agujeros negros supermasivos, explorar los primeros instantes del universo e incluso descubrir fen\u00f3menos todav\u00eda desconocidos que podr\u00edan transformar la f\u00edsica fundamental.<\/p>\n<p>Nuestro grupo en la Universidad de las Islas Baleares seguir\u00e1 plenamente implicado en esta aventura. Lo hacemos con la experiencia acumulada de varias d\u00e9cadas, pero tambi\u00e9n con la ilusi\u00f3n y las nuevas ideas que aportan los j\u00f3venes investigadores que se incorporan cada a\u00f1o. Participar en este esfuerzo colectivo global es un privilegio y una fuente constante de emoci\u00f3n: sabemos que lo mejor a\u00fan est\u00e1 por llegar.<\/p>\n<p>Una d\u00e9cada despu\u00e9s de aquel descubrimiento que cambi\u00f3 la astronom\u00eda, las ondas gravitacionales siguen record\u00e1ndonos que el universo tiene mucho que contar. Y hemos aprendido a escucharlo.<\/p>\n<p>\u00a0<\/p>\n<p><a href=\"https:\/\/theconversation.com\/profiles\/alicia-sintes-2449281\" target=\"_blank\" rel=\"noopener nofollow\">Alicia Sintes<\/a> es Catedr\u00e1tica de f\u00edsica te\u00f3rica e investigadora principal en la <a href=\"https:\/\/theconversation.com\/institutions\/universitat-de-les-illes-balears-4160\" target=\"_blank\" rel=\"noopener nofollow\">Universitat de les Illes Balears.<\/a><\/p>\n<p>Este art\u00edculo fue publicado originalmente en <a href=\"https:\/\/theconversation.com\" target=\"_blank\" rel=\"noopener nofollow\">The Conversation<\/a>. Lea el <a href=\"https:\/\/theconversation.com\/el-gran-dia-de-las-ondas-gravitacionales-una-decada-escuchando-senales-invisibles-del-universo-262641\" target=\"_blank\" rel=\"noopener nofollow\">original<\/a>.<\/p>\n","protected":false},"excerpt":{"rendered":"Por Alicia Sintes, Catedr\u00e1tica de f\u00edsica te\u00f3rica e investigadora principal, Universitat de les Illes Balears El 14 de&hellip;\n","protected":false},"author":2,"featured_media":115317,"comment_status":"","ping_status":"","sticky":false,"template":"","format":"standard","meta":{"footnotes":""},"categories":[81],"tags":[119,123,124,25,24,338,117,121,122,23,118,120],"class_list":{"0":"post-115316","1":"post","2":"type-post","3":"status-publish","4":"format-standard","5":"has-post-thumbnail","7":"category-ciencia-y-tecnologia","8":"tag-ciencia","9":"tag-ciencia-y-tecnologia","10":"tag-cienciaytecnologia","11":"tag-es","12":"tag-espana","13":"tag-portada","14":"tag-science","15":"tag-science-and-technology","16":"tag-scienceandtechnology","17":"tag-spain","18":"tag-technology","19":"tag-tecnologia"},"share_on_mastodon":{"url":"","error":""},"_links":{"self":[{"href":"https:\/\/www.europesays.com\/es\/wp-json\/wp\/v2\/posts\/115316","targetHints":{"allow":["GET"]}}],"collection":[{"href":"https:\/\/www.europesays.com\/es\/wp-json\/wp\/v2\/posts"}],"about":[{"href":"https:\/\/www.europesays.com\/es\/wp-json\/wp\/v2\/types\/post"}],"author":[{"embeddable":true,"href":"https:\/\/www.europesays.com\/es\/wp-json\/wp\/v2\/users\/2"}],"replies":[{"embeddable":true,"href":"https:\/\/www.europesays.com\/es\/wp-json\/wp\/v2\/comments?post=115316"}],"version-history":[{"count":0,"href":"https:\/\/www.europesays.com\/es\/wp-json\/wp\/v2\/posts\/115316\/revisions"}],"wp:featuredmedia":[{"embeddable":true,"href":"https:\/\/www.europesays.com\/es\/wp-json\/wp\/v2\/media\/115317"}],"wp:attachment":[{"href":"https:\/\/www.europesays.com\/es\/wp-json\/wp\/v2\/media?parent=115316"}],"wp:term":[{"taxonomy":"category","embeddable":true,"href":"https:\/\/www.europesays.com\/es\/wp-json\/wp\/v2\/categories?post=115316"},{"taxonomy":"post_tag","embeddable":true,"href":"https:\/\/www.europesays.com\/es\/wp-json\/wp\/v2\/tags?post=115316"}],"curies":[{"name":"wp","href":"https:\/\/api.w.org\/{rel}","templated":true}]}}