{"id":115324,"date":"2025-09-14T22:32:11","date_gmt":"2025-09-14T22:32:11","guid":{"rendered":"https:\/\/www.europesays.com\/es\/115324\/"},"modified":"2025-09-14T22:32:11","modified_gmt":"2025-09-14T22:32:11","slug":"anaitasuna-arranca-con-victoria-su-nuevo-proyecto-con-nacho-moyano","status":"publish","type":"post","link":"https:\/\/www.europesays.com\/es\/115324\/","title":{"rendered":"Anaitasuna arranca con victoria su nuevo proyecto con Nacho Moyano"},"content":{"rendered":"<p>\n<strong>Anaitasuna<\/strong> ha arrancado su nueva etapa en la <strong>Divisi\u00f3n de Honor Plata<\/strong> masculina con victoria. Dos importantes puntos en el primer encuentro oficial tras su descenso de la <strong>Liga Asobal <\/strong>y en el estreno del renovado conjunto que dirige <strong>Nacho Moyano<\/strong>. Un debut que, m\u00e1s all\u00e1 de la importancia de sumar los dos puntos en un encuentro que ha dominado y en el que no ha pasado excesivos apuros ante un reci\u00e9n ascendido como el <strong>Contazara Zaragoza<\/strong> (32-28), ha permitido vislumbrar lo que le espera al conjunto navarro esta temporada en la categor\u00eda de plata: trabajo intenso, exigencia f\u00edsica y pelea y brega.\u00a0<\/p>\n<p>El choque entre los dos nuevos equipos de la categor\u00eda comenzaba igualado, con dos defensas intensas y ataques r\u00e1pidos y directos frente a los que comenzaron a destacar <strong>Ander Mart\u00edn<\/strong> y Jorge G\u00f3mez bajo palos. Este primer duelo se convirti\u00f3 en un toma y daca con ritmo trepidante, llevando<strong> Iker Elola <\/strong>las riendas del conjunto de Nacho Moyano, con <strong>Ibai Etxarte <\/strong>muy acertado, mientras que en el equipo aragon\u00e9s Plaza, Vall y Del Valle mov\u00edan r\u00e1pido el bal\u00f3n para encontrar los resquicios en la 6-0 navarra. No obstante, el buen trabajo de la retaguardia y las paradas de Ander -8 en el primer cuarto de hora- permitieron recuperar balones para tomar una primera ventaja de <strong>8-5 mediada la primera mitad<\/strong>.<\/p>\n<p>Una renta que, tras un precioso tanto en un lanzamiento de abajo-arriba de <strong>Elustondo<\/strong> y un 7 metros transformado por<strong> Redondo<\/strong>, se iba hasta un 13-8 con el Zaragoza pagando sus imprecisiones con un tanto en 9 minutos. Un nuevo tanto del extremo desde los 7 metros y una parada final de Ander -a punto de lograr anotar de porter\u00eda a porter\u00eda- llev\u00f3 el duelo <strong>al descanso con un 14-9 <\/strong>y el Contazara en inferioridad.<\/p>\n<p>La efectividad defensiva, bien cerrada en el centro por <strong>Kisselev<\/strong> y <strong>Malivojevic<\/strong>,  sigui\u00f3 dando frutos a los de Moyano en el arranque de la segunda mitad ante un Zaragoza que lo intentaba pero no acababa de recortar (18-13,m.38).<\/p>\n<p>No obstante, y para evitar que el rival pudiera crecerse e inquietar a los verdiblancos, Moyano no dud\u00f3 en parar el partido cuando los de Ortega firmaron un 1-3 tras dos tantos consecutivos del extremo Camas (<strong>20-16,m.42<\/strong>). Y es que el equipo estaba perdiendo el empuje y buen juego de minutos anteriores.\u00a0<\/p>\n<p>Anaita -con Alin tomando el relevo a Ander en porter\u00eda y Kisselev, Elustondo y Etxarte , volvi\u00f3 a poner seis goles de renta (<strong>23-17, m.44<\/strong>). Pero el conjunto visitante segu\u00eda apretando, encontrando m\u00e1s huecos en la muralla navarra y aprovechando el acierto de su meta Alejandro Sanz, lo que imped\u00eda que Anaita pudiera tomarse la m\u00e1s m\u00ednima relajaci\u00f3n (25-21, m.53) a pesar de dominar el juego. <strong>Dos goles consecutivos de Elola<\/strong> pon\u00edan el 28-22 justo antes de iniciar los \u00faltimos 5 minutos de encuentro.<\/p>\n<p>El Zaragoza abri\u00f3 entonces su defensa tratando de presionar y provocar los errores ofensivos navarros mientras el marcador volv\u00eda a ajustarse tras las acciones de <strong>Plaza<\/strong> y <strong>Wagner<\/strong>. Moyano volvi\u00f3 a convocar a los suyos para replantear una situaci\u00f3n final que no le estaba gustando (29-25, m.58). Pero el trabajo, aunque con altibajos, ya estaba hecho y el triunfo se quedaba en Pamplona. El primero de la temporada. <strong>Anaita ya sabe qu\u00e9 es pisar el barro<\/strong>. Y, por el momento, no se le ha dado mal.\u00a0<\/p>\n<p><strong>ANAITASUNA- CONTAZARA ZARAGOZA, 32-28<\/strong><\/p>\n<p>Anaitasuna (14+18) : Ander Mart\u00edn (10 paradas), Kisselev (2), Ortiz (2), Elizondo (1), Malivojevic, Etxarte (7) y Redondo (7,4p) -inicial-; Alin (6 paradas, 2p), Glar\u00eda, Elola (5), Teo, Itoiz (1), Beraza (1), Elustondo (3), Pablo y Silva (3).<br \/><strong>Contazara Zaragoza<\/strong> (9+19): Jorge G\u00f3mez (2 paradas), Mart\u00ednez (1), Camas (8), Plaza 6), Della Rata (2), Monz\u00f3n y Del Valle (1) -inicial-; Alejandro Sanz (5 paradas), Wagner (2), Val (2), Andr\u00e9s (1), Hern\u00e1ndez, Arnillas, Lanero (1), Iribar (3) y Acosta.<br \/><strong>\u00c1rbitras: <\/strong>Marta Fern\u00e1ndez Lafuente y Maialen Calder\u00f3n Du\u00f1abeitia (Pa\u00eds Vasco). Excluyeron por parte local a Elizondo, Malivojevic (2), Elustondo y Teo (2); y por los visitantes, a Monz\u00f3n, Iribas, Arnillas y Camas.<br \/><strong>Parciales: <\/strong>2-2, 6-5, 8-5, 10-7, 11-8 y 14-9;  17-11, 19-13, 23-17, 24-18, 26-22 y 32-28.<br \/><strong>Incidencias: <\/strong>encuentro de la primera jornada de la Divisi\u00f3n de Honor Plata masculina celebrado en el pabell\u00f3n Anaitasuna de Pamplona. 835 espectadores. Antes del inicio se record\u00f3 a Ver\u00f3nica,  hija de Mariano Ortega fallecida el pasado marzo a los 19 a\u00f1os.<\/p>\n","protected":false},"excerpt":{"rendered":"Anaitasuna ha arrancado su nueva etapa en la Divisi\u00f3n de Honor Plata masculina con victoria. Dos importantes puntos&hellip;\n","protected":false},"author":2,"featured_media":115325,"comment_status":"","ping_status":"","sticky":false,"template":"","format":"standard","meta":{"footnotes":""},"categories":[278],"tags":[2617,5881,376,168,25,24,375,524,5568,23,167,1261],"class_list":{"0":"post-115324","1":"post","2":"type-post","3":"status-publish","4":"format-standard","5":"has-post-thumbnail","7":"category-balonmano","8":"tag-anaitasuna","9":"tag-arranca","10":"tag-balonmano","11":"tag-deportes","12":"tag-es","13":"tag-espana","14":"tag-handball","15":"tag-nuevo","16":"tag-proyecto","17":"tag-spain","18":"tag-sports","19":"tag-victoria"},"share_on_mastodon":{"url":"","error":""},"_links":{"self":[{"href":"https:\/\/www.europesays.com\/es\/wp-json\/wp\/v2\/posts\/115324","targetHints":{"allow":["GET"]}}],"collection":[{"href":"https:\/\/www.europesays.com\/es\/wp-json\/wp\/v2\/posts"}],"about":[{"href":"https:\/\/www.europesays.com\/es\/wp-json\/wp\/v2\/types\/post"}],"author":[{"embeddable":true,"href":"https:\/\/www.europesays.com\/es\/wp-json\/wp\/v2\/users\/2"}],"replies":[{"embeddable":true,"href":"https:\/\/www.europesays.com\/es\/wp-json\/wp\/v2\/comments?post=115324"}],"version-history":[{"count":0,"href":"https:\/\/www.europesays.com\/es\/wp-json\/wp\/v2\/posts\/115324\/revisions"}],"wp:featuredmedia":[{"embeddable":true,"href":"https:\/\/www.europesays.com\/es\/wp-json\/wp\/v2\/media\/115325"}],"wp:attachment":[{"href":"https:\/\/www.europesays.com\/es\/wp-json\/wp\/v2\/media?parent=115324"}],"wp:term":[{"taxonomy":"category","embeddable":true,"href":"https:\/\/www.europesays.com\/es\/wp-json\/wp\/v2\/categories?post=115324"},{"taxonomy":"post_tag","embeddable":true,"href":"https:\/\/www.europesays.com\/es\/wp-json\/wp\/v2\/tags?post=115324"}],"curies":[{"name":"wp","href":"https:\/\/api.w.org\/{rel}","templated":true}]}}