{"id":115327,"date":"2025-09-14T22:36:08","date_gmt":"2025-09-14T22:36:08","guid":{"rendered":"https:\/\/www.europesays.com\/es\/115327\/"},"modified":"2025-09-14T22:36:08","modified_gmt":"2025-09-14T22:36:08","slug":"con-argentina-clasificada-todos-los-paises-que-se-metieron-en-el-final-8-de-la-copa-davis-2025","status":"publish","type":"post","link":"https:\/\/www.europesays.com\/es\/115327\/","title":{"rendered":"Con Argentina clasificada, todos los pa\u00edses que se metieron en el Final 8 de la Copa Davis 2025"},"content":{"rendered":"<p>14  de  sep, 2025, 13:23 ET<\/p>\n<p><strong>La Copa Davis 2025 ya conoce a los protagonistas que tendr\u00e1 en el Final 8<\/strong>, donde las mejores selecciones del certamen luchar\u00e1n por conseguir la ensaladera de plata. En las \u00faltimas horas, se terminaron de definir las series que determinaron a los ocho pa\u00edses que se enfrentar\u00e1n en Bolonia, Italia.<\/p>\n<p><a href=\"https:\/\/espndeportes.espn.com\/tenis\/nota\/_\/id\/15668755\/copa-davis-zeballos-y-molteni-confirmaron-el-pasaje-de-argentina-al-final-8-de-bolonia-paises-bajos-cerundolo-etcheverry\" rel=\"nofollow noopener\" target=\"_blank\">Y uno de los clasificados a esta instancia fue <strong>Argentina<\/strong>, que super\u00f3 de visitante por 3-1 a Pa\u00edses Bajos.<\/a> De la mano de Francisco Cer\u00fandolo, Tom\u00e1s Etcheverry, Francisco Comesa\u00f1a, Horacio Zeballos y Andr\u00e9s Molteni, los capitaneados por Javier Frana obtuvieron otro triunfazo de visitante y se posicionaron como uno de los candidatos al t\u00edtulo.<\/p>\n<p>Selecciones Editoriales<\/p>\n<p>2 Relacionado<\/p>\n<p>Los pa\u00edses clasificados al Final 8\u00bfCu\u00e1ndo se juega el Final 8 de la Copa Davis 2025?<\/p>\n<p>Dentro del Final 8 de la Copa Davis 2025, <strong>la competici\u00f3n volver\u00e1 desde el 18 hasta el 23 de noviembre en Bolonia, Italia. El sorteo de los cruces se llevar\u00e1 a cabo el pr\u00f3ximo mi\u00e9rcoles.<\/strong><\/p>\n<p>Italia, bicampe\u00f3n y anfitri\u00f3n, tiene carta de invitaci\u00f3n para comenzar su recorrido desde los cuartos de final. Cabe recordar que, en la \u00faltima edici\u00f3n, la Azzurri elimin\u00f3 a Argentina por 2-1 en esta instancia. Desde que se cambi\u00f3 el formato, el equipo albiceleste no pudo superar la ronda de los ocho mejores.<\/p>\n<p>En 2019, con sede en la Caja M\u00e1gica, cay\u00f3 ante Espa\u00f1a por 2-1 y el ya mencionado antecedente del 2024 ante Jannik Sinner y compa\u00f1\u00eda. Ahora, el \u00fanico combinado sudamericano buscar\u00e1 romper dicha barrera.<\/p>\n","protected":false},"excerpt":{"rendered":"14 de sep, 2025, 13:23 ET La Copa Davis 2025 ya conoce a los protagonistas que tendr\u00e1 en&hellip;\n","protected":false},"author":2,"featured_media":115328,"comment_status":"","ping_status":"","sticky":false,"template":"","format":"standard","meta":{"footnotes":""},"categories":[274],"tags":[168,25,24,23,167,327,326],"class_list":{"0":"post-115327","1":"post","2":"type-post","3":"status-publish","4":"format-standard","5":"has-post-thumbnail","7":"category-tenis","8":"tag-deportes","9":"tag-es","10":"tag-espana","11":"tag-spain","12":"tag-sports","13":"tag-tenis","14":"tag-tennis"},"share_on_mastodon":{"url":"","error":""},"_links":{"self":[{"href":"https:\/\/www.europesays.com\/es\/wp-json\/wp\/v2\/posts\/115327","targetHints":{"allow":["GET"]}}],"collection":[{"href":"https:\/\/www.europesays.com\/es\/wp-json\/wp\/v2\/posts"}],"about":[{"href":"https:\/\/www.europesays.com\/es\/wp-json\/wp\/v2\/types\/post"}],"author":[{"embeddable":true,"href":"https:\/\/www.europesays.com\/es\/wp-json\/wp\/v2\/users\/2"}],"replies":[{"embeddable":true,"href":"https:\/\/www.europesays.com\/es\/wp-json\/wp\/v2\/comments?post=115327"}],"version-history":[{"count":0,"href":"https:\/\/www.europesays.com\/es\/wp-json\/wp\/v2\/posts\/115327\/revisions"}],"wp:featuredmedia":[{"embeddable":true,"href":"https:\/\/www.europesays.com\/es\/wp-json\/wp\/v2\/media\/115328"}],"wp:attachment":[{"href":"https:\/\/www.europesays.com\/es\/wp-json\/wp\/v2\/media?parent=115327"}],"wp:term":[{"taxonomy":"category","embeddable":true,"href":"https:\/\/www.europesays.com\/es\/wp-json\/wp\/v2\/categories?post=115327"},{"taxonomy":"post_tag","embeddable":true,"href":"https:\/\/www.europesays.com\/es\/wp-json\/wp\/v2\/tags?post=115327"}],"curies":[{"name":"wp","href":"https:\/\/api.w.org\/{rel}","templated":true}]}}